{"id":874,"date":"2026-09-04T10:10:39","date_gmt":"2026-09-04T08:10:39","guid":{"rendered":"https:\/\/midsa.es\/?p=874"},"modified":"2026-09-04T10:10:40","modified_gmt":"2026-09-04T08:10:40","slug":"examen-dentaire-pour-enfants-a-valence-rentree-scolaire","status":"publish","type":"post","link":"https:\/\/midsa.es\/fr\/revision-dental-infantil-valencia-vuelta-al-cole\/","title":{"rendered":"Examen dentaire pour enfants \u00e0 Valence en vue de la rentr\u00e9e scolaire"},"content":{"rendered":"<p class=\"wp-block-paragraph\">Septembre signifie le retour \u00e0 la routine. Nouveaux cartables, livres, fournitures scolaires, emplois du temps et activit\u00e9s extrascolaires font \u00e0 nouveau partie du quotidien des enfants.<\/p>\n\n\n\n<p class=\"wp-block-paragraph\">Mais il y a un point qui est souvent n\u00e9glig\u00e9\u00a0: <strong>la sant\u00e9 bucco-dentaire des plus jeunes enfants<\/strong>.<\/p>\n\n\n\n<p class=\"wp-block-paragraph\">La rentr\u00e9e scolaire est le moment id\u00e9al pour faire un <strong>examen dentaire pour enfants<\/strong> et v\u00e9rifiez que vos dents, vos gencives et votre occlusion sont en bon \u00e9tat avant de commencer un nouveau traitement.<\/p>\n\n\n\n<h2 class=\"wp-block-heading\">Pourquoi faire un bilan dentaire avant de retourner \u00e0 l&#039;\u00e9cole ?<\/h2>\n\n\n\n<p class=\"wp-block-paragraph\">Pendant les f\u00eates, nos habitudes changent. Il est fr\u00e9quent que les enfants mangent plus souvent au restaurant, consomment davantage de glaces, de boissons gazeuses ou d&#039;aliments sucr\u00e9s, et que le brossage des dents soit moins r\u00e9gulier.<\/p>\n\n\n\n<p class=\"wp-block-paragraph\">De plus, certains probl\u00e8mes dentaires peuvent progresser sans provoquer de douleur.<\/p>\n\n\n\n<p class=\"wp-block-paragraph\">Un bilan de sant\u00e9 permet de d\u00e9tecter pr\u00e9cocement d&#039;\u00e9ventuels probl\u00e8mes tels que\u00a0:<\/p>\n\n\n\n<ul class=\"wp-block-list\">\n<li>La carie dentaire, m\u00eame \u00e0 ses premiers stades.<\/li>\n\n\n\n<li>Modifications de l&#039;\u00e9ruption des dents permanentes.<\/li>\n\n\n\n<li>Probl\u00e8mes de morsure.<\/li>\n\n\n\n<li>Encombrement dentaire.<\/li>\n\n\n\n<li>Modifications de la croissance des m\u00e2choires.<\/li>\n\n\n\n<li>Inflammation ou probl\u00e8mes de gencives.<\/li>\n\n\n\n<li>Usure ou traumatisme dentaire.<\/li>\n\n\n\n<li>Habitudes orales pouvant affecter le d\u00e9veloppement de la bouche.<\/li>\n<\/ul>\n\n\n\n<p class=\"wp-block-paragraph\">Les d\u00e9tecter le plus t\u00f4t possible nous permet d&#039;\u00e9valuer si un traitement est n\u00e9cessaire ou s&#039;il suffit d&#039;\u00e9tablir un suivi.<\/p>\n\n\n\n<h2 class=\"wp-block-heading\">\u00c0 quelle fr\u00e9quence un enfant doit-il aller chez le dentiste\u00a0?<\/h2>\n\n\n\n<p class=\"wp-block-paragraph\">Il n&#039;existe pas de fr\u00e9quence unique valable pour tous les enfants, car elle d\u00e9pend de leur \u00e2ge, de leur risque de caries, de leur d\u00e9veloppement dentaire et de leurs ant\u00e9c\u00e9dents.<\/p>\n\n\n\n<p class=\"wp-block-paragraph\">En g\u00e9n\u00e9ral, les examens r\u00e9guliers permettent de surveiller le d\u00e9veloppement des dents et de d\u00e9tecter les petits changements avant qu&#039;ils ne deviennent des probl\u00e8mes majeurs.<\/p>\n\n\n\n<p class=\"wp-block-paragraph\">Dans l&#039;enfance, <strong>La pr\u00e9vention est particuli\u00e8rement importante<\/strong> parce que la bouche est en d\u00e9veloppement constant.<\/p>\n\n\n\n<h2 class=\"wp-block-heading\">Un examen dentaire chez un enfant ne se limite pas \u00e0 la recherche de caries.<\/h2>\n\n\n\n<p class=\"wp-block-paragraph\">Lorsqu&#039;on parle d&#039;un examen dentaire pour enfants, il ne faut pas se concentrer uniquement sur la recherche de caries.<\/p>\n\n\n\n<p class=\"wp-block-paragraph\">Il est \u00e9galement important d&#039;observer comment les dents poussent et comment les m\u00e2choires sont positionn\u00e9es.<\/p>\n\n\n\n<p class=\"wp-block-paragraph\">Le dentiste peut \u00e9valuer des aspects tels que\u00a0:<\/p>\n\n\n\n<h3 class=\"wp-block-heading\">\ud83e\uddb7 \u00c9ruption dentaire<\/h3>\n\n\n\n<p class=\"wp-block-paragraph\">V\u00e9rifiez que les dents apparaissent au bon moment et au bon endroit.<\/p>\n\n\n\n<h3 class=\"wp-block-heading\">\ud83d\ude2c Morsure<\/h3>\n\n\n\n<p class=\"wp-block-paragraph\">Une occlusion crois\u00e9e, une surocclusion, une b\u00e9ance ou certaines autres malocclusions peuvent \u00eatre plus faciles \u00e0 traiter lorsqu&#039;elles sont d\u00e9tect\u00e9es pendant la croissance.<\/p>\n\n\n\n<h3 class=\"wp-block-heading\">\ud83d\udc67\ud83e\uddd2 Espace pour les dents permanentes<\/h3>\n\n\n\n<p class=\"wp-block-paragraph\">Certains enfants peuvent souffrir d&#039;un manque d&#039;espace ou d&#039;un surpeuplement qu&#039;il convient de ma\u00eetriser avant que la situation ne s&#039;aggrave.<\/p>\n\n\n\n<h3 class=\"wp-block-heading\">\ud83d\udc44 Habitudes orales<\/h3>\n\n\n\n<p class=\"wp-block-paragraph\">Des habitudes telles que la succion du pouce, l&#039;utilisation prolong\u00e9e d&#039;une t\u00e9tine ou certains sch\u00e9mas de d\u00e9glutition peuvent influencer le d\u00e9veloppement de la bouche.<\/p>\n\n\n\n<h3 class=\"wp-block-heading\">\ud83e\udea5 Hygi\u00e8ne et risque de caries<\/h3>\n\n\n\n<p class=\"wp-block-paragraph\">C&#039;est \u00e9galement le bon moment pour revoir la technique de brossage des dents de l&#039;enfant, son alimentation et ses habitudes d&#039;hygi\u00e8ne.<\/p>\n\n\n\n<h2 class=\"wp-block-heading\">Et si mon enfant ne souffre pas ?<\/h2>\n\n\n\n<p class=\"wp-block-paragraph\">C&#039;est pr\u00e9cis\u00e9ment pourquoi les avis sont importants.<\/p>\n\n\n\n<p class=\"wp-block-paragraph\"><strong>Le fait qu&#039;un enfant ne souffre pas ne signifie pas n\u00e9cessairement que tout va bien.<\/strong><\/p>\n\n\n\n<p class=\"wp-block-paragraph\">Les caries d\u00e9butantes, certains probl\u00e8mes d&#039;occlusion ou certaines alt\u00e9rations de l&#039;\u00e9ruption dentaire peuvent ne pas causer d&#039;inconfort.<\/p>\n\n\n\n<p class=\"wp-block-paragraph\">Un bilan de sant\u00e9 permet de d\u00e9tecter ces probl\u00e8mes lorsqu&#039;ils sont encore mineurs et, dans de nombreux cas, facilite des traitements plus simples.<\/p>\n\n\n\n<h2 class=\"wp-block-heading\">La rentr\u00e9e scolaire est aussi le bon moment pour faire v\u00e9rifier son appareil dentaire.<\/h2>\n\n\n\n<p class=\"wp-block-paragraph\">Le mois de septembre peut \u00eatre particuli\u00e8rement propice pour \u00e9valuer si un enfant a besoin d&#039;un <strong>premier bilan orthodontique<\/strong>.<\/p>\n\n\n\n<p class=\"wp-block-paragraph\">Tous les enfants n&#039;ont pas besoin d&#039;un traitement orthodontique, mais il est important d&#039;identifier les cas o\u00f9 il y a une alt\u00e9ration du d\u00e9veloppement de l&#039;occlusion ou un manque d&#039;espace.<\/p>\n\n\n\n<p class=\"wp-block-paragraph\">En fonction de l&#039;\u00e2ge et du d\u00e9veloppement dentaire, l&#039;orthodontiste peut recommander\u00a0:<\/p>\n\n\n\n<ul class=\"wp-block-list\">\n<li>Ne rien faire et continuer d&#039;observer.<\/li>\n\n\n\n<li>Effectuer des examens p\u00e9riodiques.<\/li>\n\n\n\n<li>Intervenir \u00e0 un stade pr\u00e9cis de la croissance.<\/li>\n\n\n\n<li>Commencez un traitement orthodontique au moment opportun.<\/li>\n<\/ul>\n\n\n\n<p class=\"wp-block-paragraph\">Dans certains cas, <strong>Attendre que toutes les dents permanentes aient pouss\u00e9 n&#039;est peut-\u00eatre pas la meilleure option.<\/strong>.<\/p>\n\n\n\n<p class=\"wp-block-paragraph\">Par cons\u00e9quent, une \u00e9valuation pr\u00e9coce nous permet de savoir comment la bouche \u00e9volue et de d\u00e9cider du moment le plus opportun pour intervenir.<\/p>\n\n\n\n<h2 class=\"wp-block-heading\">Que pouvons-nous faire \u00e0 la maison apr\u00e8s la consultation ?<\/h2>\n\n\n\n<p class=\"wp-block-paragraph\">La pr\u00e9vention se poursuit \u00e0 la maison.<\/p>\n\n\n\n<p class=\"wp-block-paragraph\">Pour maintenir une bonne sant\u00e9 bucco-dentaire pendant l&#039;ann\u00e9e scolaire, il est recommand\u00e9 de\u00a0:<\/p>\n\n\n\n<p class=\"wp-block-paragraph\"><strong>\ud83e\udea5 Brossez-vous les dents au moins deux fois par jour<\/strong>, utiliser un dentifrice fluor\u00e9 adapt\u00e9 \u00e0 l&#039;\u00e2ge.<\/p>\n\n\n\n<p class=\"wp-block-paragraph\"><strong>\ud83c\udf4e Privil\u00e9giez une alimentation \u00e9quilibr\u00e9e<\/strong>, limiter la consommation fr\u00e9quente de sucres et de boissons sucr\u00e9es.<\/p>\n\n\n\n<p class=\"wp-block-paragraph\"><strong>\ud83d\udca7 Buvez de l&#039;eau r\u00e9guli\u00e8rement<\/strong>, surtout pendant la journ\u00e9e scolaire.<\/p>\n\n\n\n<p class=\"wp-block-paragraph\"><strong>\ud83c\udf92 Pr\u00e9parez une trousse dentaire pour l&#039;\u00e9cole<\/strong> lorsque cela est n\u00e9cessaire et possible, notamment pour les enfants qui prennent r\u00e9guli\u00e8rement leurs repas au centre.<\/p>\n\n\n\n<p class=\"wp-block-paragraph\"><strong>\ud83d\udc68\u200d\ud83d\udc69\u200d\ud83d\udc67 Superviser le brossage<\/strong>, surtout chez les tr\u00e8s jeunes enfants.<\/p>\n\n\n\n<p class=\"wp-block-paragraph\"><strong>\ud83d\udcc5 Effectuez des bilans de sant\u00e9 r\u00e9guliers<\/strong>, m\u00eame s&#039;il ne semble y avoir aucun probl\u00e8me.<\/p>\n\n\n\n<h2 class=\"wp-block-heading\">Septembre : le moment de prendre soin de votre sourire \u00e0 nouveau<\/h2>\n\n\n\n<p class=\"wp-block-paragraph\">Le retour \u00e0 l&#039;\u00e9cole signifie le retour aux routines et peut \u00eatre une bonne occasion d&#039;int\u00e9grer \u00e9galement les <strong>examen dentaire pour enfants<\/strong> \u00e0 l&#039;agenda familial.<\/p>\n\n\n\n<p class=\"wp-block-paragraph\">Une visite effectu\u00e9e en temps opportun permet de d\u00e9tecter les caries, de surveiller l&#039;\u00e9ruption des dents, d&#039;\u00e9valuer l&#039;occlusion et de s&#039;assurer que le d\u00e9veloppement buccal se d\u00e9roule correctement.<\/p>\n\n\n\n<p class=\"wp-block-paragraph\">Car prendre soin du sourire des enfants ne se limite pas \u00e0 traiter les probl\u00e8mes lorsqu&#039;ils apparaissent. <strong>La pr\u00e9vention et le suivi pendant la croissance sont essentiels.<\/strong><\/p>\n\n\n\n<h3 class=\"wp-block-heading\">Votre enfant a-t-il d\u00e9j\u00e0 pr\u00e9par\u00e9 son sac \u00e0 dos pour la rentr\u00e9e scolaire ?<\/h3>\n\n\n\n<p class=\"wp-block-paragraph\">Ajoutez \u00e9galement un bilan dentaire \u00e0 la liste.<\/p>\n\n\n\n<p class=\"wp-block-paragraph\">Dans <strong>Cabinet dentaire MIDSA, \u00e0 Valence<\/strong>, Nous accordons une grande importance \u00e0 la sant\u00e9 bucco-dentaire des plus jeunes enfants dans une perspective pr\u00e9ventive, en prenant en compte non seulement les dents, mais aussi l&#039;occlusion et le d\u00e9veloppement de la bouche.<\/p>\n\n\n\n<p class=\"wp-block-paragraph\"><strong>Prenez rendez-vous pour votre bilan dentaire et commencez la nouvelle ann\u00e9e scolaire avec un sourire \u00e9clatant.<\/strong><\/p>","protected":false},"excerpt":{"rendered":"<p>Septiembre es sin\u00f3nimo de vuelta a la rutina. Mochilas nuevas, libros, material escolar, horarios y actividades extraescolares vuelven a formar parte del d\u00eda a d\u00eda [&hellip;]<\/p>\n","protected":false},"author":2,"featured_media":875,"comment_status":"open","ping_status":"open","sticky":false,"template":"","format":"standard","meta":{"_acf_changed":false,"footnotes":""},"categories":[6],"tags":[],"class_list":["post-874","post","type-post","status-publish","format-standard","has-post-thumbnail","hentry","category-odontopediatria"],"acf":[],"yoast_head":"<!-- This site is optimized with the Yoast SEO plugin v28.4 - https:\/\/yoast.com\/product\/yoast-seo-wordpress\/ -->\n<title>Revisi\u00f3n dental infantil en Valencia para la vuelta al cole &#8212; MIDSA<\/title>\n<meta name=\"description\" content=\"Vuelta al cole con una sonrisa sana. Descubre por qu\u00e9 una revisi\u00f3n dental infantil ayuda a prevenir caries y detectar problemas de mordida en los ni\u00f1os.\" \/>\n<meta name=\"robots\" content=\"index, follow, max-snippet:-1, max-image-preview:large, max-video-preview:-1\" \/>\n<link rel=\"canonical\" href=\"https:\/\/midsa.es\/fr\/examen-dentaire-pour-enfants-a-valence-rentree-scolaire\/\" \/>\n<meta property=\"og:locale\" content=\"fr_FR\" \/>\n<meta property=\"og:type\" content=\"article\" \/>\n<meta property=\"og:title\" content=\"Revisi\u00f3n dental infantil en Valencia para la vuelta al cole &#8212; MIDSA\" \/>\n<meta property=\"og:description\" content=\"Vuelta al cole con una sonrisa sana. Descubre por qu\u00e9 una revisi\u00f3n dental infantil ayuda a prevenir caries y detectar problemas de mordida en los ni\u00f1os.\" \/>\n<meta property=\"og:url\" content=\"https:\/\/midsa.es\/fr\/examen-dentaire-pour-enfants-a-valence-rentree-scolaire\/\" \/>\n<meta property=\"og:site_name\" content=\"MIDSA\" \/>\n<meta property=\"article:publisher\" content=\"https:\/\/www.facebook.com\/midsaodontologiavalencia\" \/>\n<meta property=\"article:published_time\" content=\"2026-09-04T08:10:39+00:00\" \/>\n<meta property=\"article:modified_time\" content=\"2026-09-04T08:10:40+00:00\" \/>\n<meta property=\"og:image\" content=\"https:\/\/midsa.es\/wp-content\/uploads\/2026\/09\/revision-dental-infantil-valencia-vuelta-al-cole-e1788509366139.png\" \/>\n\t<meta property=\"og:image:width\" content=\"1717\" \/>\n\t<meta property=\"og:image:height\" content=\"790\" \/>\n\t<meta property=\"og:image:type\" content=\"image\/png\" \/>\n<meta name=\"author\" content=\"domingo\" \/>\n<meta name=\"twitter:card\" content=\"summary_large_image\" \/>\n<meta name=\"twitter:label1\" content=\"\u00c9crit par\" \/>\n\t<meta name=\"twitter:data1\" content=\"domingo\" \/>\n\t<meta name=\"twitter:label2\" content=\"Dur\u00e9e de lecture estim\u00e9e\" \/>\n\t<meta name=\"twitter:data2\" content=\"5 minutes\" \/>\n<script type=\"application\/ld+json\" class=\"yoast-schema-graph\">{\"@context\":\"https:\\\/\\\/schema.org\",\"@graph\":[{\"@type\":\"Article\",\"@id\":\"https:\\\/\\\/midsa.es\\\/revision-dental-infantil-valencia-vuelta-al-cole\\\/#article\",\"isPartOf\":{\"@id\":\"https:\\\/\\\/midsa.es\\\/revision-dental-infantil-valencia-vuelta-al-cole\\\/\"},\"author\":{\"name\":\"domingo\",\"@id\":\"https:\\\/\\\/midsa.es\\\/#\\\/schema\\\/person\\\/454f99411c4fed9a8b674e30820988c2\"},\"headline\":\"Revisi\u00f3n dental infantil en Valencia para la vuelta al cole\",\"datePublished\":\"2026-09-04T08:10:39+00:00\",\"dateModified\":\"2026-09-04T08:10:40+00:00\",\"mainEntityOfPage\":{\"@id\":\"https:\\\/\\\/midsa.es\\\/revision-dental-infantil-valencia-vuelta-al-cole\\\/\"},\"wordCount\":1000,\"commentCount\":0,\"publisher\":{\"@id\":\"https:\\\/\\\/midsa.es\\\/#organization\"},\"image\":{\"@id\":\"https:\\\/\\\/midsa.es\\\/revision-dental-infantil-valencia-vuelta-al-cole\\\/#primaryimage\"},\"thumbnailUrl\":\"https:\\\/\\\/midsa.es\\\/wp-content\\\/uploads\\\/2026\\\/09\\\/revision-dental-infantil-valencia-vuelta-al-cole-e1788509366139.png\",\"articleSection\":[\"ODONTOPEDIATRIA\"],\"inLanguage\":\"fr-FR\",\"potentialAction\":[{\"@type\":\"CommentAction\",\"name\":\"Comment\",\"target\":[\"https:\\\/\\\/midsa.es\\\/revision-dental-infantil-valencia-vuelta-al-cole\\\/#respond\"]}]},{\"@type\":\"WebPage\",\"@id\":\"https:\\\/\\\/midsa.es\\\/revision-dental-infantil-valencia-vuelta-al-cole\\\/\",\"url\":\"https:\\\/\\\/midsa.es\\\/revision-dental-infantil-valencia-vuelta-al-cole\\\/\",\"name\":\"Revisi\u00f3n dental infantil en Valencia para la vuelta al cole &#8212; MIDSA\",\"isPartOf\":{\"@id\":\"https:\\\/\\\/midsa.es\\\/#website\"},\"primaryImageOfPage\":{\"@id\":\"https:\\\/\\\/midsa.es\\\/revision-dental-infantil-valencia-vuelta-al-cole\\\/#primaryimage\"},\"image\":{\"@id\":\"https:\\\/\\\/midsa.es\\\/revision-dental-infantil-valencia-vuelta-al-cole\\\/#primaryimage\"},\"thumbnailUrl\":\"https:\\\/\\\/midsa.es\\\/wp-content\\\/uploads\\\/2026\\\/09\\\/revision-dental-infantil-valencia-vuelta-al-cole-e1788509366139.png\",\"datePublished\":\"2026-09-04T08:10:39+00:00\",\"dateModified\":\"2026-09-04T08:10:40+00:00\",\"description\":\"Vuelta al cole con una sonrisa sana. Descubre por qu\u00e9 una revisi\u00f3n dental infantil ayuda a prevenir caries y detectar problemas de mordida en los ni\u00f1os.\",\"breadcrumb\":{\"@id\":\"https:\\\/\\\/midsa.es\\\/revision-dental-infantil-valencia-vuelta-al-cole\\\/#breadcrumb\"},\"inLanguage\":\"fr-FR\",\"potentialAction\":[{\"@type\":\"ReadAction\",\"target\":[\"https:\\\/\\\/midsa.es\\\/revision-dental-infantil-valencia-vuelta-al-cole\\\/\"]}]},{\"@type\":\"ImageObject\",\"inLanguage\":\"fr-FR\",\"@id\":\"https:\\\/\\\/midsa.es\\\/revision-dental-infantil-valencia-vuelta-al-cole\\\/#primaryimage\",\"url\":\"https:\\\/\\\/midsa.es\\\/wp-content\\\/uploads\\\/2026\\\/09\\\/revision-dental-infantil-valencia-vuelta-al-cole-e1788509366139.png\",\"contentUrl\":\"https:\\\/\\\/midsa.es\\\/wp-content\\\/uploads\\\/2026\\\/09\\\/revision-dental-infantil-valencia-vuelta-al-cole-e1788509366139.png\",\"width\":1717,\"height\":790,\"caption\":\"Revisi\u00f3n dental infantil en Valencia para la vuelta al cole\"},{\"@type\":\"BreadcrumbList\",\"@id\":\"https:\\\/\\\/midsa.es\\\/revision-dental-infantil-valencia-vuelta-al-cole\\\/#breadcrumb\",\"itemListElement\":[{\"@type\":\"ListItem\",\"position\":1,\"name\":\"Portada\",\"item\":\"https:\\\/\\\/midsa.es\\\/\"},{\"@type\":\"ListItem\",\"position\":2,\"name\":\"Revisi\u00f3n dental infantil en Valencia para la vuelta al cole\"}]},{\"@type\":\"WebSite\",\"@id\":\"https:\\\/\\\/midsa.es\\\/#website\",\"url\":\"https:\\\/\\\/midsa.es\\\/\",\"name\":\"Midsa Odontolog\u00eda & Co\",\"description\":\"Somos MIDSA, Cl&iacute;nica Dental en Valencia. Odontolog&iacute;a avanzada con trato cercano en el coraz&oacute;n de Valencia.\",\"publisher\":{\"@id\":\"https:\\\/\\\/midsa.es\\\/#organization\"},\"alternateName\":\"Midsa Odontolog\u00eda\",\"potentialAction\":[{\"@type\":\"SearchAction\",\"target\":{\"@type\":\"EntryPoint\",\"urlTemplate\":\"https:\\\/\\\/midsa.es\\\/?s={search_term_string}\"},\"query-input\":{\"@type\":\"PropertyValueSpecification\",\"valueRequired\":true,\"valueName\":\"search_term_string\"}}],\"inLanguage\":\"fr-FR\"},{\"@type\":\"Organization\",\"@id\":\"https:\\\/\\\/midsa.es\\\/#organization\",\"name\":\"Midsa Odontolog\u00eda & Co\",\"alternateName\":\"Midsa Odontolog\u00eda\",\"url\":\"https:\\\/\\\/midsa.es\\\/\",\"logo\":{\"@type\":\"ImageObject\",\"inLanguage\":\"fr-FR\",\"@id\":\"https:\\\/\\\/midsa.es\\\/#\\\/schema\\\/logo\\\/image\\\/\",\"url\":\"https:\\\/\\\/midsa.es\\\/wp-content\\\/uploads\\\/2026\\\/03\\\/logo_midsa.png\",\"contentUrl\":\"https:\\\/\\\/midsa.es\\\/wp-content\\\/uploads\\\/2026\\\/03\\\/logo_midsa.png\",\"width\":1080,\"height\":361,\"caption\":\"Midsa Odontolog\u00eda & Co\"},\"image\":{\"@id\":\"https:\\\/\\\/midsa.es\\\/#\\\/schema\\\/logo\\\/image\\\/\"},\"sameAs\":[\"https:\\\/\\\/www.facebook.com\\\/midsaodontologiavalencia\",\"https:\\\/\\\/www.instagram.com\\\/midsaodontologia\\\/\"]},{\"@type\":\"Person\",\"@id\":\"https:\\\/\\\/midsa.es\\\/#\\\/schema\\\/person\\\/454f99411c4fed9a8b674e30820988c2\",\"name\":\"domingo\",\"image\":{\"@type\":\"ImageObject\",\"inLanguage\":\"fr-FR\",\"@id\":\"https:\\\/\\\/secure.gravatar.com\\\/avatar\\\/6cb81d52e8b36adcdce3359ed0cb0627c82872b13798c03dfe4b171939859595?s=96&d=mm&r=g\",\"url\":\"https:\\\/\\\/secure.gravatar.com\\\/avatar\\\/6cb81d52e8b36adcdce3359ed0cb0627c82872b13798c03dfe4b171939859595?s=96&d=mm&r=g\",\"contentUrl\":\"https:\\\/\\\/secure.gravatar.com\\\/avatar\\\/6cb81d52e8b36adcdce3359ed0cb0627c82872b13798c03dfe4b171939859595?s=96&d=mm&r=g\",\"caption\":\"domingo\"},\"url\":\"https:\\\/\\\/midsa.es\\\/fr\\\/author\\\/domingo\\\/\"}]}<\/script>\n<!-- \/ Yoast SEO plugin. -->","yoast_head_json":{"title":"Examen dentaire pour enfants \u00e0 Valence en vue de la rentr\u00e9e scolaire \u2014 MIDSA","description":"Retour \u00e0 l&#039;\u00e9cole avec un sourire \u00e9clatant. D\u00e9couvrez pourquoi un examen dentaire chez l&#039;enfant permet de pr\u00e9venir les caries et de d\u00e9tecter les probl\u00e8mes d&#039;occlusion.","robots":{"index":"index","follow":"follow","max-snippet":"max-snippet:-1","max-image-preview":"max-image-preview:large","max-video-preview":"max-video-preview:-1"},"canonical":"https:\/\/midsa.es\/fr\/examen-dentaire-pour-enfants-a-valence-rentree-scolaire\/","og_locale":"fr_FR","og_type":"article","og_title":"Revisi\u00f3n dental infantil en Valencia para la vuelta al cole &#8212; MIDSA","og_description":"Vuelta al cole con una sonrisa sana. Descubre por qu\u00e9 una revisi\u00f3n dental infantil ayuda a prevenir caries y detectar problemas de mordida en los ni\u00f1os.","og_url":"https:\/\/midsa.es\/fr\/examen-dentaire-pour-enfants-a-valence-rentree-scolaire\/","og_site_name":"MIDSA","article_publisher":"https:\/\/www.facebook.com\/midsaodontologiavalencia","article_published_time":"2026-09-04T08:10:39+00:00","article_modified_time":"2026-09-04T08:10:40+00:00","og_image":[{"width":1717,"height":790,"url":"https:\/\/midsa.es\/wp-content\/uploads\/2026\/09\/revision-dental-infantil-valencia-vuelta-al-cole-e1788509366139.png","type":"image\/png"}],"author":"domingo","twitter_card":"summary_large_image","twitter_misc":{"\u00c9crit par":"domingo","Dur\u00e9e de lecture estim\u00e9e":"5 minutes"},"schema":{"@context":"https:\/\/schema.org","@graph":[{"@type":"Article","@id":"https:\/\/midsa.es\/revision-dental-infantil-valencia-vuelta-al-cole\/#article","isPartOf":{"@id":"https:\/\/midsa.es\/revision-dental-infantil-valencia-vuelta-al-cole\/"},"author":{"name":"domingo","@id":"https:\/\/midsa.es\/#\/schema\/person\/454f99411c4fed9a8b674e30820988c2"},"headline":"Revisi\u00f3n dental infantil en Valencia para la vuelta al cole","datePublished":"2026-09-04T08:10:39+00:00","dateModified":"2026-09-04T08:10:40+00:00","mainEntityOfPage":{"@id":"https:\/\/midsa.es\/revision-dental-infantil-valencia-vuelta-al-cole\/"},"wordCount":1000,"commentCount":0,"publisher":{"@id":"https:\/\/midsa.es\/#organization"},"image":{"@id":"https:\/\/midsa.es\/revision-dental-infantil-valencia-vuelta-al-cole\/#primaryimage"},"thumbnailUrl":"https:\/\/midsa.es\/wp-content\/uploads\/2026\/09\/revision-dental-infantil-valencia-vuelta-al-cole-e1788509366139.png","articleSection":["ODONTOPEDIATRIA"],"inLanguage":"fr-FR","potentialAction":[{"@type":"CommentAction","name":"Comment","target":["https:\/\/midsa.es\/revision-dental-infantil-valencia-vuelta-al-cole\/#respond"]}]},{"@type":"WebPage","@id":"https:\/\/midsa.es\/revision-dental-infantil-valencia-vuelta-al-cole\/","url":"https:\/\/midsa.es\/revision-dental-infantil-valencia-vuelta-al-cole\/","name":"Examen dentaire pour enfants \u00e0 Valence en vue de la rentr\u00e9e scolaire \u2014 MIDSA","isPartOf":{"@id":"https:\/\/midsa.es\/#website"},"primaryImageOfPage":{"@id":"https:\/\/midsa.es\/revision-dental-infantil-valencia-vuelta-al-cole\/#primaryimage"},"image":{"@id":"https:\/\/midsa.es\/revision-dental-infantil-valencia-vuelta-al-cole\/#primaryimage"},"thumbnailUrl":"https:\/\/midsa.es\/wp-content\/uploads\/2026\/09\/revision-dental-infantil-valencia-vuelta-al-cole-e1788509366139.png","datePublished":"2026-09-04T08:10:39+00:00","dateModified":"2026-09-04T08:10:40+00:00","description":"Retour \u00e0 l&#039;\u00e9cole avec un sourire \u00e9clatant. D\u00e9couvrez pourquoi un examen dentaire chez l&#039;enfant permet de pr\u00e9venir les caries et de d\u00e9tecter les probl\u00e8mes d&#039;occlusion.","breadcrumb":{"@id":"https:\/\/midsa.es\/revision-dental-infantil-valencia-vuelta-al-cole\/#breadcrumb"},"inLanguage":"fr-FR","potentialAction":[{"@type":"ReadAction","target":["https:\/\/midsa.es\/revision-dental-infantil-valencia-vuelta-al-cole\/"]}]},{"@type":"ImageObject","inLanguage":"fr-FR","@id":"https:\/\/midsa.es\/revision-dental-infantil-valencia-vuelta-al-cole\/#primaryimage","url":"https:\/\/midsa.es\/wp-content\/uploads\/2026\/09\/revision-dental-infantil-valencia-vuelta-al-cole-e1788509366139.png","contentUrl":"https:\/\/midsa.es\/wp-content\/uploads\/2026\/09\/revision-dental-infantil-valencia-vuelta-al-cole-e1788509366139.png","width":1717,"height":790,"caption":"Revisi\u00f3n dental infantil en Valencia para la vuelta al cole"},{"@type":"BreadcrumbList","@id":"https:\/\/midsa.es\/revision-dental-infantil-valencia-vuelta-al-cole\/#breadcrumb","itemListElement":[{"@type":"ListItem","position":1,"name":"Portada","item":"https:\/\/midsa.es\/"},{"@type":"ListItem","position":2,"name":"Revisi\u00f3n dental infantil en Valencia para la vuelta al cole"}]},{"@type":"WebSite","@id":"https:\/\/midsa.es\/#website","url":"https:\/\/midsa.es\/","name":"Midsa Dentistry &amp; Co","description":"Nous sommes MIDSA, une clinique dentaire \u00e0 Valence. Des soins dentaires de pointe et un service personnalis\u00e9 au c\u0153ur de Valence.","publisher":{"@id":"https:\/\/midsa.es\/#organization"},"alternateName":"Midsa Odontolog\u00eda","potentialAction":[{"@type":"SearchAction","target":{"@type":"EntryPoint","urlTemplate":"https:\/\/midsa.es\/?s={search_term_string}"},"query-input":{"@type":"PropertyValueSpecification","valueRequired":true,"valueName":"search_term_string"}}],"inLanguage":"fr-FR"},{"@type":"Organization","@id":"https:\/\/midsa.es\/#organization","name":"Midsa Dentistry &amp; Co","alternateName":"Midsa Odontolog\u00eda","url":"https:\/\/midsa.es\/","logo":{"@type":"ImageObject","inLanguage":"fr-FR","@id":"https:\/\/midsa.es\/#\/schema\/logo\/image\/","url":"https:\/\/midsa.es\/wp-content\/uploads\/2026\/03\/logo_midsa.png","contentUrl":"https:\/\/midsa.es\/wp-content\/uploads\/2026\/03\/logo_midsa.png","width":1080,"height":361,"caption":"Midsa Odontolog\u00eda & Co"},"image":{"@id":"https:\/\/midsa.es\/#\/schema\/logo\/image\/"},"sameAs":["https:\/\/www.facebook.com\/midsaodontologiavalencia","https:\/\/www.instagram.com\/midsaodontologia\/"]},{"@type":"Person","@id":"https:\/\/midsa.es\/#\/schema\/person\/454f99411c4fed9a8b674e30820988c2","name":"Dimanche","image":{"@type":"ImageObject","inLanguage":"fr-FR","@id":"https:\/\/secure.gravatar.com\/avatar\/6cb81d52e8b36adcdce3359ed0cb0627c82872b13798c03dfe4b171939859595?s=96&d=mm&r=g","url":"https:\/\/secure.gravatar.com\/avatar\/6cb81d52e8b36adcdce3359ed0cb0627c82872b13798c03dfe4b171939859595?s=96&d=mm&r=g","contentUrl":"https:\/\/secure.gravatar.com\/avatar\/6cb81d52e8b36adcdce3359ed0cb0627c82872b13798c03dfe4b171939859595?s=96&d=mm&r=g","caption":"domingo"},"url":"https:\/\/midsa.es\/fr\/author\/domingo\/"}]}},"_links":{"self":[{"href":"https:\/\/midsa.es\/fr\/wp-json\/wp\/v2\/posts\/874","targetHints":{"allow":["GET"]}}],"collection":[{"href":"https:\/\/midsa.es\/fr\/wp-json\/wp\/v2\/posts"}],"about":[{"href":"https:\/\/midsa.es\/fr\/wp-json\/wp\/v2\/types\/post"}],"author":[{"embeddable":true,"href":"https:\/\/midsa.es\/fr\/wp-json\/wp\/v2\/users\/2"}],"replies":[{"embeddable":true,"href":"https:\/\/midsa.es\/fr\/wp-json\/wp\/v2\/comments?post=874"}],"version-history":[{"count":1,"href":"https:\/\/midsa.es\/fr\/wp-json\/wp\/v2\/posts\/874\/revisions"}],"predecessor-version":[{"id":876,"href":"https:\/\/midsa.es\/fr\/wp-json\/wp\/v2\/posts\/874\/revisions\/876"}],"wp:featuredmedia":[{"embeddable":true,"href":"https:\/\/midsa.es\/fr\/wp-json\/wp\/v2\/media\/875"}],"wp:attachment":[{"href":"https:\/\/midsa.es\/fr\/wp-json\/wp\/v2\/media?parent=874"}],"wp:term":[{"taxonomy":"category","embeddable":true,"href":"https:\/\/midsa.es\/fr\/wp-json\/wp\/v2\/categories?post=874"},{"taxonomy":"post_tag","embeddable":true,"href":"https:\/\/midsa.es\/fr\/wp-json\/wp\/v2\/tags?post=874"}],"curies":[{"name":"wp","href":"https:\/\/api.w.org\/{rel}","templated":true}]}}