{"id":306,"date":"2025-11-10T06:30:34","date_gmt":"2025-11-10T05:30:34","guid":{"rendered":"https:\/\/midsa.es\/nueva\/index.php\/2025\/11\/10\/invisalign-day-valencia-midsa\/"},"modified":"2025-11-10T06:30:34","modified_gmt":"2025-11-10T05:30:34","slug":"invisalign-day-valencia-midsa","status":"publish","type":"post","link":"https:\/\/midsa.es\/fr\/invisalign-day-valencia-midsa\/","title":{"rendered":"Journ\u00e9e Invisalign chez MIDSA Dentistry \u2013 13 et 14 novembre 2025 \u00e0 Valence"},"content":{"rendered":"<p>D\u00e9couvrez la Journ\u00e9e Invisalign chez MIDSA Dentistry les 13 et 14 novembre 2025. Simulation 3D, \u00e9valuation personnalis\u00e9e et avantages exclusifs pour d\u00e9marrer votre traitement orthodontique invisible.<\/p>\n<h2>L&#039;orthodontie invisible \u00e0 Valence : une opportunit\u00e9 unique chez MIDSA Dentistry Valencia (centre)<\/h2>\n<p>Chez MIDSA Dentistry, nous pensons qu&#039;un beau sourire ne devrait pas d\u00e9pendre d&#039;un appareil dentaire visible. C&#039;est pourquoi nous nous sp\u00e9cialisons dans l&#039;orthodontie invisible, une solution confortable, esth\u00e9tique et efficace pour aligner vos dents sans bagues apparentes. <em>croisillons<\/em>. Ce mois-ci, nous voulons vous offrir quelque chose de sp\u00e9cial.<\/p>\n<p>Les 13 et 14 novembre 2025, nous avons c\u00e9l\u00e9br\u00e9 la Journ\u00e9e Invisalign dans notre clinique, un \u00e9v\u00e9nement exclusif o\u00f9 vous pouviez\u00a0:<\/p>\n<ul>\n<li>D\u00e9couvrez si vous \u00eates admissible \u00e0 l&#039;orthodontie invisible chez<\/li>\n<li>Visualisez une simulation 3D de votre futur sourire gr\u00e2ce \u00e0 un scanner intra-oral (sans empreintes, sans inconfort).<\/li>\n<li>Obtenez des r\u00e9ponses \u00e0 vos questions aupr\u00e8s de notre sp\u00e9cialiste en orthodontie.<\/li>\n<li>Acc\u00e8s \u00e0 des conditions sp\u00e9ciales disponibles uniquement ces deux jours-l\u00e0<\/li>\n<\/ul>\n<p>Cet \u00e9v\u00e9nement est con\u00e7u pour toutes les personnes qui pensent depuis longtemps \u00e0 am\u00e9liorer leur sourire\u2026 mais qui attendaient \u00ab le bon moment \u00bb.<\/p>\n<h2>En quoi consistent les s\u00e9ances Invisalign Day chez MIDSA Dentistry ?<\/h2>\n<p>Lors de la journ\u00e9e Invisalign, nous proc\u00e9derons \u00e0 une \u00e9valuation initiale compl\u00e8te, au cours de laquelle\u00a0:<\/p>\n<ol>\n<li>Nous analyserons votre occlusion, la position de vos dents et vos objectifs esth\u00e9tiques.<\/li>\n<li>Nous effectuerons une num\u00e9risation 3D \u00e0 l&#039;aide de la technologie iTero afin de cr\u00e9er une simulation. <em>avant\/apr\u00e8s<\/em> \u00e0 l&#039;\u00e9cran en quelques minutes.<\/li>\n<li>Nous vous pr\u00e9senterons un plan de traitement personnalis\u00e9, \u00e9tape par \u00e9tape.<\/li>\n<\/ol>\n<p>Le fait de voir les r\u00e9sultats avant m\u00eame de commencer est souvent le moment o\u00f9 les patients disent\u00a0:<br \/>\u00ab Maintenant, je me vois bien franchir le pas. \u00bb.<\/p>\n<h2>Des avantages exclusifs uniquement lors de la Journ\u00e9e Invisalign chez MIDSA Dentistry entre le 13 et le 14 novembre 2025.<\/h2>\n<p>Ces conditions ne seront pas disponibles avant ni apr\u00e8s l&#039;\u00e9v\u00e9nement\u00a0:<\/p>\n<ul>\n<li>Scan et \u00e9valuation 3D gratuits<\/li>\n<li>Conditions \u00e9conomiques particuli\u00e8res pour le d\u00e9but du traitement<\/li>\n<li>Un financement flexible adapt\u00e9 \u00e0 vos besoins<\/li>\n<li>Possibilit\u00e9 de r\u00e9server une place pour commencer plus tard<\/li>\n<\/ul>\n<p>De plus, nos s\u00e9ances se d\u00e9roulent en petits groupes, les places sont donc limit\u00e9es.<\/p>\n<h2>Pourquoi choisir MIDSA Dentistry pour votre orthodontie invisible ?<\/h2>\n<ul>\n<li>Sp\u00e9cialisation en orthodontie invisible pour adultes et enfants<\/li>\n<li>Le <a href=\"https:\/\/www.invisalign.es\/doctor-profile\/dr--teresa-santoyo-garcia\/914648\">Dr Teresa Santoyo<\/a> Elle poss\u00e8de des ann\u00e9es d&#039;exp\u00e9rience clinique et une grande exp\u00e9rience dans la r\u00e9solution de cas complexes.<\/li>\n<li>Des r\u00e9sultats naturels et progressifs, respectueux de l&#039;esth\u00e9tique de votre visage.<\/li>\n<li>Une attention personnalis\u00e9e, un suivi individuel et un soutien tout au long du traitement<\/li>\n<\/ul>\n<h2>\u00c0 qui s&#039;adresse cet \u00e9v\u00e9nement\u00a0: Journ\u00e9e Invisalign chez MIDSA Dentistry\u00a0<\/h2>\n<p>Cet \u00e9v\u00e9nement est id\u00e9al si :<\/p>\n<ul>\n<li>Tu ne veux pas porter <em>croisillons<\/em> visible<\/li>\n<li>Avez-vous d\u00e9j\u00e0 port\u00e9 un appareil dentaire et vos dents ont-elles boug\u00e9 ?<\/li>\n<li>Souhaitez-vous am\u00e9liorer votre sourire discr\u00e8tement et confortablement ?<\/li>\n<li>Vous h\u00e9sitez depuis un certain temps et vous souhaitez voir les cons\u00e9quences potentielles avant de vous d\u00e9cider.<\/li>\n<\/ul>\n<h2>Comment prendre rendez-vous pour la Journ\u00e9e Invisalign chez MIDSA Dentistry entre le 13 et le 14 novembre 2025.<\/h2>\n<p>Il vous suffit de choisir une date et une heure entre le 13 et le 14 novembre 2025.<\/p>\n<p>  T\u00e9l\u00e9phone\/WhatsApp : 692 129 485<\/p>\n<p>  Adresse : Calle Salamanca, 52, rez-de-chauss\u00e9e \u00b7 46005 Valence<\/p>\n<p><a href=\"https:\/\/midsa.es\/fr\/contact\/\">  Site web\u00a0: https:\/\/midsa.es\/<\/a><\/p>\n<p>Nous vous recommandons de r\u00e9server au plus vite car les places sont limit\u00e9es.<\/p>\n<h2>Foire aux questions (FAQ) : Journ\u00e9e Invisalign chez MIDSA Dentistry<\/h2>\n<h3>L&#039;\u00e9valuation et le scan ont-ils un co\u00fbt ?<\/h3>\n<p>Non, ils sont gratuits lors de la Journ\u00e9e Invisalign.<\/p>\n<h3>Le traitement est-il douloureux\u00a0?<\/h3>\n<p>Il n&#039;a pas <em>croisillons<\/em> L&#039;absence de vo\u00fbte plantaire rend l&#039;adaptation g\u00e9n\u00e9ralement tr\u00e8s confortable. Une l\u00e9g\u00e8re sensation de pression peut \u00eatre ressentie les premiers jours.<\/p>\n<h3>Puis-je financer le traitement\u00a0?<\/h3>\n<p>Oui, chez MIDSA Dentistry, nous proposons des options de financement personnalis\u00e9es.<\/p>\n<h3>Puis-je venir accompagn\u00e9(e) \u00e0 la journ\u00e9e Invisalign chez MIDSA Dentistry\u00a0?<\/h3>\n<p>Bien s\u00fbr. Nous vous recommandons de venir accompagn\u00e9(e) d&#039;une personne qui pourra vous aider \u00e0 prendre des d\u00e9cisions.<\/p>\n<p>Si vous songez depuis quelque temps \u00e0 am\u00e9liorer votre sourire, c&#039;est le moment id\u00e9al.<br \/>R\u00e9servez votre place et venez constater par vous-m\u00eame comment votre sourire pourrait se transformer avant m\u00eame de commencer.<\/p>\n<p>  \u00c9crivez-nous d\u00e8s maintenant via WhatsApp au 692 129 485<\/p>\n\n\n<figure class=\"wp-block-image\"><img decoding=\"async\" src=\"https:\/\/midsa.es\/wp-content\/uploads\/2024\/07\/Diseno-sin-titulo-4-1024x737-1.png\" alt=\"Scanner 3D iTero gratuit chez MIDSA Dentistry (Valence) lors de la Journ\u00e9e Invisalign\"\/><figcaption class=\"wp-element-caption\">Scanner 3D gratuit \u2014 Journ\u00e9e Invisalign chez MIDSA Dentistry (Valence), les 13 et 14 novembre 2025.<\/figcaption><\/figure>\n\n\n\n<p><\/p>","protected":false},"excerpt":{"rendered":"<p>Journ\u00e9e Invisalign<\/p>","protected":false},"author":1,"featured_media":307,"comment_status":"open","ping_status":"open","sticky":false,"template":"","format":"standard","meta":{"_acf_changed":false,"footnotes":""},"categories":[4],"tags":[],"class_list":["post-306","post","type-post","status-publish","format-standard","has-post-thumbnail","hentry","category-invisalign"],"acf":[],"yoast_head":"<!-- This site is optimized with the Yoast SEO plugin v27.4 - https:\/\/yoast.com\/product\/yoast-seo-wordpress\/ -->\n<title>Invisalign Day en MIDSA Odontolog\u00eda \u2013 13 y 14 de noviembre de 2025 en Valencia &#8212; MIDSA<\/title>\n<meta name=\"robots\" content=\"index, follow, max-snippet:-1, max-image-preview:large, max-video-preview:-1\" \/>\n<link rel=\"canonical\" href=\"https:\/\/midsa.es\/fr\/invisalign-day-valencia-midsa\/\" \/>\n<meta property=\"og:locale\" content=\"fr_FR\" \/>\n<meta property=\"og:type\" content=\"article\" \/>\n<meta property=\"og:title\" content=\"Invisalign Day en MIDSA Odontolog\u00eda \u2013 13 y 14 de noviembre de 2025 en Valencia &#8212; MIDSA\" \/>\n<meta property=\"og:description\" content=\"Invisalign Day\" \/>\n<meta property=\"og:url\" content=\"https:\/\/midsa.es\/fr\/invisalign-day-valencia-midsa\/\" \/>\n<meta property=\"og:site_name\" content=\"MIDSA\" \/>\n<meta property=\"article:publisher\" content=\"https:\/\/www.facebook.com\/midsaodontologiavalencia\" \/>\n<meta property=\"article:published_time\" content=\"2025-11-10T05:30:34+00:00\" \/>\n<meta property=\"og:image\" content=\"https:\/\/midsa.es\/wp-content\/uploads\/2026\/02\/Invisalign-Day.jpg\" \/>\n\t<meta property=\"og:image:width\" content=\"1558\" \/>\n\t<meta property=\"og:image:height\" content=\"792\" \/>\n\t<meta property=\"og:image:type\" content=\"image\/jpeg\" \/>\n<meta name=\"author\" content=\"senda_midsa\" \/>\n<meta name=\"twitter:card\" content=\"summary_large_image\" \/>\n<meta name=\"twitter:label1\" content=\"\u00c9crit par\" \/>\n\t<meta name=\"twitter:data1\" content=\"senda_midsa\" \/>\n\t<meta name=\"twitter:label2\" content=\"Dur\u00e9e de lecture estim\u00e9e\" \/>\n\t<meta name=\"twitter:data2\" content=\"3 minutes\" \/>\n<script type=\"application\/ld+json\" class=\"yoast-schema-graph\">{\"@context\":\"https:\\\/\\\/schema.org\",\"@graph\":[{\"@type\":\"Article\",\"@id\":\"https:\\\/\\\/midsa.es\\\/invisalign-day-valencia-midsa\\\/#article\",\"isPartOf\":{\"@id\":\"https:\\\/\\\/midsa.es\\\/invisalign-day-valencia-midsa\\\/\"},\"author\":{\"name\":\"senda_midsa\",\"@id\":\"https:\\\/\\\/midsa.es\\\/#\\\/schema\\\/person\\\/2c8f0a79218dad8660f4eeb9876dfee7\"},\"headline\":\"Invisalign Day en MIDSA Odontolog\u00eda \u2013 13 y 14 de noviembre de 2025 en Valencia\",\"datePublished\":\"2025-11-10T05:30:34+00:00\",\"mainEntityOfPage\":{\"@id\":\"https:\\\/\\\/midsa.es\\\/invisalign-day-valencia-midsa\\\/\"},\"wordCount\":689,\"commentCount\":0,\"publisher\":{\"@id\":\"https:\\\/\\\/midsa.es\\\/#organization\"},\"image\":{\"@id\":\"https:\\\/\\\/midsa.es\\\/invisalign-day-valencia-midsa\\\/#primaryimage\"},\"thumbnailUrl\":\"https:\\\/\\\/midsa.es\\\/wp-content\\\/uploads\\\/2026\\\/02\\\/Invisalign-Day.jpg\",\"articleSection\":[\"INVISALIGN\"],\"inLanguage\":\"fr-FR\",\"potentialAction\":[{\"@type\":\"CommentAction\",\"name\":\"Comment\",\"target\":[\"https:\\\/\\\/midsa.es\\\/invisalign-day-valencia-midsa\\\/#respond\"]}]},{\"@type\":\"WebPage\",\"@id\":\"https:\\\/\\\/midsa.es\\\/invisalign-day-valencia-midsa\\\/\",\"url\":\"https:\\\/\\\/midsa.es\\\/invisalign-day-valencia-midsa\\\/\",\"name\":\"Invisalign Day en MIDSA Odontolog\u00eda \u2013 13 y 14 de noviembre de 2025 en Valencia &#8212; MIDSA\",\"isPartOf\":{\"@id\":\"https:\\\/\\\/midsa.es\\\/#website\"},\"primaryImageOfPage\":{\"@id\":\"https:\\\/\\\/midsa.es\\\/invisalign-day-valencia-midsa\\\/#primaryimage\"},\"image\":{\"@id\":\"https:\\\/\\\/midsa.es\\\/invisalign-day-valencia-midsa\\\/#primaryimage\"},\"thumbnailUrl\":\"https:\\\/\\\/midsa.es\\\/wp-content\\\/uploads\\\/2026\\\/02\\\/Invisalign-Day.jpg\",\"datePublished\":\"2025-11-10T05:30:34+00:00\",\"breadcrumb\":{\"@id\":\"https:\\\/\\\/midsa.es\\\/invisalign-day-valencia-midsa\\\/#breadcrumb\"},\"inLanguage\":\"fr-FR\",\"potentialAction\":[{\"@type\":\"ReadAction\",\"target\":[\"https:\\\/\\\/midsa.es\\\/invisalign-day-valencia-midsa\\\/\"]}]},{\"@type\":\"ImageObject\",\"inLanguage\":\"fr-FR\",\"@id\":\"https:\\\/\\\/midsa.es\\\/invisalign-day-valencia-midsa\\\/#primaryimage\",\"url\":\"https:\\\/\\\/midsa.es\\\/wp-content\\\/uploads\\\/2026\\\/02\\\/Invisalign-Day.jpg\",\"contentUrl\":\"https:\\\/\\\/midsa.es\\\/wp-content\\\/uploads\\\/2026\\\/02\\\/Invisalign-Day.jpg\",\"width\":1558,\"height\":792},{\"@type\":\"BreadcrumbList\",\"@id\":\"https:\\\/\\\/midsa.es\\\/invisalign-day-valencia-midsa\\\/#breadcrumb\",\"itemListElement\":[{\"@type\":\"ListItem\",\"position\":1,\"name\":\"Portada\",\"item\":\"https:\\\/\\\/midsa.es\\\/\"},{\"@type\":\"ListItem\",\"position\":2,\"name\":\"Invisalign Day en MIDSA Odontolog\u00eda \u2013 13 y 14 de noviembre de 2025 en Valencia\"}]},{\"@type\":\"WebSite\",\"@id\":\"https:\\\/\\\/midsa.es\\\/#website\",\"url\":\"https:\\\/\\\/midsa.es\\\/\",\"name\":\"Midsa Odontolog\u00eda & Co\",\"description\":\"Somos MIDSA, Cl\u00ednica Dental en L&#039;Eixample, Valencia. Odontolog\u00eda avanzada con trato cercano en el coraz\u00f3n de Valencia.\",\"publisher\":{\"@id\":\"https:\\\/\\\/midsa.es\\\/#organization\"},\"alternateName\":\"Midsa Odontolog\u00eda\",\"potentialAction\":[{\"@type\":\"SearchAction\",\"target\":{\"@type\":\"EntryPoint\",\"urlTemplate\":\"https:\\\/\\\/midsa.es\\\/?s={search_term_string}\"},\"query-input\":{\"@type\":\"PropertyValueSpecification\",\"valueRequired\":true,\"valueName\":\"search_term_string\"}}],\"inLanguage\":\"fr-FR\"},{\"@type\":\"Organization\",\"@id\":\"https:\\\/\\\/midsa.es\\\/#organization\",\"name\":\"Midsa Odontolog\u00eda & Co\",\"alternateName\":\"Midsa Odontolog\u00eda\",\"url\":\"https:\\\/\\\/midsa.es\\\/\",\"logo\":{\"@type\":\"ImageObject\",\"inLanguage\":\"fr-FR\",\"@id\":\"https:\\\/\\\/midsa.es\\\/#\\\/schema\\\/logo\\\/image\\\/\",\"url\":\"https:\\\/\\\/midsa.es\\\/wp-content\\\/uploads\\\/2026\\\/03\\\/logo_midsa.png\",\"contentUrl\":\"https:\\\/\\\/midsa.es\\\/wp-content\\\/uploads\\\/2026\\\/03\\\/logo_midsa.png\",\"width\":1080,\"height\":361,\"caption\":\"Midsa Odontolog\u00eda & Co\"},\"image\":{\"@id\":\"https:\\\/\\\/midsa.es\\\/#\\\/schema\\\/logo\\\/image\\\/\"},\"sameAs\":[\"https:\\\/\\\/www.facebook.com\\\/midsaodontologiavalencia\",\"https:\\\/\\\/www.instagram.com\\\/midsaodontologia\\\/\"]},{\"@type\":\"Person\",\"@id\":\"https:\\\/\\\/midsa.es\\\/#\\\/schema\\\/person\\\/2c8f0a79218dad8660f4eeb9876dfee7\",\"name\":\"senda_midsa\",\"image\":{\"@type\":\"ImageObject\",\"inLanguage\":\"fr-FR\",\"@id\":\"https:\\\/\\\/secure.gravatar.com\\\/avatar\\\/2ad25152d66ab68f233ff1e771f5f5b61808045f5b306f63250027046f2b84c4?s=96&d=mm&r=g\",\"url\":\"https:\\\/\\\/secure.gravatar.com\\\/avatar\\\/2ad25152d66ab68f233ff1e771f5f5b61808045f5b306f63250027046f2b84c4?s=96&d=mm&r=g\",\"contentUrl\":\"https:\\\/\\\/secure.gravatar.com\\\/avatar\\\/2ad25152d66ab68f233ff1e771f5f5b61808045f5b306f63250027046f2b84c4?s=96&d=mm&r=g\",\"caption\":\"senda_midsa\"},\"sameAs\":[\"https:\\\/\\\/midsa.es\"],\"url\":\"https:\\\/\\\/midsa.es\\\/fr\\\/author\\\/senda_midsa\\\/\"}]}<\/script>\n<!-- \/ Yoast SEO plugin. -->","yoast_head_json":{"title":"Journ\u00e9e Invisalign chez MIDSA Dentistry \u2013 13 et 14 novembre 2025 \u00e0 Valence \u2014 MIDSA","robots":{"index":"index","follow":"follow","max-snippet":"max-snippet:-1","max-image-preview":"max-image-preview:large","max-video-preview":"max-video-preview:-1"},"canonical":"https:\/\/midsa.es\/fr\/invisalign-day-valencia-midsa\/","og_locale":"fr_FR","og_type":"article","og_title":"Invisalign Day en MIDSA Odontolog\u00eda \u2013 13 y 14 de noviembre de 2025 en Valencia &#8212; MIDSA","og_description":"Invisalign Day","og_url":"https:\/\/midsa.es\/fr\/invisalign-day-valencia-midsa\/","og_site_name":"MIDSA","article_publisher":"https:\/\/www.facebook.com\/midsaodontologiavalencia","article_published_time":"2025-11-10T05:30:34+00:00","og_image":[{"width":1558,"height":792,"url":"https:\/\/midsa.es\/wp-content\/uploads\/2026\/02\/Invisalign-Day.jpg","type":"image\/jpeg"}],"author":"senda_midsa","twitter_card":"summary_large_image","twitter_misc":{"\u00c9crit par":"senda_midsa","Dur\u00e9e de lecture estim\u00e9e":"3 minutes"},"schema":{"@context":"https:\/\/schema.org","@graph":[{"@type":"Article","@id":"https:\/\/midsa.es\/invisalign-day-valencia-midsa\/#article","isPartOf":{"@id":"https:\/\/midsa.es\/invisalign-day-valencia-midsa\/"},"author":{"name":"senda_midsa","@id":"https:\/\/midsa.es\/#\/schema\/person\/2c8f0a79218dad8660f4eeb9876dfee7"},"headline":"Invisalign Day en MIDSA Odontolog\u00eda \u2013 13 y 14 de noviembre de 2025 en Valencia","datePublished":"2025-11-10T05:30:34+00:00","mainEntityOfPage":{"@id":"https:\/\/midsa.es\/invisalign-day-valencia-midsa\/"},"wordCount":689,"commentCount":0,"publisher":{"@id":"https:\/\/midsa.es\/#organization"},"image":{"@id":"https:\/\/midsa.es\/invisalign-day-valencia-midsa\/#primaryimage"},"thumbnailUrl":"https:\/\/midsa.es\/wp-content\/uploads\/2026\/02\/Invisalign-Day.jpg","articleSection":["INVISALIGN"],"inLanguage":"fr-FR","potentialAction":[{"@type":"CommentAction","name":"Comment","target":["https:\/\/midsa.es\/invisalign-day-valencia-midsa\/#respond"]}]},{"@type":"WebPage","@id":"https:\/\/midsa.es\/invisalign-day-valencia-midsa\/","url":"https:\/\/midsa.es\/invisalign-day-valencia-midsa\/","name":"Journ\u00e9e Invisalign chez MIDSA Dentistry \u2013 13 et 14 novembre 2025 \u00e0 Valence \u2014 MIDSA","isPartOf":{"@id":"https:\/\/midsa.es\/#website"},"primaryImageOfPage":{"@id":"https:\/\/midsa.es\/invisalign-day-valencia-midsa\/#primaryimage"},"image":{"@id":"https:\/\/midsa.es\/invisalign-day-valencia-midsa\/#primaryimage"},"thumbnailUrl":"https:\/\/midsa.es\/wp-content\/uploads\/2026\/02\/Invisalign-Day.jpg","datePublished":"2025-11-10T05:30:34+00:00","breadcrumb":{"@id":"https:\/\/midsa.es\/invisalign-day-valencia-midsa\/#breadcrumb"},"inLanguage":"fr-FR","potentialAction":[{"@type":"ReadAction","target":["https:\/\/midsa.es\/invisalign-day-valencia-midsa\/"]}]},{"@type":"ImageObject","inLanguage":"fr-FR","@id":"https:\/\/midsa.es\/invisalign-day-valencia-midsa\/#primaryimage","url":"https:\/\/midsa.es\/wp-content\/uploads\/2026\/02\/Invisalign-Day.jpg","contentUrl":"https:\/\/midsa.es\/wp-content\/uploads\/2026\/02\/Invisalign-Day.jpg","width":1558,"height":792},{"@type":"BreadcrumbList","@id":"https:\/\/midsa.es\/invisalign-day-valencia-midsa\/#breadcrumb","itemListElement":[{"@type":"ListItem","position":1,"name":"Portada","item":"https:\/\/midsa.es\/"},{"@type":"ListItem","position":2,"name":"Invisalign Day en MIDSA Odontolog\u00eda \u2013 13 y 14 de noviembre de 2025 en Valencia"}]},{"@type":"WebSite","@id":"https:\/\/midsa.es\/#website","url":"https:\/\/midsa.es\/","name":"Midsa Dentistry &amp; Co","description":"Nous sommes MIDSA, une clinique dentaire situ\u00e9e dans le quartier de l&#039;Eixample \u00e0 Valence. Des soins dentaires de pointe et un accompagnement personnalis\u00e9 au c\u0153ur de Valence.","publisher":{"@id":"https:\/\/midsa.es\/#organization"},"alternateName":"Midsa Odontolog\u00eda","potentialAction":[{"@type":"SearchAction","target":{"@type":"EntryPoint","urlTemplate":"https:\/\/midsa.es\/?s={search_term_string}"},"query-input":{"@type":"PropertyValueSpecification","valueRequired":true,"valueName":"search_term_string"}}],"inLanguage":"fr-FR"},{"@type":"Organization","@id":"https:\/\/midsa.es\/#organization","name":"Midsa Dentistry &amp; Co","alternateName":"Midsa Odontolog\u00eda","url":"https:\/\/midsa.es\/","logo":{"@type":"ImageObject","inLanguage":"fr-FR","@id":"https:\/\/midsa.es\/#\/schema\/logo\/image\/","url":"https:\/\/midsa.es\/wp-content\/uploads\/2026\/03\/logo_midsa.png","contentUrl":"https:\/\/midsa.es\/wp-content\/uploads\/2026\/03\/logo_midsa.png","width":1080,"height":361,"caption":"Midsa Odontolog\u00eda & Co"},"image":{"@id":"https:\/\/midsa.es\/#\/schema\/logo\/image\/"},"sameAs":["https:\/\/www.facebook.com\/midsaodontologiavalencia","https:\/\/www.instagram.com\/midsaodontologia\/"]},{"@type":"Person","@id":"https:\/\/midsa.es\/#\/schema\/person\/2c8f0a79218dad8660f4eeb9876dfee7","name":"senda_midsa","image":{"@type":"ImageObject","inLanguage":"fr-FR","@id":"https:\/\/secure.gravatar.com\/avatar\/2ad25152d66ab68f233ff1e771f5f5b61808045f5b306f63250027046f2b84c4?s=96&d=mm&r=g","url":"https:\/\/secure.gravatar.com\/avatar\/2ad25152d66ab68f233ff1e771f5f5b61808045f5b306f63250027046f2b84c4?s=96&d=mm&r=g","contentUrl":"https:\/\/secure.gravatar.com\/avatar\/2ad25152d66ab68f233ff1e771f5f5b61808045f5b306f63250027046f2b84c4?s=96&d=mm&r=g","caption":"senda_midsa"},"sameAs":["https:\/\/midsa.es"],"url":"https:\/\/midsa.es\/fr\/author\/senda_midsa\/"}]}},"_links":{"self":[{"href":"https:\/\/midsa.es\/fr\/wp-json\/wp\/v2\/posts\/306","targetHints":{"allow":["GET"]}}],"collection":[{"href":"https:\/\/midsa.es\/fr\/wp-json\/wp\/v2\/posts"}],"about":[{"href":"https:\/\/midsa.es\/fr\/wp-json\/wp\/v2\/types\/post"}],"author":[{"embeddable":true,"href":"https:\/\/midsa.es\/fr\/wp-json\/wp\/v2\/users\/1"}],"replies":[{"embeddable":true,"href":"https:\/\/midsa.es\/fr\/wp-json\/wp\/v2\/comments?post=306"}],"version-history":[{"count":0,"href":"https:\/\/midsa.es\/fr\/wp-json\/wp\/v2\/posts\/306\/revisions"}],"wp:featuredmedia":[{"embeddable":true,"href":"https:\/\/midsa.es\/fr\/wp-json\/wp\/v2\/media\/307"}],"wp:attachment":[{"href":"https:\/\/midsa.es\/fr\/wp-json\/wp\/v2\/media?parent=306"}],"wp:term":[{"taxonomy":"category","embeddable":true,"href":"https:\/\/midsa.es\/fr\/wp-json\/wp\/v2\/categories?post=306"},{"taxonomy":"post_tag","embeddable":true,"href":"https:\/\/midsa.es\/fr\/wp-json\/wp\/v2\/tags?post=306"}],"curies":[{"name":"wp","href":"https:\/\/api.w.org\/{rel}","templated":true}]}}