{"id":264,"date":"2022-12-23T10:11:38","date_gmt":"2022-12-23T09:11:38","guid":{"rendered":"https:\/\/midsa.es\/nueva\/index.php\/2022\/12\/23\/postura-y-respiracion-bucal\/"},"modified":"2022-12-23T10:11:38","modified_gmt":"2022-12-23T09:11:38","slug":"posture-et-respiration-buccale","status":"publish","type":"post","link":"https:\/\/midsa.es\/fr\/postura-y-respiracion-bucal\/","title":{"rendered":"POSTURE ET RESPIRATION BUCCALE"},"content":{"rendered":"<p>La respiration est une fonction inn\u00e9e et vitale chez l&#039;\u00eatre humain. La respiration normale, aussi appel\u00e9e respiration nasale, consiste \u00e0 inspirer et expirer par le nez, la bouche restant ferm\u00e9e. La respiration buccale, ou respiration mixte, peut entra\u00eener des probl\u00e8mes buccaux et g\u00e9n\u00e9raux. Ce syndrome, appel\u00e9 \u201c\u00a0syndrome de respiration buccale\u00a0\u201d, peut \u00eatre diagnostiqu\u00e9 en raison de causes obstructives, anatomiques ou habituelles. Ses r\u00e9percussions sont vari\u00e9es\u00a0: il modifie la forme du palais, l&#039;\u00e9quilibre, l&#039;articulation de la parole, la d\u00e9glutition, l&#039;alimentation et d&#039;autres fonctions. <\/p>\n\n\n\n<p>La respiration buccale chez l&#039;enfant et l&#039;adolescent entra\u00eene des modifications posturales telles qu&#039;une hypercyphose thoracique, une saillie des \u00e9paules, une \u00e9l\u00e9vation et une abduction des omoplates, ainsi qu&#039;une projection de la t\u00eate vers l&#039;avant. De plus, l&#039;accentuation de la courbure de la colonne thoracique, la position ant\u00e9rieure des \u00e9paules et l&#039;\u00e9l\u00e9vation et l&#039;\u00e9cartement des omoplates provoquent des changements d&#039;\u00e9quilibre corporel, entra\u00eenant une augmentation de la lordose lombaire et une ant\u00e9version du bassin afin de compenser le d\u00e9s\u00e9quilibre postural. . <\/p>\n\n\n\n<p>\u00c0 partir d&#039;\u00e9tudes comparatives, les auteurs d\u00e9montrent une corr\u00e9lation positive entre une posture anormale de la t\u00eate (posture de la t\u00eate en avant) et une respiration buccale pr\u00e9dominante. La respiration buccale persistante modifie la biom\u00e9canique des muscles du syst\u00e8me stomatognathique. Maintenir l&#039;\u00e9quilibre et la stabilit\u00e9 chez l&#039;enfant est complexe en raison de la disproportion entre la taille de la t\u00eate et celle du corps. De plus, durant la pr\u00e9adolescence et l&#039;adolescence, des ajustements posturaux sont n\u00e9cessaires pour atteindre un \u00e9quilibre compatible avec les changements de proportions corporelles et l&#039;augmentation de l&#039;amplitude des mouvements.<\/p>\n\n\n\n<p>La respiration buccale et\/ou mixte est associ\u00e9e \u00e0 des modifications de la posture, des habitudes alimentaires, du cycle veille-sommeil, du comportement et des performances physiques et intellectuelles chez l&#039;enfant et l&#039;adolescent. Les probl\u00e8mes posturaux chroniques sont difficiles \u00e0 corriger sur le long terme, car ils affectent le syst\u00e8me musculo-squelettique impliqu\u00e9 dans le maintien de la posture. Ceci a des r\u00e9percussions sur les fonctions du syst\u00e8me stomatognathique, notamment la mastication, la d\u00e9glutition, la parole, le go\u00fbt, l&#039;odorat et la posture de la langue et de la m\u00e2choire. <\/p>\n\n\n\n<p>Il est essentiel de d\u00e9tecter les signes et sympt\u00f4mes pr\u00e9coces du \u201c syndrome de respiration buccale \u201d afin de mettre en place une r\u00e9\u00e9ducation et des mesures pr\u00e9ventives, ainsi qu&#039;une prise en charge multidisciplinaire coordonn\u00e9e et globale pour les enfants et les adolescents.<\/p>\n\n\n\n<p>Chez Midsa, nous sommes sp\u00e9cialis\u00e9s dans le traitement de cette affection gr\u00e2ce \u00e0 la technique de r\u00e9gulation fonctionnelle Aragao (RFA). Ce traitement agit sur l&#039;ensemble du corps, en commen\u00e7ant par la bouche, et int\u00e8gre les fonctions nerveuses du tronc c\u00e9r\u00e9bral, telles que la respiration, la mastication, la d\u00e9glutition, l&#039;odorat, le go\u00fbt, l&#039;ou\u00efe, l&#039;\u00e9quilibre et la vision.<\/p>","protected":false},"excerpt":{"rendered":"<p>La respiraci\u00f3n es una funci\u00f3n innata y vital en el ser humano. La respiraci\u00f3n normal, tambi\u00e9n llamada nasal, es aquella en la que el aire [&hellip;]<\/p>\n","protected":false},"author":1,"featured_media":265,"comment_status":"open","ping_status":"open","sticky":false,"template":"","format":"standard","meta":{"_acf_changed":false,"footnotes":""},"categories":[7],"tags":[],"class_list":["post-264","post","type-post","status-publish","format-standard","has-post-thumbnail","hentry","category-ortodoncia-miofuncional"],"acf":[],"yoast_head":"<!-- This site is optimized with the Yoast SEO plugin v27.4 - https:\/\/yoast.com\/product\/yoast-seo-wordpress\/ -->\n<title>POSTURA Y RESPIRACION BUCAL &#8212; MIDSA<\/title>\n<meta name=\"robots\" content=\"index, follow, max-snippet:-1, max-image-preview:large, max-video-preview:-1\" \/>\n<link rel=\"canonical\" href=\"https:\/\/midsa.es\/fr\/posture-et-respiration-buccale\/\" \/>\n<meta property=\"og:locale\" content=\"fr_FR\" \/>\n<meta property=\"og:type\" content=\"article\" \/>\n<meta property=\"og:title\" content=\"POSTURA Y RESPIRACION BUCAL &#8212; MIDSA\" \/>\n<meta property=\"og:description\" content=\"La respiraci\u00f3n es una funci\u00f3n innata y vital en el ser humano. La respiraci\u00f3n normal, tambi\u00e9n llamada nasal, es aquella en la que el aire [&hellip;]\" \/>\n<meta property=\"og:url\" content=\"https:\/\/midsa.es\/fr\/posture-et-respiration-buccale\/\" \/>\n<meta property=\"og:site_name\" content=\"MIDSA\" \/>\n<meta property=\"article:publisher\" content=\"https:\/\/www.facebook.com\/midsaodontologiavalencia\" \/>\n<meta property=\"article:published_time\" content=\"2022-12-23T09:11:38+00:00\" \/>\n<meta property=\"og:image\" content=\"https:\/\/midsa.es\/wp-content\/uploads\/2026\/02\/Captura-de-Pantalla-2022-12-23-a-las-11.17.45.png\" \/>\n\t<meta property=\"og:image:width\" content=\"442\" \/>\n\t<meta property=\"og:image:height\" content=\"796\" \/>\n\t<meta property=\"og:image:type\" content=\"image\/png\" \/>\n<meta name=\"author\" content=\"senda_midsa\" \/>\n<meta name=\"twitter:card\" content=\"summary_large_image\" \/>\n<meta name=\"twitter:label1\" content=\"\u00c9crit par\" \/>\n\t<meta name=\"twitter:data1\" content=\"senda_midsa\" \/>\n\t<meta name=\"twitter:label2\" content=\"Dur\u00e9e de lecture estim\u00e9e\" \/>\n\t<meta name=\"twitter:data2\" content=\"3 minutes\" \/>\n<script type=\"application\/ld+json\" class=\"yoast-schema-graph\">{\"@context\":\"https:\\\/\\\/schema.org\",\"@graph\":[{\"@type\":\"Article\",\"@id\":\"https:\\\/\\\/midsa.es\\\/postura-y-respiracion-bucal\\\/#article\",\"isPartOf\":{\"@id\":\"https:\\\/\\\/midsa.es\\\/postura-y-respiracion-bucal\\\/\"},\"author\":{\"name\":\"senda_midsa\",\"@id\":\"https:\\\/\\\/midsa.es\\\/#\\\/schema\\\/person\\\/2c8f0a79218dad8660f4eeb9876dfee7\"},\"headline\":\"POSTURA Y RESPIRACION BUCAL\",\"datePublished\":\"2022-12-23T09:11:38+00:00\",\"mainEntityOfPage\":{\"@id\":\"https:\\\/\\\/midsa.es\\\/postura-y-respiracion-bucal\\\/\"},\"wordCount\":505,\"commentCount\":0,\"publisher\":{\"@id\":\"https:\\\/\\\/midsa.es\\\/#organization\"},\"image\":{\"@id\":\"https:\\\/\\\/midsa.es\\\/postura-y-respiracion-bucal\\\/#primaryimage\"},\"thumbnailUrl\":\"https:\\\/\\\/midsa.es\\\/wp-content\\\/uploads\\\/2026\\\/02\\\/Captura-de-Pantalla-2022-12-23-a-las-11.17.45.png\",\"articleSection\":[\"ORTODONCIA MIOFUNCIONAL\"],\"inLanguage\":\"fr-FR\",\"potentialAction\":[{\"@type\":\"CommentAction\",\"name\":\"Comment\",\"target\":[\"https:\\\/\\\/midsa.es\\\/postura-y-respiracion-bucal\\\/#respond\"]}]},{\"@type\":\"WebPage\",\"@id\":\"https:\\\/\\\/midsa.es\\\/postura-y-respiracion-bucal\\\/\",\"url\":\"https:\\\/\\\/midsa.es\\\/postura-y-respiracion-bucal\\\/\",\"name\":\"POSTURA Y RESPIRACION BUCAL &#8212; MIDSA\",\"isPartOf\":{\"@id\":\"https:\\\/\\\/midsa.es\\\/#website\"},\"primaryImageOfPage\":{\"@id\":\"https:\\\/\\\/midsa.es\\\/postura-y-respiracion-bucal\\\/#primaryimage\"},\"image\":{\"@id\":\"https:\\\/\\\/midsa.es\\\/postura-y-respiracion-bucal\\\/#primaryimage\"},\"thumbnailUrl\":\"https:\\\/\\\/midsa.es\\\/wp-content\\\/uploads\\\/2026\\\/02\\\/Captura-de-Pantalla-2022-12-23-a-las-11.17.45.png\",\"datePublished\":\"2022-12-23T09:11:38+00:00\",\"breadcrumb\":{\"@id\":\"https:\\\/\\\/midsa.es\\\/postura-y-respiracion-bucal\\\/#breadcrumb\"},\"inLanguage\":\"fr-FR\",\"potentialAction\":[{\"@type\":\"ReadAction\",\"target\":[\"https:\\\/\\\/midsa.es\\\/postura-y-respiracion-bucal\\\/\"]}]},{\"@type\":\"ImageObject\",\"inLanguage\":\"fr-FR\",\"@id\":\"https:\\\/\\\/midsa.es\\\/postura-y-respiracion-bucal\\\/#primaryimage\",\"url\":\"https:\\\/\\\/midsa.es\\\/wp-content\\\/uploads\\\/2026\\\/02\\\/Captura-de-Pantalla-2022-12-23-a-las-11.17.45.png\",\"contentUrl\":\"https:\\\/\\\/midsa.es\\\/wp-content\\\/uploads\\\/2026\\\/02\\\/Captura-de-Pantalla-2022-12-23-a-las-11.17.45.png\",\"width\":442,\"height\":796},{\"@type\":\"BreadcrumbList\",\"@id\":\"https:\\\/\\\/midsa.es\\\/postura-y-respiracion-bucal\\\/#breadcrumb\",\"itemListElement\":[{\"@type\":\"ListItem\",\"position\":1,\"name\":\"Portada\",\"item\":\"https:\\\/\\\/midsa.es\\\/\"},{\"@type\":\"ListItem\",\"position\":2,\"name\":\"POSTURA Y RESPIRACION BUCAL\"}]},{\"@type\":\"WebSite\",\"@id\":\"https:\\\/\\\/midsa.es\\\/#website\",\"url\":\"https:\\\/\\\/midsa.es\\\/\",\"name\":\"Midsa Odontolog\u00eda & Co\",\"description\":\"Somos MIDSA, Cl\u00ednica Dental en L&#039;Eixample, Valencia. Odontolog\u00eda avanzada con trato cercano en el coraz\u00f3n de Valencia.\",\"publisher\":{\"@id\":\"https:\\\/\\\/midsa.es\\\/#organization\"},\"alternateName\":\"Midsa Odontolog\u00eda\",\"potentialAction\":[{\"@type\":\"SearchAction\",\"target\":{\"@type\":\"EntryPoint\",\"urlTemplate\":\"https:\\\/\\\/midsa.es\\\/?s={search_term_string}\"},\"query-input\":{\"@type\":\"PropertyValueSpecification\",\"valueRequired\":true,\"valueName\":\"search_term_string\"}}],\"inLanguage\":\"fr-FR\"},{\"@type\":\"Organization\",\"@id\":\"https:\\\/\\\/midsa.es\\\/#organization\",\"name\":\"Midsa Odontolog\u00eda & Co\",\"alternateName\":\"Midsa Odontolog\u00eda\",\"url\":\"https:\\\/\\\/midsa.es\\\/\",\"logo\":{\"@type\":\"ImageObject\",\"inLanguage\":\"fr-FR\",\"@id\":\"https:\\\/\\\/midsa.es\\\/#\\\/schema\\\/logo\\\/image\\\/\",\"url\":\"https:\\\/\\\/midsa.es\\\/wp-content\\\/uploads\\\/2026\\\/03\\\/logo_midsa.png\",\"contentUrl\":\"https:\\\/\\\/midsa.es\\\/wp-content\\\/uploads\\\/2026\\\/03\\\/logo_midsa.png\",\"width\":1080,\"height\":361,\"caption\":\"Midsa Odontolog\u00eda & Co\"},\"image\":{\"@id\":\"https:\\\/\\\/midsa.es\\\/#\\\/schema\\\/logo\\\/image\\\/\"},\"sameAs\":[\"https:\\\/\\\/www.facebook.com\\\/midsaodontologiavalencia\",\"https:\\\/\\\/www.instagram.com\\\/midsaodontologia\\\/\"]},{\"@type\":\"Person\",\"@id\":\"https:\\\/\\\/midsa.es\\\/#\\\/schema\\\/person\\\/2c8f0a79218dad8660f4eeb9876dfee7\",\"name\":\"senda_midsa\",\"image\":{\"@type\":\"ImageObject\",\"inLanguage\":\"fr-FR\",\"@id\":\"https:\\\/\\\/secure.gravatar.com\\\/avatar\\\/2ad25152d66ab68f233ff1e771f5f5b61808045f5b306f63250027046f2b84c4?s=96&d=mm&r=g\",\"url\":\"https:\\\/\\\/secure.gravatar.com\\\/avatar\\\/2ad25152d66ab68f233ff1e771f5f5b61808045f5b306f63250027046f2b84c4?s=96&d=mm&r=g\",\"contentUrl\":\"https:\\\/\\\/secure.gravatar.com\\\/avatar\\\/2ad25152d66ab68f233ff1e771f5f5b61808045f5b306f63250027046f2b84c4?s=96&d=mm&r=g\",\"caption\":\"senda_midsa\"},\"sameAs\":[\"https:\\\/\\\/midsa.es\"],\"url\":\"https:\\\/\\\/midsa.es\\\/fr\\\/author\\\/senda_midsa\\\/\"}]}<\/script>\n<!-- \/ Yoast SEO plugin. -->","yoast_head_json":{"title":"POSTURE ET RESPIRATION BUCCALE \u2014 MIDSA","robots":{"index":"index","follow":"follow","max-snippet":"max-snippet:-1","max-image-preview":"max-image-preview:large","max-video-preview":"max-video-preview:-1"},"canonical":"https:\/\/midsa.es\/fr\/posture-et-respiration-buccale\/","og_locale":"fr_FR","og_type":"article","og_title":"POSTURA Y RESPIRACION BUCAL &#8212; MIDSA","og_description":"La respiraci\u00f3n es una funci\u00f3n innata y vital en el ser humano. La respiraci\u00f3n normal, tambi\u00e9n llamada nasal, es aquella en la que el aire [&hellip;]","og_url":"https:\/\/midsa.es\/fr\/posture-et-respiration-buccale\/","og_site_name":"MIDSA","article_publisher":"https:\/\/www.facebook.com\/midsaodontologiavalencia","article_published_time":"2022-12-23T09:11:38+00:00","og_image":[{"width":442,"height":796,"url":"https:\/\/midsa.es\/wp-content\/uploads\/2026\/02\/Captura-de-Pantalla-2022-12-23-a-las-11.17.45.png","type":"image\/png"}],"author":"senda_midsa","twitter_card":"summary_large_image","twitter_misc":{"\u00c9crit par":"senda_midsa","Dur\u00e9e de lecture estim\u00e9e":"3 minutes"},"schema":{"@context":"https:\/\/schema.org","@graph":[{"@type":"Article","@id":"https:\/\/midsa.es\/postura-y-respiracion-bucal\/#article","isPartOf":{"@id":"https:\/\/midsa.es\/postura-y-respiracion-bucal\/"},"author":{"name":"senda_midsa","@id":"https:\/\/midsa.es\/#\/schema\/person\/2c8f0a79218dad8660f4eeb9876dfee7"},"headline":"POSTURA Y RESPIRACION BUCAL","datePublished":"2022-12-23T09:11:38+00:00","mainEntityOfPage":{"@id":"https:\/\/midsa.es\/postura-y-respiracion-bucal\/"},"wordCount":505,"commentCount":0,"publisher":{"@id":"https:\/\/midsa.es\/#organization"},"image":{"@id":"https:\/\/midsa.es\/postura-y-respiracion-bucal\/#primaryimage"},"thumbnailUrl":"https:\/\/midsa.es\/wp-content\/uploads\/2026\/02\/Captura-de-Pantalla-2022-12-23-a-las-11.17.45.png","articleSection":["ORTODONCIA MIOFUNCIONAL"],"inLanguage":"fr-FR","potentialAction":[{"@type":"CommentAction","name":"Comment","target":["https:\/\/midsa.es\/postura-y-respiracion-bucal\/#respond"]}]},{"@type":"WebPage","@id":"https:\/\/midsa.es\/postura-y-respiracion-bucal\/","url":"https:\/\/midsa.es\/postura-y-respiracion-bucal\/","name":"POSTURE ET RESPIRATION BUCCALE \u2014 MIDSA","isPartOf":{"@id":"https:\/\/midsa.es\/#website"},"primaryImageOfPage":{"@id":"https:\/\/midsa.es\/postura-y-respiracion-bucal\/#primaryimage"},"image":{"@id":"https:\/\/midsa.es\/postura-y-respiracion-bucal\/#primaryimage"},"thumbnailUrl":"https:\/\/midsa.es\/wp-content\/uploads\/2026\/02\/Captura-de-Pantalla-2022-12-23-a-las-11.17.45.png","datePublished":"2022-12-23T09:11:38+00:00","breadcrumb":{"@id":"https:\/\/midsa.es\/postura-y-respiracion-bucal\/#breadcrumb"},"inLanguage":"fr-FR","potentialAction":[{"@type":"ReadAction","target":["https:\/\/midsa.es\/postura-y-respiracion-bucal\/"]}]},{"@type":"ImageObject","inLanguage":"fr-FR","@id":"https:\/\/midsa.es\/postura-y-respiracion-bucal\/#primaryimage","url":"https:\/\/midsa.es\/wp-content\/uploads\/2026\/02\/Captura-de-Pantalla-2022-12-23-a-las-11.17.45.png","contentUrl":"https:\/\/midsa.es\/wp-content\/uploads\/2026\/02\/Captura-de-Pantalla-2022-12-23-a-las-11.17.45.png","width":442,"height":796},{"@type":"BreadcrumbList","@id":"https:\/\/midsa.es\/postura-y-respiracion-bucal\/#breadcrumb","itemListElement":[{"@type":"ListItem","position":1,"name":"Portada","item":"https:\/\/midsa.es\/"},{"@type":"ListItem","position":2,"name":"POSTURA Y RESPIRACION BUCAL"}]},{"@type":"WebSite","@id":"https:\/\/midsa.es\/#website","url":"https:\/\/midsa.es\/","name":"Midsa Dentistry &amp; Co","description":"Nous sommes MIDSA, une clinique dentaire situ\u00e9e dans le quartier de l&#039;Eixample \u00e0 Valence. Des soins dentaires de pointe et un accompagnement personnalis\u00e9 au c\u0153ur de Valence.","publisher":{"@id":"https:\/\/midsa.es\/#organization"},"alternateName":"Midsa Odontolog\u00eda","potentialAction":[{"@type":"SearchAction","target":{"@type":"EntryPoint","urlTemplate":"https:\/\/midsa.es\/?s={search_term_string}"},"query-input":{"@type":"PropertyValueSpecification","valueRequired":true,"valueName":"search_term_string"}}],"inLanguage":"fr-FR"},{"@type":"Organization","@id":"https:\/\/midsa.es\/#organization","name":"Midsa Dentistry &amp; Co","alternateName":"Midsa Odontolog\u00eda","url":"https:\/\/midsa.es\/","logo":{"@type":"ImageObject","inLanguage":"fr-FR","@id":"https:\/\/midsa.es\/#\/schema\/logo\/image\/","url":"https:\/\/midsa.es\/wp-content\/uploads\/2026\/03\/logo_midsa.png","contentUrl":"https:\/\/midsa.es\/wp-content\/uploads\/2026\/03\/logo_midsa.png","width":1080,"height":361,"caption":"Midsa Odontolog\u00eda & Co"},"image":{"@id":"https:\/\/midsa.es\/#\/schema\/logo\/image\/"},"sameAs":["https:\/\/www.facebook.com\/midsaodontologiavalencia","https:\/\/www.instagram.com\/midsaodontologia\/"]},{"@type":"Person","@id":"https:\/\/midsa.es\/#\/schema\/person\/2c8f0a79218dad8660f4eeb9876dfee7","name":"senda_midsa","image":{"@type":"ImageObject","inLanguage":"fr-FR","@id":"https:\/\/secure.gravatar.com\/avatar\/2ad25152d66ab68f233ff1e771f5f5b61808045f5b306f63250027046f2b84c4?s=96&d=mm&r=g","url":"https:\/\/secure.gravatar.com\/avatar\/2ad25152d66ab68f233ff1e771f5f5b61808045f5b306f63250027046f2b84c4?s=96&d=mm&r=g","contentUrl":"https:\/\/secure.gravatar.com\/avatar\/2ad25152d66ab68f233ff1e771f5f5b61808045f5b306f63250027046f2b84c4?s=96&d=mm&r=g","caption":"senda_midsa"},"sameAs":["https:\/\/midsa.es"],"url":"https:\/\/midsa.es\/fr\/author\/senda_midsa\/"}]}},"_links":{"self":[{"href":"https:\/\/midsa.es\/fr\/wp-json\/wp\/v2\/posts\/264","targetHints":{"allow":["GET"]}}],"collection":[{"href":"https:\/\/midsa.es\/fr\/wp-json\/wp\/v2\/posts"}],"about":[{"href":"https:\/\/midsa.es\/fr\/wp-json\/wp\/v2\/types\/post"}],"author":[{"embeddable":true,"href":"https:\/\/midsa.es\/fr\/wp-json\/wp\/v2\/users\/1"}],"replies":[{"embeddable":true,"href":"https:\/\/midsa.es\/fr\/wp-json\/wp\/v2\/comments?post=264"}],"version-history":[{"count":0,"href":"https:\/\/midsa.es\/fr\/wp-json\/wp\/v2\/posts\/264\/revisions"}],"wp:featuredmedia":[{"embeddable":true,"href":"https:\/\/midsa.es\/fr\/wp-json\/wp\/v2\/media\/265"}],"wp:attachment":[{"href":"https:\/\/midsa.es\/fr\/wp-json\/wp\/v2\/media?parent=264"}],"wp:term":[{"taxonomy":"category","embeddable":true,"href":"https:\/\/midsa.es\/fr\/wp-json\/wp\/v2\/categories?post=264"},{"taxonomy":"post_tag","embeddable":true,"href":"https:\/\/midsa.es\/fr\/wp-json\/wp\/v2\/tags?post=264"}],"curies":[{"name":"wp","href":"https:\/\/api.w.org\/{rel}","templated":true}]}}