{"id":252,"date":"2022-03-23T11:27:51","date_gmt":"2022-03-23T10:27:51","guid":{"rendered":"https:\/\/midsa.es\/nueva\/index.php\/2022\/03\/23\/la-respiracion-bucal-causa-dientes-torcidos\/"},"modified":"2022-03-23T11:27:51","modified_gmt":"2022-03-23T10:27:51","slug":"la-respiration-buccale-provoque-des-dents-tordues","status":"publish","type":"post","link":"https:\/\/midsa.es\/fr\/la-respiracion-bucal-causa-dientes-torcidos\/","title":{"rendered":"La respiration buccale provoque des dents tordues."},"content":{"rendered":"<p>La respiration buccale provoque des dents tordues.<\/p>\n\n\n\n<figure class=\"wp-block-embed is-type-video is-provider-youtube wp-block-embed-youtube wp-embed-aspect-4-3 wp-has-aspect-ratio\"><div class=\"wp-block-embed__wrapper\">\n<iframe title=\"La respiration buccale provoque des dents tordues.\" width=\"500\" height=\"375\" src=\"https:\/\/www.youtube.com\/embed\/zf-QTadEe3k?feature=oembed\" frameborder=\"0\" allow=\"accelerometer; autoplay; clipboard-write; encrypted-media; gyroscope; picture-in-picture; web-share\" referrerpolicy=\"strict-origin-when-cross-origin\" allowfullscreen><\/iframe>\n<\/div><\/figure>\n\n\n\n<p>Oui, la respiration buccale a de nombreux effets n\u00e9fastes sur les adultes comme sur les enfants. Une bonne posture de la langue et une respiration nasale sont essentielles.<\/p>\n\n\n\n<p>Avec le temps, les enfants qui respirent par la bouche sans traitement peuvent pr\u00e9senter des anomalies du d\u00e9veloppement facial et dentaire, comme un visage et une bouche allong\u00e9s et \u00e9troits, un sourire gingival, une gingivite et des dents mal align\u00e9es. Les mauvaises habitudes de sommeil qui en r\u00e9sultent peuvent nuire \u00e0 leur croissance, \u00e0 leur comportement et \u00e0 leurs r\u00e9sultats scolaires.<\/p>\n\n\n\n<p>Chez l&#039;adulte, la respiration buccale chronique peut provoquer une mauvaise haleine, des caries et des maladies des gencives, ainsi qu&#039;une s\u00e9cheresse buccale, un mauvais alignement des dents, des ronflements, des troubles du sommeil et de la fatigue. Elle peut \u00e9galement aggraver les sympt\u00f4mes d&#039;autres maladies.<br \/>Le mieux, pour les enfants comme pour les adultes, est de recevoir un traitement d\u00e8s le d\u00e9but et le plus t\u00f4t possible.<\/p>\n\n\n\n<p>Si cela vous concerne ou concerne une personne de votre entourage, n&#039;h\u00e9sitez pas \u00e0 nous appeler\u00a0; nous vous expliquerons le traitement et r\u00e9pondrons \u00e0 vos questions.<\/p>","protected":false},"excerpt":{"rendered":"<p>La respiraci\u00f3n bucal causa dientes torcidos S\u00ed, respirar por la boca tiene muchos efectos adversos tanto en adultos como en ni\u00f1os. La postura correcta de [&hellip;]<\/p>\n","protected":false},"author":1,"featured_media":253,"comment_status":"open","ping_status":"open","sticky":false,"template":"","format":"standard","meta":{"_acf_changed":false,"footnotes":""},"categories":[6,7],"tags":[],"class_list":["post-252","post","type-post","status-publish","format-standard","has-post-thumbnail","hentry","category-odontopediatria","category-ortodoncia-miofuncional"],"acf":[],"yoast_head":"<!-- This site is optimized with the Yoast SEO plugin v27.5 - https:\/\/yoast.com\/product\/yoast-seo-wordpress\/ -->\n<title>La respiraci\u00f3n bucal causa dientes torcidos &#8212; MIDSA<\/title>\n<meta name=\"robots\" content=\"index, follow, max-snippet:-1, max-image-preview:large, max-video-preview:-1\" \/>\n<link rel=\"canonical\" href=\"https:\/\/midsa.es\/fr\/la-respiration-buccale-provoque-des-dents-tordues\/\" \/>\n<meta property=\"og:locale\" content=\"fr_FR\" \/>\n<meta property=\"og:type\" content=\"article\" \/>\n<meta property=\"og:title\" content=\"La respiraci\u00f3n bucal causa dientes torcidos &#8212; MIDSA\" \/>\n<meta property=\"og:description\" content=\"La respiraci\u00f3n bucal causa dientes torcidos S\u00ed, respirar por la boca tiene muchos efectos adversos tanto en adultos como en ni\u00f1os. La postura correcta de [&hellip;]\" \/>\n<meta property=\"og:url\" content=\"https:\/\/midsa.es\/fr\/la-respiration-buccale-provoque-des-dents-tordues\/\" \/>\n<meta property=\"og:site_name\" content=\"MIDSA\" \/>\n<meta property=\"article:publisher\" content=\"https:\/\/www.facebook.com\/midsaodontologiavalencia\" \/>\n<meta property=\"article:published_time\" content=\"2022-03-23T10:27:51+00:00\" \/>\n<meta property=\"og:image\" content=\"https:\/\/midsa.es\/wp-content\/uploads\/2026\/02\/respiracion-bucal-y-dientes-torcidos.jpg\" \/>\n\t<meta property=\"og:image:width\" content=\"826\" \/>\n\t<meta property=\"og:image:height\" content=\"462\" \/>\n\t<meta property=\"og:image:type\" content=\"image\/jpeg\" \/>\n<meta name=\"author\" content=\"senda_midsa\" \/>\n<meta name=\"twitter:card\" content=\"summary_large_image\" \/>\n<meta name=\"twitter:label1\" content=\"\u00c9crit par\" \/>\n\t<meta name=\"twitter:data1\" content=\"senda_midsa\" \/>\n\t<meta name=\"twitter:label2\" content=\"Dur\u00e9e de lecture estim\u00e9e\" \/>\n\t<meta name=\"twitter:data2\" content=\"1 minute\" \/>\n<script type=\"application\/ld+json\" class=\"yoast-schema-graph\">{\"@context\":\"https:\\\/\\\/schema.org\",\"@graph\":[{\"@type\":\"Article\",\"@id\":\"https:\\\/\\\/midsa.es\\\/la-respiracion-bucal-causa-dientes-torcidos\\\/#article\",\"isPartOf\":{\"@id\":\"https:\\\/\\\/midsa.es\\\/la-respiracion-bucal-causa-dientes-torcidos\\\/\"},\"author\":{\"name\":\"senda_midsa\",\"@id\":\"https:\\\/\\\/midsa.es\\\/#\\\/schema\\\/person\\\/2c8f0a79218dad8660f4eeb9876dfee7\"},\"headline\":\"La respiraci\u00f3n bucal causa dientes torcidos\",\"datePublished\":\"2022-03-23T10:27:51+00:00\",\"mainEntityOfPage\":{\"@id\":\"https:\\\/\\\/midsa.es\\\/la-respiracion-bucal-causa-dientes-torcidos\\\/\"},\"wordCount\":193,\"commentCount\":0,\"publisher\":{\"@id\":\"https:\\\/\\\/midsa.es\\\/#organization\"},\"image\":{\"@id\":\"https:\\\/\\\/midsa.es\\\/la-respiracion-bucal-causa-dientes-torcidos\\\/#primaryimage\"},\"thumbnailUrl\":\"https:\\\/\\\/midsa.es\\\/wp-content\\\/uploads\\\/2026\\\/02\\\/respiracion-bucal-y-dientes-torcidos.jpg\",\"articleSection\":[\"ODONTOPEDIATRIA\",\"ORTODONCIA MIOFUNCIONAL\"],\"inLanguage\":\"fr-FR\",\"potentialAction\":[{\"@type\":\"CommentAction\",\"name\":\"Comment\",\"target\":[\"https:\\\/\\\/midsa.es\\\/la-respiracion-bucal-causa-dientes-torcidos\\\/#respond\"]}]},{\"@type\":\"WebPage\",\"@id\":\"https:\\\/\\\/midsa.es\\\/la-respiracion-bucal-causa-dientes-torcidos\\\/\",\"url\":\"https:\\\/\\\/midsa.es\\\/la-respiracion-bucal-causa-dientes-torcidos\\\/\",\"name\":\"La respiraci\u00f3n bucal causa dientes torcidos &#8212; MIDSA\",\"isPartOf\":{\"@id\":\"https:\\\/\\\/midsa.es\\\/#website\"},\"primaryImageOfPage\":{\"@id\":\"https:\\\/\\\/midsa.es\\\/la-respiracion-bucal-causa-dientes-torcidos\\\/#primaryimage\"},\"image\":{\"@id\":\"https:\\\/\\\/midsa.es\\\/la-respiracion-bucal-causa-dientes-torcidos\\\/#primaryimage\"},\"thumbnailUrl\":\"https:\\\/\\\/midsa.es\\\/wp-content\\\/uploads\\\/2026\\\/02\\\/respiracion-bucal-y-dientes-torcidos.jpg\",\"datePublished\":\"2022-03-23T10:27:51+00:00\",\"breadcrumb\":{\"@id\":\"https:\\\/\\\/midsa.es\\\/la-respiracion-bucal-causa-dientes-torcidos\\\/#breadcrumb\"},\"inLanguage\":\"fr-FR\",\"potentialAction\":[{\"@type\":\"ReadAction\",\"target\":[\"https:\\\/\\\/midsa.es\\\/la-respiracion-bucal-causa-dientes-torcidos\\\/\"]}]},{\"@type\":\"ImageObject\",\"inLanguage\":\"fr-FR\",\"@id\":\"https:\\\/\\\/midsa.es\\\/la-respiracion-bucal-causa-dientes-torcidos\\\/#primaryimage\",\"url\":\"https:\\\/\\\/midsa.es\\\/wp-content\\\/uploads\\\/2026\\\/02\\\/respiracion-bucal-y-dientes-torcidos.jpg\",\"contentUrl\":\"https:\\\/\\\/midsa.es\\\/wp-content\\\/uploads\\\/2026\\\/02\\\/respiracion-bucal-y-dientes-torcidos.jpg\",\"width\":826,\"height\":462},{\"@type\":\"BreadcrumbList\",\"@id\":\"https:\\\/\\\/midsa.es\\\/la-respiracion-bucal-causa-dientes-torcidos\\\/#breadcrumb\",\"itemListElement\":[{\"@type\":\"ListItem\",\"position\":1,\"name\":\"Portada\",\"item\":\"https:\\\/\\\/midsa.es\\\/\"},{\"@type\":\"ListItem\",\"position\":2,\"name\":\"La respiraci\u00f3n bucal causa dientes torcidos\"}]},{\"@type\":\"WebSite\",\"@id\":\"https:\\\/\\\/midsa.es\\\/#website\",\"url\":\"https:\\\/\\\/midsa.es\\\/\",\"name\":\"Midsa Odontolog\u00eda & Co\",\"description\":\"Somos MIDSA, Cl\u00ednica Dental en L&#039;Eixample, Valencia. Odontolog\u00eda avanzada con trato cercano en el coraz\u00f3n de Valencia.\",\"publisher\":{\"@id\":\"https:\\\/\\\/midsa.es\\\/#organization\"},\"alternateName\":\"Midsa Odontolog\u00eda\",\"potentialAction\":[{\"@type\":\"SearchAction\",\"target\":{\"@type\":\"EntryPoint\",\"urlTemplate\":\"https:\\\/\\\/midsa.es\\\/?s={search_term_string}\"},\"query-input\":{\"@type\":\"PropertyValueSpecification\",\"valueRequired\":true,\"valueName\":\"search_term_string\"}}],\"inLanguage\":\"fr-FR\"},{\"@type\":\"Organization\",\"@id\":\"https:\\\/\\\/midsa.es\\\/#organization\",\"name\":\"Midsa Odontolog\u00eda & Co\",\"alternateName\":\"Midsa Odontolog\u00eda\",\"url\":\"https:\\\/\\\/midsa.es\\\/\",\"logo\":{\"@type\":\"ImageObject\",\"inLanguage\":\"fr-FR\",\"@id\":\"https:\\\/\\\/midsa.es\\\/#\\\/schema\\\/logo\\\/image\\\/\",\"url\":\"https:\\\/\\\/midsa.es\\\/wp-content\\\/uploads\\\/2026\\\/03\\\/logo_midsa.png\",\"contentUrl\":\"https:\\\/\\\/midsa.es\\\/wp-content\\\/uploads\\\/2026\\\/03\\\/logo_midsa.png\",\"width\":1080,\"height\":361,\"caption\":\"Midsa Odontolog\u00eda & Co\"},\"image\":{\"@id\":\"https:\\\/\\\/midsa.es\\\/#\\\/schema\\\/logo\\\/image\\\/\"},\"sameAs\":[\"https:\\\/\\\/www.facebook.com\\\/midsaodontologiavalencia\",\"https:\\\/\\\/www.instagram.com\\\/midsaodontologia\\\/\"]},{\"@type\":\"Person\",\"@id\":\"https:\\\/\\\/midsa.es\\\/#\\\/schema\\\/person\\\/2c8f0a79218dad8660f4eeb9876dfee7\",\"name\":\"senda_midsa\",\"image\":{\"@type\":\"ImageObject\",\"inLanguage\":\"fr-FR\",\"@id\":\"https:\\\/\\\/secure.gravatar.com\\\/avatar\\\/2ad25152d66ab68f233ff1e771f5f5b61808045f5b306f63250027046f2b84c4?s=96&d=mm&r=g\",\"url\":\"https:\\\/\\\/secure.gravatar.com\\\/avatar\\\/2ad25152d66ab68f233ff1e771f5f5b61808045f5b306f63250027046f2b84c4?s=96&d=mm&r=g\",\"contentUrl\":\"https:\\\/\\\/secure.gravatar.com\\\/avatar\\\/2ad25152d66ab68f233ff1e771f5f5b61808045f5b306f63250027046f2b84c4?s=96&d=mm&r=g\",\"caption\":\"senda_midsa\"},\"sameAs\":[\"https:\\\/\\\/midsa.es\"],\"url\":\"https:\\\/\\\/midsa.es\\\/fr\\\/author\\\/senda_midsa\\\/\"}]}<\/script>\n<!-- \/ Yoast SEO plugin. -->","yoast_head_json":{"title":"Respirer par la bouche provoque des dents tordues \u2014 MIDSA","robots":{"index":"index","follow":"follow","max-snippet":"max-snippet:-1","max-image-preview":"max-image-preview:large","max-video-preview":"max-video-preview:-1"},"canonical":"https:\/\/midsa.es\/fr\/la-respiration-buccale-provoque-des-dents-tordues\/","og_locale":"fr_FR","og_type":"article","og_title":"La respiraci\u00f3n bucal causa dientes torcidos &#8212; MIDSA","og_description":"La respiraci\u00f3n bucal causa dientes torcidos S\u00ed, respirar por la boca tiene muchos efectos adversos tanto en adultos como en ni\u00f1os. La postura correcta de [&hellip;]","og_url":"https:\/\/midsa.es\/fr\/la-respiration-buccale-provoque-des-dents-tordues\/","og_site_name":"MIDSA","article_publisher":"https:\/\/www.facebook.com\/midsaodontologiavalencia","article_published_time":"2022-03-23T10:27:51+00:00","og_image":[{"width":826,"height":462,"url":"https:\/\/midsa.es\/wp-content\/uploads\/2026\/02\/respiracion-bucal-y-dientes-torcidos.jpg","type":"image\/jpeg"}],"author":"senda_midsa","twitter_card":"summary_large_image","twitter_misc":{"\u00c9crit par":"senda_midsa","Dur\u00e9e de lecture estim\u00e9e":"1 minute"},"schema":{"@context":"https:\/\/schema.org","@graph":[{"@type":"Article","@id":"https:\/\/midsa.es\/la-respiracion-bucal-causa-dientes-torcidos\/#article","isPartOf":{"@id":"https:\/\/midsa.es\/la-respiracion-bucal-causa-dientes-torcidos\/"},"author":{"name":"senda_midsa","@id":"https:\/\/midsa.es\/#\/schema\/person\/2c8f0a79218dad8660f4eeb9876dfee7"},"headline":"La respiraci\u00f3n bucal causa dientes torcidos","datePublished":"2022-03-23T10:27:51+00:00","mainEntityOfPage":{"@id":"https:\/\/midsa.es\/la-respiracion-bucal-causa-dientes-torcidos\/"},"wordCount":193,"commentCount":0,"publisher":{"@id":"https:\/\/midsa.es\/#organization"},"image":{"@id":"https:\/\/midsa.es\/la-respiracion-bucal-causa-dientes-torcidos\/#primaryimage"},"thumbnailUrl":"https:\/\/midsa.es\/wp-content\/uploads\/2026\/02\/respiracion-bucal-y-dientes-torcidos.jpg","articleSection":["ODONTOPEDIATRIA","ORTODONCIA MIOFUNCIONAL"],"inLanguage":"fr-FR","potentialAction":[{"@type":"CommentAction","name":"Comment","target":["https:\/\/midsa.es\/la-respiracion-bucal-causa-dientes-torcidos\/#respond"]}]},{"@type":"WebPage","@id":"https:\/\/midsa.es\/la-respiracion-bucal-causa-dientes-torcidos\/","url":"https:\/\/midsa.es\/la-respiracion-bucal-causa-dientes-torcidos\/","name":"Respirer par la bouche provoque des dents tordues \u2014 MIDSA","isPartOf":{"@id":"https:\/\/midsa.es\/#website"},"primaryImageOfPage":{"@id":"https:\/\/midsa.es\/la-respiracion-bucal-causa-dientes-torcidos\/#primaryimage"},"image":{"@id":"https:\/\/midsa.es\/la-respiracion-bucal-causa-dientes-torcidos\/#primaryimage"},"thumbnailUrl":"https:\/\/midsa.es\/wp-content\/uploads\/2026\/02\/respiracion-bucal-y-dientes-torcidos.jpg","datePublished":"2022-03-23T10:27:51+00:00","breadcrumb":{"@id":"https:\/\/midsa.es\/la-respiracion-bucal-causa-dientes-torcidos\/#breadcrumb"},"inLanguage":"fr-FR","potentialAction":[{"@type":"ReadAction","target":["https:\/\/midsa.es\/la-respiracion-bucal-causa-dientes-torcidos\/"]}]},{"@type":"ImageObject","inLanguage":"fr-FR","@id":"https:\/\/midsa.es\/la-respiracion-bucal-causa-dientes-torcidos\/#primaryimage","url":"https:\/\/midsa.es\/wp-content\/uploads\/2026\/02\/respiracion-bucal-y-dientes-torcidos.jpg","contentUrl":"https:\/\/midsa.es\/wp-content\/uploads\/2026\/02\/respiracion-bucal-y-dientes-torcidos.jpg","width":826,"height":462},{"@type":"BreadcrumbList","@id":"https:\/\/midsa.es\/la-respiracion-bucal-causa-dientes-torcidos\/#breadcrumb","itemListElement":[{"@type":"ListItem","position":1,"name":"Portada","item":"https:\/\/midsa.es\/"},{"@type":"ListItem","position":2,"name":"La respiraci\u00f3n bucal causa dientes torcidos"}]},{"@type":"WebSite","@id":"https:\/\/midsa.es\/#website","url":"https:\/\/midsa.es\/","name":"Midsa Dentistry &amp; Co","description":"Nous sommes MIDSA, une clinique dentaire situ\u00e9e dans le quartier de l&#039;Eixample \u00e0 Valence. Des soins dentaires de pointe et un accompagnement personnalis\u00e9 au c\u0153ur de Valence.","publisher":{"@id":"https:\/\/midsa.es\/#organization"},"alternateName":"Midsa Odontolog\u00eda","potentialAction":[{"@type":"SearchAction","target":{"@type":"EntryPoint","urlTemplate":"https:\/\/midsa.es\/?s={search_term_string}"},"query-input":{"@type":"PropertyValueSpecification","valueRequired":true,"valueName":"search_term_string"}}],"inLanguage":"fr-FR"},{"@type":"Organization","@id":"https:\/\/midsa.es\/#organization","name":"Midsa Dentistry &amp; Co","alternateName":"Midsa Odontolog\u00eda","url":"https:\/\/midsa.es\/","logo":{"@type":"ImageObject","inLanguage":"fr-FR","@id":"https:\/\/midsa.es\/#\/schema\/logo\/image\/","url":"https:\/\/midsa.es\/wp-content\/uploads\/2026\/03\/logo_midsa.png","contentUrl":"https:\/\/midsa.es\/wp-content\/uploads\/2026\/03\/logo_midsa.png","width":1080,"height":361,"caption":"Midsa Odontolog\u00eda & Co"},"image":{"@id":"https:\/\/midsa.es\/#\/schema\/logo\/image\/"},"sameAs":["https:\/\/www.facebook.com\/midsaodontologiavalencia","https:\/\/www.instagram.com\/midsaodontologia\/"]},{"@type":"Person","@id":"https:\/\/midsa.es\/#\/schema\/person\/2c8f0a79218dad8660f4eeb9876dfee7","name":"senda_midsa","image":{"@type":"ImageObject","inLanguage":"fr-FR","@id":"https:\/\/secure.gravatar.com\/avatar\/2ad25152d66ab68f233ff1e771f5f5b61808045f5b306f63250027046f2b84c4?s=96&d=mm&r=g","url":"https:\/\/secure.gravatar.com\/avatar\/2ad25152d66ab68f233ff1e771f5f5b61808045f5b306f63250027046f2b84c4?s=96&d=mm&r=g","contentUrl":"https:\/\/secure.gravatar.com\/avatar\/2ad25152d66ab68f233ff1e771f5f5b61808045f5b306f63250027046f2b84c4?s=96&d=mm&r=g","caption":"senda_midsa"},"sameAs":["https:\/\/midsa.es"],"url":"https:\/\/midsa.es\/fr\/author\/senda_midsa\/"}]}},"_links":{"self":[{"href":"https:\/\/midsa.es\/fr\/wp-json\/wp\/v2\/posts\/252","targetHints":{"allow":["GET"]}}],"collection":[{"href":"https:\/\/midsa.es\/fr\/wp-json\/wp\/v2\/posts"}],"about":[{"href":"https:\/\/midsa.es\/fr\/wp-json\/wp\/v2\/types\/post"}],"author":[{"embeddable":true,"href":"https:\/\/midsa.es\/fr\/wp-json\/wp\/v2\/users\/1"}],"replies":[{"embeddable":true,"href":"https:\/\/midsa.es\/fr\/wp-json\/wp\/v2\/comments?post=252"}],"version-history":[{"count":0,"href":"https:\/\/midsa.es\/fr\/wp-json\/wp\/v2\/posts\/252\/revisions"}],"wp:featuredmedia":[{"embeddable":true,"href":"https:\/\/midsa.es\/fr\/wp-json\/wp\/v2\/media\/253"}],"wp:attachment":[{"href":"https:\/\/midsa.es\/fr\/wp-json\/wp\/v2\/media?parent=252"}],"wp:term":[{"taxonomy":"category","embeddable":true,"href":"https:\/\/midsa.es\/fr\/wp-json\/wp\/v2\/categories?post=252"},{"taxonomy":"post_tag","embeddable":true,"href":"https:\/\/midsa.es\/fr\/wp-json\/wp\/v2\/tags?post=252"}],"curies":[{"name":"wp","href":"https:\/\/api.w.org\/{rel}","templated":true}]}}