{"id":247,"date":"2022-02-17T11:48:17","date_gmt":"2022-02-17T10:48:17","guid":{"rendered":"https:\/\/midsa.es\/nueva\/index.php\/2022\/02\/17\/cuando-visitar-al-odontopediatra\/"},"modified":"2022-02-17T11:48:17","modified_gmt":"2022-02-17T10:48:17","slug":"quand-consulter-le-dentiste-pediatrique","status":"publish","type":"post","link":"https:\/\/midsa.es\/fr\/cuando-visitar-al-odontopediatra\/","title":{"rendered":"Quand faut-il consulter un dentiste p\u00e9diatrique\u00a0?"},"content":{"rendered":"<p><br \/>La premi\u00e8re visite chez le dentiste p\u00e9diatrique devrait avoir lieu avant m\u00eame l&#039;apparition de la premi\u00e8re dent de lait. Il s&#039;agit d&#039;un examen buccal rapide et simple permettant de d\u00e9tecter toute anomalie au niveau des premi\u00e8res dents, de la langue ou du frein de la langue (qui peut g\u00eaner l&#039;allaitement et n\u00e9cessiter une fr\u00e9nectomie dans ces cas).<br \/>De plus, nous apprenons aux parents comment brosser les dents de leur enfant et leur expliquons quelle brosse \u00e0 dents et quel dentifrice utiliser. Nous les informons \u00e9galement sur l&#039;utilisation de la t\u00e9tine et du biberon, la succion du pouce et les aliments cariog\u00e8nes, contribuant ainsi \u00e0 pr\u00e9venir les caries.<br \/>Nous v\u00e9rifierons \u00e9galement si votre enfant respire par le nez et s&#039;il garde la bouche ferm\u00e9e au repos ; s&#039;il mord en arri\u00e8re sur les c\u00f4t\u00e9s ou vers l&#039;avant et si les dents sup\u00e9rieures recouvrent les dents inf\u00e9rieures ; comment il prononce les sons s, zy et r ; s&#039;il dort bien, s&#039;il ronfle, s&#039;il grince beaucoup des dents, etc.<br \/>Traiter ce probl\u00e8me au plus t\u00f4t permettra \u00e0 votre visage de se d\u00e9velopper harmonieusement et pr\u00e9viendra des probl\u00e8mes complexes qui seront difficiles \u00e0 r\u00e9soudre par la suite.<br \/>Emmener nos enfants chez le dentiste p\u00e9diatrique d\u00e8s leur plus jeune \u00e2ge nous \u00e9pargnera bien des soucis, du temps et de l&#039;argent, et ils seront en bonne sant\u00e9 et heureux.<\/p>","protected":false},"excerpt":{"rendered":"<p>La primera visita al Odontopediatra debe realizarse incluso antes de que erupcione el primer diente de leche. Se trata de una revisi\u00f3n de la boca [&hellip;]<\/p>\n","protected":false},"author":1,"featured_media":213,"comment_status":"open","ping_status":"open","sticky":false,"template":"","format":"standard","meta":{"_acf_changed":false,"footnotes":""},"categories":[6],"tags":[],"class_list":["post-247","post","type-post","status-publish","format-standard","has-post-thumbnail","hentry","category-odontopediatria"],"acf":[],"yoast_head":"<!-- This site is optimized with the Yoast SEO plugin v27.5 - https:\/\/yoast.com\/product\/yoast-seo-wordpress\/ -->\n<title>\u00bfCu\u00e1ndo visitar al odontopediatra? &#8212; MIDSA<\/title>\n<meta name=\"description\" content=\"\u00bfCu\u00e1ndo visitar al odontopediatra? Edades clave, se\u00f1ales de alerta y por qu\u00e9 las revisiones peri\u00f3dicas marcan la diferencia en la salud dental.\" \/>\n<meta name=\"robots\" content=\"index, follow, max-snippet:-1, max-image-preview:large, max-video-preview:-1\" \/>\n<link rel=\"canonical\" href=\"https:\/\/midsa.es\/fr\/quand-consulter-le-dentiste-pediatrique\/\" \/>\n<meta property=\"og:locale\" content=\"fr_FR\" \/>\n<meta property=\"og:type\" content=\"article\" \/>\n<meta property=\"og:title\" content=\"\u00bfCu\u00e1ndo visitar al odontopediatra? &#8212; MIDSA\" \/>\n<meta property=\"og:description\" content=\"\u00bfCu\u00e1ndo visitar al odontopediatra? Edades clave, se\u00f1ales de alerta y por qu\u00e9 las revisiones peri\u00f3dicas marcan la diferencia en la salud dental.\" \/>\n<meta property=\"og:url\" content=\"https:\/\/midsa.es\/fr\/quand-consulter-le-dentiste-pediatrique\/\" \/>\n<meta property=\"og:site_name\" content=\"MIDSA\" \/>\n<meta property=\"article:publisher\" content=\"https:\/\/www.facebook.com\/midsaodontologiavalencia\" \/>\n<meta property=\"article:published_time\" content=\"2022-02-17T10:48:17+00:00\" \/>\n<meta property=\"og:image\" content=\"https:\/\/midsa.es\/wp-content\/uploads\/2026\/02\/succion-dedo-pulgar.jpg\" \/>\n\t<meta property=\"og:image:width\" content=\"736\" \/>\n\t<meta property=\"og:image:height\" content=\"473\" \/>\n\t<meta property=\"og:image:type\" content=\"image\/jpeg\" \/>\n<meta name=\"author\" content=\"senda_midsa\" \/>\n<meta name=\"twitter:card\" content=\"summary_large_image\" \/>\n<meta name=\"twitter:label1\" content=\"\u00c9crit par\" \/>\n\t<meta name=\"twitter:data1\" content=\"senda_midsa\" \/>\n\t<meta name=\"twitter:label2\" content=\"Dur\u00e9e de lecture estim\u00e9e\" \/>\n\t<meta name=\"twitter:data2\" content=\"1 minute\" \/>\n<script type=\"application\/ld+json\" class=\"yoast-schema-graph\">{\"@context\":\"https:\\\/\\\/schema.org\",\"@graph\":[{\"@type\":\"Article\",\"@id\":\"https:\\\/\\\/midsa.es\\\/cuando-visitar-al-odontopediatra\\\/#article\",\"isPartOf\":{\"@id\":\"https:\\\/\\\/midsa.es\\\/cuando-visitar-al-odontopediatra\\\/\"},\"author\":{\"name\":\"senda_midsa\",\"@id\":\"https:\\\/\\\/midsa.es\\\/#\\\/schema\\\/person\\\/2c8f0a79218dad8660f4eeb9876dfee7\"},\"headline\":\"\u00bfCu\u00e1ndo visitar al odontopediatra?\",\"datePublished\":\"2022-02-17T10:48:17+00:00\",\"mainEntityOfPage\":{\"@id\":\"https:\\\/\\\/midsa.es\\\/cuando-visitar-al-odontopediatra\\\/\"},\"wordCount\":232,\"commentCount\":0,\"publisher\":{\"@id\":\"https:\\\/\\\/midsa.es\\\/#organization\"},\"image\":{\"@id\":\"https:\\\/\\\/midsa.es\\\/cuando-visitar-al-odontopediatra\\\/#primaryimage\"},\"thumbnailUrl\":\"https:\\\/\\\/midsa.es\\\/wp-content\\\/uploads\\\/2026\\\/02\\\/succion-dedo-pulgar.jpg\",\"articleSection\":[\"ODONTOPEDIATRIA\"],\"inLanguage\":\"fr-FR\",\"potentialAction\":[{\"@type\":\"CommentAction\",\"name\":\"Comment\",\"target\":[\"https:\\\/\\\/midsa.es\\\/cuando-visitar-al-odontopediatra\\\/#respond\"]}]},{\"@type\":\"WebPage\",\"@id\":\"https:\\\/\\\/midsa.es\\\/cuando-visitar-al-odontopediatra\\\/\",\"url\":\"https:\\\/\\\/midsa.es\\\/cuando-visitar-al-odontopediatra\\\/\",\"name\":\"\u00bfCu\u00e1ndo visitar al odontopediatra? &#8212; MIDSA\",\"isPartOf\":{\"@id\":\"https:\\\/\\\/midsa.es\\\/#website\"},\"primaryImageOfPage\":{\"@id\":\"https:\\\/\\\/midsa.es\\\/cuando-visitar-al-odontopediatra\\\/#primaryimage\"},\"image\":{\"@id\":\"https:\\\/\\\/midsa.es\\\/cuando-visitar-al-odontopediatra\\\/#primaryimage\"},\"thumbnailUrl\":\"https:\\\/\\\/midsa.es\\\/wp-content\\\/uploads\\\/2026\\\/02\\\/succion-dedo-pulgar.jpg\",\"datePublished\":\"2022-02-17T10:48:17+00:00\",\"description\":\"\u00bfCu\u00e1ndo visitar al odontopediatra? Edades clave, se\u00f1ales de alerta y por qu\u00e9 las revisiones peri\u00f3dicas marcan la diferencia en la salud dental.\",\"breadcrumb\":{\"@id\":\"https:\\\/\\\/midsa.es\\\/cuando-visitar-al-odontopediatra\\\/#breadcrumb\"},\"inLanguage\":\"fr-FR\",\"potentialAction\":[{\"@type\":\"ReadAction\",\"target\":[\"https:\\\/\\\/midsa.es\\\/cuando-visitar-al-odontopediatra\\\/\"]}]},{\"@type\":\"ImageObject\",\"inLanguage\":\"fr-FR\",\"@id\":\"https:\\\/\\\/midsa.es\\\/cuando-visitar-al-odontopediatra\\\/#primaryimage\",\"url\":\"https:\\\/\\\/midsa.es\\\/wp-content\\\/uploads\\\/2026\\\/02\\\/succion-dedo-pulgar.jpg\",\"contentUrl\":\"https:\\\/\\\/midsa.es\\\/wp-content\\\/uploads\\\/2026\\\/02\\\/succion-dedo-pulgar.jpg\",\"width\":736,\"height\":473},{\"@type\":\"BreadcrumbList\",\"@id\":\"https:\\\/\\\/midsa.es\\\/cuando-visitar-al-odontopediatra\\\/#breadcrumb\",\"itemListElement\":[{\"@type\":\"ListItem\",\"position\":1,\"name\":\"Portada\",\"item\":\"https:\\\/\\\/midsa.es\\\/\"},{\"@type\":\"ListItem\",\"position\":2,\"name\":\"\u00bfCu\u00e1ndo visitar al odontopediatra?\"}]},{\"@type\":\"WebSite\",\"@id\":\"https:\\\/\\\/midsa.es\\\/#website\",\"url\":\"https:\\\/\\\/midsa.es\\\/\",\"name\":\"Midsa Odontolog\u00eda & Co\",\"description\":\"Somos MIDSA, Cl\u00ednica Dental en L&#039;Eixample, Valencia. Odontolog\u00eda avanzada con trato cercano en el coraz\u00f3n de Valencia.\",\"publisher\":{\"@id\":\"https:\\\/\\\/midsa.es\\\/#organization\"},\"alternateName\":\"Midsa Odontolog\u00eda\",\"potentialAction\":[{\"@type\":\"SearchAction\",\"target\":{\"@type\":\"EntryPoint\",\"urlTemplate\":\"https:\\\/\\\/midsa.es\\\/?s={search_term_string}\"},\"query-input\":{\"@type\":\"PropertyValueSpecification\",\"valueRequired\":true,\"valueName\":\"search_term_string\"}}],\"inLanguage\":\"fr-FR\"},{\"@type\":\"Organization\",\"@id\":\"https:\\\/\\\/midsa.es\\\/#organization\",\"name\":\"Midsa Odontolog\u00eda & Co\",\"alternateName\":\"Midsa Odontolog\u00eda\",\"url\":\"https:\\\/\\\/midsa.es\\\/\",\"logo\":{\"@type\":\"ImageObject\",\"inLanguage\":\"fr-FR\",\"@id\":\"https:\\\/\\\/midsa.es\\\/#\\\/schema\\\/logo\\\/image\\\/\",\"url\":\"https:\\\/\\\/midsa.es\\\/wp-content\\\/uploads\\\/2026\\\/03\\\/logo_midsa.png\",\"contentUrl\":\"https:\\\/\\\/midsa.es\\\/wp-content\\\/uploads\\\/2026\\\/03\\\/logo_midsa.png\",\"width\":1080,\"height\":361,\"caption\":\"Midsa Odontolog\u00eda & Co\"},\"image\":{\"@id\":\"https:\\\/\\\/midsa.es\\\/#\\\/schema\\\/logo\\\/image\\\/\"},\"sameAs\":[\"https:\\\/\\\/www.facebook.com\\\/midsaodontologiavalencia\",\"https:\\\/\\\/www.instagram.com\\\/midsaodontologia\\\/\"]},{\"@type\":\"Person\",\"@id\":\"https:\\\/\\\/midsa.es\\\/#\\\/schema\\\/person\\\/2c8f0a79218dad8660f4eeb9876dfee7\",\"name\":\"senda_midsa\",\"image\":{\"@type\":\"ImageObject\",\"inLanguage\":\"fr-FR\",\"@id\":\"https:\\\/\\\/secure.gravatar.com\\\/avatar\\\/2ad25152d66ab68f233ff1e771f5f5b61808045f5b306f63250027046f2b84c4?s=96&d=mm&r=g\",\"url\":\"https:\\\/\\\/secure.gravatar.com\\\/avatar\\\/2ad25152d66ab68f233ff1e771f5f5b61808045f5b306f63250027046f2b84c4?s=96&d=mm&r=g\",\"contentUrl\":\"https:\\\/\\\/secure.gravatar.com\\\/avatar\\\/2ad25152d66ab68f233ff1e771f5f5b61808045f5b306f63250027046f2b84c4?s=96&d=mm&r=g\",\"caption\":\"senda_midsa\"},\"sameAs\":[\"https:\\\/\\\/midsa.es\"],\"url\":\"https:\\\/\\\/midsa.es\\\/fr\\\/author\\\/senda_midsa\\\/\"}]}<\/script>\n<!-- \/ Yoast SEO plugin. -->","yoast_head_json":{"title":"Quand faut-il consulter un dentiste p\u00e9diatrique\u00a0? \u2014 MIDSA","description":"Quand faut-il consulter un dentiste p\u00e9diatrique\u00a0? \u00c2ges cl\u00e9s, signes avant-coureurs et pourquoi des examens r\u00e9guliers sont importants pour la sant\u00e9 dentaire.","robots":{"index":"index","follow":"follow","max-snippet":"max-snippet:-1","max-image-preview":"max-image-preview:large","max-video-preview":"max-video-preview:-1"},"canonical":"https:\/\/midsa.es\/fr\/quand-consulter-le-dentiste-pediatrique\/","og_locale":"fr_FR","og_type":"article","og_title":"\u00bfCu\u00e1ndo visitar al odontopediatra? &#8212; MIDSA","og_description":"\u00bfCu\u00e1ndo visitar al odontopediatra? Edades clave, se\u00f1ales de alerta y por qu\u00e9 las revisiones peri\u00f3dicas marcan la diferencia en la salud dental.","og_url":"https:\/\/midsa.es\/fr\/quand-consulter-le-dentiste-pediatrique\/","og_site_name":"MIDSA","article_publisher":"https:\/\/www.facebook.com\/midsaodontologiavalencia","article_published_time":"2022-02-17T10:48:17+00:00","og_image":[{"width":736,"height":473,"url":"https:\/\/midsa.es\/wp-content\/uploads\/2026\/02\/succion-dedo-pulgar.jpg","type":"image\/jpeg"}],"author":"senda_midsa","twitter_card":"summary_large_image","twitter_misc":{"\u00c9crit par":"senda_midsa","Dur\u00e9e de lecture estim\u00e9e":"1 minute"},"schema":{"@context":"https:\/\/schema.org","@graph":[{"@type":"Article","@id":"https:\/\/midsa.es\/cuando-visitar-al-odontopediatra\/#article","isPartOf":{"@id":"https:\/\/midsa.es\/cuando-visitar-al-odontopediatra\/"},"author":{"name":"senda_midsa","@id":"https:\/\/midsa.es\/#\/schema\/person\/2c8f0a79218dad8660f4eeb9876dfee7"},"headline":"\u00bfCu\u00e1ndo visitar al odontopediatra?","datePublished":"2022-02-17T10:48:17+00:00","mainEntityOfPage":{"@id":"https:\/\/midsa.es\/cuando-visitar-al-odontopediatra\/"},"wordCount":232,"commentCount":0,"publisher":{"@id":"https:\/\/midsa.es\/#organization"},"image":{"@id":"https:\/\/midsa.es\/cuando-visitar-al-odontopediatra\/#primaryimage"},"thumbnailUrl":"https:\/\/midsa.es\/wp-content\/uploads\/2026\/02\/succion-dedo-pulgar.jpg","articleSection":["ODONTOPEDIATRIA"],"inLanguage":"fr-FR","potentialAction":[{"@type":"CommentAction","name":"Comment","target":["https:\/\/midsa.es\/cuando-visitar-al-odontopediatra\/#respond"]}]},{"@type":"WebPage","@id":"https:\/\/midsa.es\/cuando-visitar-al-odontopediatra\/","url":"https:\/\/midsa.es\/cuando-visitar-al-odontopediatra\/","name":"Quand faut-il consulter un dentiste p\u00e9diatrique\u00a0? \u2014 MIDSA","isPartOf":{"@id":"https:\/\/midsa.es\/#website"},"primaryImageOfPage":{"@id":"https:\/\/midsa.es\/cuando-visitar-al-odontopediatra\/#primaryimage"},"image":{"@id":"https:\/\/midsa.es\/cuando-visitar-al-odontopediatra\/#primaryimage"},"thumbnailUrl":"https:\/\/midsa.es\/wp-content\/uploads\/2026\/02\/succion-dedo-pulgar.jpg","datePublished":"2022-02-17T10:48:17+00:00","description":"Quand faut-il consulter un dentiste p\u00e9diatrique\u00a0? \u00c2ges cl\u00e9s, signes avant-coureurs et pourquoi des examens r\u00e9guliers sont importants pour la sant\u00e9 dentaire.","breadcrumb":{"@id":"https:\/\/midsa.es\/cuando-visitar-al-odontopediatra\/#breadcrumb"},"inLanguage":"fr-FR","potentialAction":[{"@type":"ReadAction","target":["https:\/\/midsa.es\/cuando-visitar-al-odontopediatra\/"]}]},{"@type":"ImageObject","inLanguage":"fr-FR","@id":"https:\/\/midsa.es\/cuando-visitar-al-odontopediatra\/#primaryimage","url":"https:\/\/midsa.es\/wp-content\/uploads\/2026\/02\/succion-dedo-pulgar.jpg","contentUrl":"https:\/\/midsa.es\/wp-content\/uploads\/2026\/02\/succion-dedo-pulgar.jpg","width":736,"height":473},{"@type":"BreadcrumbList","@id":"https:\/\/midsa.es\/cuando-visitar-al-odontopediatra\/#breadcrumb","itemListElement":[{"@type":"ListItem","position":1,"name":"Portada","item":"https:\/\/midsa.es\/"},{"@type":"ListItem","position":2,"name":"\u00bfCu\u00e1ndo visitar al odontopediatra?"}]},{"@type":"WebSite","@id":"https:\/\/midsa.es\/#website","url":"https:\/\/midsa.es\/","name":"Midsa Dentistry &amp; Co","description":"Nous sommes MIDSA, une clinique dentaire situ\u00e9e dans le quartier de l&#039;Eixample \u00e0 Valence. Des soins dentaires de pointe et un accompagnement personnalis\u00e9 au c\u0153ur de Valence.","publisher":{"@id":"https:\/\/midsa.es\/#organization"},"alternateName":"Midsa Odontolog\u00eda","potentialAction":[{"@type":"SearchAction","target":{"@type":"EntryPoint","urlTemplate":"https:\/\/midsa.es\/?s={search_term_string}"},"query-input":{"@type":"PropertyValueSpecification","valueRequired":true,"valueName":"search_term_string"}}],"inLanguage":"fr-FR"},{"@type":"Organization","@id":"https:\/\/midsa.es\/#organization","name":"Midsa Dentistry &amp; Co","alternateName":"Midsa Odontolog\u00eda","url":"https:\/\/midsa.es\/","logo":{"@type":"ImageObject","inLanguage":"fr-FR","@id":"https:\/\/midsa.es\/#\/schema\/logo\/image\/","url":"https:\/\/midsa.es\/wp-content\/uploads\/2026\/03\/logo_midsa.png","contentUrl":"https:\/\/midsa.es\/wp-content\/uploads\/2026\/03\/logo_midsa.png","width":1080,"height":361,"caption":"Midsa Odontolog\u00eda & Co"},"image":{"@id":"https:\/\/midsa.es\/#\/schema\/logo\/image\/"},"sameAs":["https:\/\/www.facebook.com\/midsaodontologiavalencia","https:\/\/www.instagram.com\/midsaodontologia\/"]},{"@type":"Person","@id":"https:\/\/midsa.es\/#\/schema\/person\/2c8f0a79218dad8660f4eeb9876dfee7","name":"senda_midsa","image":{"@type":"ImageObject","inLanguage":"fr-FR","@id":"https:\/\/secure.gravatar.com\/avatar\/2ad25152d66ab68f233ff1e771f5f5b61808045f5b306f63250027046f2b84c4?s=96&d=mm&r=g","url":"https:\/\/secure.gravatar.com\/avatar\/2ad25152d66ab68f233ff1e771f5f5b61808045f5b306f63250027046f2b84c4?s=96&d=mm&r=g","contentUrl":"https:\/\/secure.gravatar.com\/avatar\/2ad25152d66ab68f233ff1e771f5f5b61808045f5b306f63250027046f2b84c4?s=96&d=mm&r=g","caption":"senda_midsa"},"sameAs":["https:\/\/midsa.es"],"url":"https:\/\/midsa.es\/fr\/author\/senda_midsa\/"}]}},"_links":{"self":[{"href":"https:\/\/midsa.es\/fr\/wp-json\/wp\/v2\/posts\/247","targetHints":{"allow":["GET"]}}],"collection":[{"href":"https:\/\/midsa.es\/fr\/wp-json\/wp\/v2\/posts"}],"about":[{"href":"https:\/\/midsa.es\/fr\/wp-json\/wp\/v2\/types\/post"}],"author":[{"embeddable":true,"href":"https:\/\/midsa.es\/fr\/wp-json\/wp\/v2\/users\/1"}],"replies":[{"embeddable":true,"href":"https:\/\/midsa.es\/fr\/wp-json\/wp\/v2\/comments?post=247"}],"version-history":[{"count":0,"href":"https:\/\/midsa.es\/fr\/wp-json\/wp\/v2\/posts\/247\/revisions"}],"wp:featuredmedia":[{"embeddable":true,"href":"https:\/\/midsa.es\/fr\/wp-json\/wp\/v2\/media\/213"}],"wp:attachment":[{"href":"https:\/\/midsa.es\/fr\/wp-json\/wp\/v2\/media?parent=247"}],"wp:term":[{"taxonomy":"category","embeddable":true,"href":"https:\/\/midsa.es\/fr\/wp-json\/wp\/v2\/categories?post=247"},{"taxonomy":"post_tag","embeddable":true,"href":"https:\/\/midsa.es\/fr\/wp-json\/wp\/v2\/tags?post=247"}],"curies":[{"name":"wp","href":"https:\/\/api.w.org\/{rel}","templated":true}]}}