{"id":243,"date":"2022-02-11T09:08:05","date_gmt":"2022-02-11T08:08:05","guid":{"rendered":"https:\/\/midsa.es\/nueva\/index.php\/2022\/02\/11\/respiracion-saludable-en-ninos\/"},"modified":"2022-02-11T09:08:05","modified_gmt":"2022-02-11T08:08:05","slug":"une-respiration-saine-chez-les-enfants","status":"publish","type":"post","link":"https:\/\/midsa.es\/fr\/respiracion-saludable-en-ninos\/","title":{"rendered":"Une respiration saine chez les enfants"},"content":{"rendered":"<img decoding=\"async\" width=\"300\" height=\"300\" src=\"https:\/\/midsa.es\/wp-content\/uploads\/2022\/02\/Diseno-sin-titulo-17-300x300.jpg\" alt=\"\" loading=\"lazy\" srcset=\"https:\/\/midsa.es\/wp-content\/uploads\/2022\/02\/Diseno-sin-titulo-17-300x300.jpg 300w, https:\/\/midsa.es\/wp-content\/uploads\/2022\/02\/Diseno-sin-titulo-17-1024x1024.jpg 1024w, https:\/\/midsa.es\/wp-content\/uploads\/2022\/02\/Diseno-sin-titulo-17-150x150.jpg 150w, https:\/\/midsa.es\/wp-content\/uploads\/2022\/02\/Diseno-sin-titulo-17-768x768.jpg 768w, https:\/\/midsa.es\/wp-content\/uploads\/2022\/02\/Diseno-sin-titulo-17.jpg 1080w\" sizes=\"auto, (max-width: 300px) 100vw, 300px\" \/>\n\t\t\n<p>Une bonne respiration d\u00e9pend de nombreux facteurs, notamment de la croissance et du d\u00e9veloppement harmonieux des m\u00e2choires et des voies respiratoires. Or, ce d\u00e9veloppement n&#039;est pas toujours optimal. L&#039;orthodontie est un outil pr\u00e9cieux pour favoriser une bonne respiration chez l&#039;enfant. Au-del\u00e0 des appareils dentaires traditionnels, elle offre de nombreuses solutions pour aider votre enfant \u00e0 respirer correctement et \u00e0 avoir des dents align\u00e9es.<\/p>\n<p><\/p>\n<p><strong>Quand l&#039;orthodontie peut-elle aider votre enfant\u00a0?<\/strong><\/p>\n<p><\/p>\n<ul class=\"wp-block-list\">\n<li>Troubles respiratoires li\u00e9s au sommeil<\/li>\n<li>dents de lait serr\u00e9es<\/li>\n<li>Usure et \u00e9br\u00e9chure des dents<\/li>\n<li>m\u00e2choire profonde ou trop serr\u00e9e<\/li>\n<li>morsure ouverte<\/li>\n<li>morsure crois\u00e9e<\/li>\n<li>Souligner<\/li>\n<li>dents mal align\u00e9es<\/li>\n<li>Probl\u00e8mes de concentration<\/li>\n<li>Probl\u00e8mes de langue<\/li>\n<li>Probl\u00e8mes de d\u00e9glutition<\/li>\n<li>Et ainsi de suite<\/li>\n<\/ul>\n<p><\/p>\n<p>La plupart des gens per\u00e7oivent l&#039;orthodontie uniquement comme un moyen de redresser les dents.\u00a0<br \/>Cependant, l&#039;orthodontie ne se limite pas \u00e0 aligner les dents. Elle favorise la croissance des m\u00e2choires et du palais, ce qui contribue \u00e0 \u00e9largir les voies respiratoires et \u00e0 faciliter la respiration de l&#039;enfant. Ces interventions peuvent \u00eatre r\u00e9alis\u00e9es simultan\u00e9ment \u00e0 l&#039;alignement des dents.<\/p>\n<p><\/p>\n<p><strong>Nous avons les meilleures options. Lesquelles ?<\/strong>?<\/p>\n<p><\/p>\n<p>Auparavant, les options orthodontiques \u00e9taient limit\u00e9es. Aujourd&#039;hui, il existe de nombreuses options, notamment\u00a0:<\/p>\n<p><\/p>\n<ul class=\"wp-block-list\">\n<li>Orthodontie invisible<\/li>\n<li>Orthodontie myofonctionnelle : R\u00e9gulateur de fonction Aragao<\/li>\n<\/ul>\n<p><\/p>\n<p>Si votre enfant pr\u00e9sente des difficult\u00e9s respiratoires et que vous \u00eates pr\u00e9occup\u00e9 par ses dents mal align\u00e9es, l&#039;orthodontie peut traiter les deux probl\u00e8mes simultan\u00e9ment. Pour savoir comment l&#039;orthodontie peut aider votre enfant, appelez-nous d\u00e8s aujourd&#039;hui.<\/p>\n\n<p>\u00a0<\/p>","protected":false},"excerpt":{"rendered":"<p>La respiraci\u00f3n saludable depende de muchos factores, como el crecimiento y el desarrollo adecuado de las mand\u00edbulas y las v\u00edas respiratorias.\u00a0Aunque en ocasiones esto no [&hellip;]<\/p>\n","protected":false},"author":1,"featured_media":244,"comment_status":"open","ping_status":"open","sticky":false,"template":"","format":"standard","meta":{"_acf_changed":false,"footnotes":""},"categories":[6,7],"tags":[],"class_list":["post-243","post","type-post","status-publish","format-standard","has-post-thumbnail","hentry","category-odontopediatria","category-ortodoncia-miofuncional"],"acf":[],"yoast_head":"<!-- This site is optimized with the Yoast SEO plugin v27.5 - https:\/\/yoast.com\/product\/yoast-seo-wordpress\/ -->\n<title>Respiraci\u00f3n saludable en ni\u00f1os &#8212; MIDSA<\/title>\n<meta name=\"robots\" content=\"index, follow, max-snippet:-1, max-image-preview:large, max-video-preview:-1\" \/>\n<link rel=\"canonical\" href=\"https:\/\/midsa.es\/fr\/une-respiration-saine-chez-les-enfants\/\" \/>\n<meta property=\"og:locale\" content=\"fr_FR\" \/>\n<meta property=\"og:type\" content=\"article\" \/>\n<meta property=\"og:title\" content=\"Respiraci\u00f3n saludable en ni\u00f1os &#8212; MIDSA\" \/>\n<meta property=\"og:description\" content=\"La respiraci\u00f3n saludable depende de muchos factores, como el crecimiento y el desarrollo adecuado de las mand\u00edbulas y las v\u00edas respiratorias.\u00a0Aunque en ocasiones esto no [&hellip;]\" \/>\n<meta property=\"og:url\" content=\"https:\/\/midsa.es\/fr\/une-respiration-saine-chez-les-enfants\/\" \/>\n<meta property=\"og:site_name\" content=\"MIDSA\" \/>\n<meta property=\"article:publisher\" content=\"https:\/\/www.facebook.com\/midsaodontologiavalencia\" \/>\n<meta property=\"article:published_time\" content=\"2022-02-11T08:08:05+00:00\" \/>\n<meta property=\"og:image\" content=\"https:\/\/midsa.es\/wp-content\/uploads\/2026\/02\/respiracion-saludable-en-ninos-1.png\" \/>\n\t<meta property=\"og:image:width\" content=\"826\" \/>\n\t<meta property=\"og:image:height\" content=\"462\" \/>\n\t<meta property=\"og:image:type\" content=\"image\/png\" \/>\n<meta name=\"author\" content=\"senda_midsa\" \/>\n<meta name=\"twitter:card\" content=\"summary_large_image\" \/>\n<meta name=\"twitter:label1\" content=\"\u00c9crit par\" \/>\n\t<meta name=\"twitter:data1\" content=\"senda_midsa\" \/>\n\t<meta name=\"twitter:label2\" content=\"Dur\u00e9e de lecture estim\u00e9e\" \/>\n\t<meta name=\"twitter:data2\" content=\"1 minute\" \/>\n<script type=\"application\/ld+json\" class=\"yoast-schema-graph\">{\"@context\":\"https:\\\/\\\/schema.org\",\"@graph\":[{\"@type\":\"Article\",\"@id\":\"https:\\\/\\\/midsa.es\\\/respiracion-saludable-en-ninos\\\/#article\",\"isPartOf\":{\"@id\":\"https:\\\/\\\/midsa.es\\\/respiracion-saludable-en-ninos\\\/\"},\"author\":{\"name\":\"senda_midsa\",\"@id\":\"https:\\\/\\\/midsa.es\\\/#\\\/schema\\\/person\\\/2c8f0a79218dad8660f4eeb9876dfee7\"},\"headline\":\"Respiraci\u00f3n saludable en ni\u00f1os\",\"datePublished\":\"2022-02-11T08:08:05+00:00\",\"mainEntityOfPage\":{\"@id\":\"https:\\\/\\\/midsa.es\\\/respiracion-saludable-en-ninos\\\/\"},\"wordCount\":297,\"commentCount\":0,\"publisher\":{\"@id\":\"https:\\\/\\\/midsa.es\\\/#organization\"},\"image\":{\"@id\":\"https:\\\/\\\/midsa.es\\\/respiracion-saludable-en-ninos\\\/#primaryimage\"},\"thumbnailUrl\":\"https:\\\/\\\/midsa.es\\\/wp-content\\\/uploads\\\/2026\\\/02\\\/respiracion-saludable-en-ninos-1.png\",\"articleSection\":[\"ODONTOPEDIATRIA\",\"ORTODONCIA MIOFUNCIONAL\"],\"inLanguage\":\"fr-FR\",\"potentialAction\":[{\"@type\":\"CommentAction\",\"name\":\"Comment\",\"target\":[\"https:\\\/\\\/midsa.es\\\/respiracion-saludable-en-ninos\\\/#respond\"]}]},{\"@type\":\"WebPage\",\"@id\":\"https:\\\/\\\/midsa.es\\\/respiracion-saludable-en-ninos\\\/\",\"url\":\"https:\\\/\\\/midsa.es\\\/respiracion-saludable-en-ninos\\\/\",\"name\":\"Respiraci\u00f3n saludable en ni\u00f1os &#8212; MIDSA\",\"isPartOf\":{\"@id\":\"https:\\\/\\\/midsa.es\\\/#website\"},\"primaryImageOfPage\":{\"@id\":\"https:\\\/\\\/midsa.es\\\/respiracion-saludable-en-ninos\\\/#primaryimage\"},\"image\":{\"@id\":\"https:\\\/\\\/midsa.es\\\/respiracion-saludable-en-ninos\\\/#primaryimage\"},\"thumbnailUrl\":\"https:\\\/\\\/midsa.es\\\/wp-content\\\/uploads\\\/2026\\\/02\\\/respiracion-saludable-en-ninos-1.png\",\"datePublished\":\"2022-02-11T08:08:05+00:00\",\"breadcrumb\":{\"@id\":\"https:\\\/\\\/midsa.es\\\/respiracion-saludable-en-ninos\\\/#breadcrumb\"},\"inLanguage\":\"fr-FR\",\"potentialAction\":[{\"@type\":\"ReadAction\",\"target\":[\"https:\\\/\\\/midsa.es\\\/respiracion-saludable-en-ninos\\\/\"]}]},{\"@type\":\"ImageObject\",\"inLanguage\":\"fr-FR\",\"@id\":\"https:\\\/\\\/midsa.es\\\/respiracion-saludable-en-ninos\\\/#primaryimage\",\"url\":\"https:\\\/\\\/midsa.es\\\/wp-content\\\/uploads\\\/2026\\\/02\\\/respiracion-saludable-en-ninos-1.png\",\"contentUrl\":\"https:\\\/\\\/midsa.es\\\/wp-content\\\/uploads\\\/2026\\\/02\\\/respiracion-saludable-en-ninos-1.png\",\"width\":826,\"height\":462},{\"@type\":\"BreadcrumbList\",\"@id\":\"https:\\\/\\\/midsa.es\\\/respiracion-saludable-en-ninos\\\/#breadcrumb\",\"itemListElement\":[{\"@type\":\"ListItem\",\"position\":1,\"name\":\"Portada\",\"item\":\"https:\\\/\\\/midsa.es\\\/\"},{\"@type\":\"ListItem\",\"position\":2,\"name\":\"Respiraci\u00f3n saludable en ni\u00f1os\"}]},{\"@type\":\"WebSite\",\"@id\":\"https:\\\/\\\/midsa.es\\\/#website\",\"url\":\"https:\\\/\\\/midsa.es\\\/\",\"name\":\"Midsa Odontolog\u00eda & Co\",\"description\":\"Somos MIDSA, Cl\u00ednica Dental en L&#039;Eixample, Valencia. Odontolog\u00eda avanzada con trato cercano en el coraz\u00f3n de Valencia.\",\"publisher\":{\"@id\":\"https:\\\/\\\/midsa.es\\\/#organization\"},\"alternateName\":\"Midsa Odontolog\u00eda\",\"potentialAction\":[{\"@type\":\"SearchAction\",\"target\":{\"@type\":\"EntryPoint\",\"urlTemplate\":\"https:\\\/\\\/midsa.es\\\/?s={search_term_string}\"},\"query-input\":{\"@type\":\"PropertyValueSpecification\",\"valueRequired\":true,\"valueName\":\"search_term_string\"}}],\"inLanguage\":\"fr-FR\"},{\"@type\":\"Organization\",\"@id\":\"https:\\\/\\\/midsa.es\\\/#organization\",\"name\":\"Midsa Odontolog\u00eda & Co\",\"alternateName\":\"Midsa Odontolog\u00eda\",\"url\":\"https:\\\/\\\/midsa.es\\\/\",\"logo\":{\"@type\":\"ImageObject\",\"inLanguage\":\"fr-FR\",\"@id\":\"https:\\\/\\\/midsa.es\\\/#\\\/schema\\\/logo\\\/image\\\/\",\"url\":\"https:\\\/\\\/midsa.es\\\/wp-content\\\/uploads\\\/2026\\\/03\\\/logo_midsa.png\",\"contentUrl\":\"https:\\\/\\\/midsa.es\\\/wp-content\\\/uploads\\\/2026\\\/03\\\/logo_midsa.png\",\"width\":1080,\"height\":361,\"caption\":\"Midsa Odontolog\u00eda & Co\"},\"image\":{\"@id\":\"https:\\\/\\\/midsa.es\\\/#\\\/schema\\\/logo\\\/image\\\/\"},\"sameAs\":[\"https:\\\/\\\/www.facebook.com\\\/midsaodontologiavalencia\",\"https:\\\/\\\/www.instagram.com\\\/midsaodontologia\\\/\"]},{\"@type\":\"Person\",\"@id\":\"https:\\\/\\\/midsa.es\\\/#\\\/schema\\\/person\\\/2c8f0a79218dad8660f4eeb9876dfee7\",\"name\":\"senda_midsa\",\"image\":{\"@type\":\"ImageObject\",\"inLanguage\":\"fr-FR\",\"@id\":\"https:\\\/\\\/secure.gravatar.com\\\/avatar\\\/2ad25152d66ab68f233ff1e771f5f5b61808045f5b306f63250027046f2b84c4?s=96&d=mm&r=g\",\"url\":\"https:\\\/\\\/secure.gravatar.com\\\/avatar\\\/2ad25152d66ab68f233ff1e771f5f5b61808045f5b306f63250027046f2b84c4?s=96&d=mm&r=g\",\"contentUrl\":\"https:\\\/\\\/secure.gravatar.com\\\/avatar\\\/2ad25152d66ab68f233ff1e771f5f5b61808045f5b306f63250027046f2b84c4?s=96&d=mm&r=g\",\"caption\":\"senda_midsa\"},\"sameAs\":[\"https:\\\/\\\/midsa.es\"],\"url\":\"https:\\\/\\\/midsa.es\\\/fr\\\/author\\\/senda_midsa\\\/\"}]}<\/script>\n<!-- \/ Yoast SEO plugin. -->","yoast_head_json":{"title":"Une respiration saine chez l&#039;enfant \u2014 MIDSA","robots":{"index":"index","follow":"follow","max-snippet":"max-snippet:-1","max-image-preview":"max-image-preview:large","max-video-preview":"max-video-preview:-1"},"canonical":"https:\/\/midsa.es\/fr\/une-respiration-saine-chez-les-enfants\/","og_locale":"fr_FR","og_type":"article","og_title":"Respiraci\u00f3n saludable en ni\u00f1os &#8212; MIDSA","og_description":"La respiraci\u00f3n saludable depende de muchos factores, como el crecimiento y el desarrollo adecuado de las mand\u00edbulas y las v\u00edas respiratorias.\u00a0Aunque en ocasiones esto no [&hellip;]","og_url":"https:\/\/midsa.es\/fr\/une-respiration-saine-chez-les-enfants\/","og_site_name":"MIDSA","article_publisher":"https:\/\/www.facebook.com\/midsaodontologiavalencia","article_published_time":"2022-02-11T08:08:05+00:00","og_image":[{"width":826,"height":462,"url":"https:\/\/midsa.es\/wp-content\/uploads\/2026\/02\/respiracion-saludable-en-ninos-1.png","type":"image\/png"}],"author":"senda_midsa","twitter_card":"summary_large_image","twitter_misc":{"\u00c9crit par":"senda_midsa","Dur\u00e9e de lecture estim\u00e9e":"1 minute"},"schema":{"@context":"https:\/\/schema.org","@graph":[{"@type":"Article","@id":"https:\/\/midsa.es\/respiracion-saludable-en-ninos\/#article","isPartOf":{"@id":"https:\/\/midsa.es\/respiracion-saludable-en-ninos\/"},"author":{"name":"senda_midsa","@id":"https:\/\/midsa.es\/#\/schema\/person\/2c8f0a79218dad8660f4eeb9876dfee7"},"headline":"Respiraci\u00f3n saludable en ni\u00f1os","datePublished":"2022-02-11T08:08:05+00:00","mainEntityOfPage":{"@id":"https:\/\/midsa.es\/respiracion-saludable-en-ninos\/"},"wordCount":297,"commentCount":0,"publisher":{"@id":"https:\/\/midsa.es\/#organization"},"image":{"@id":"https:\/\/midsa.es\/respiracion-saludable-en-ninos\/#primaryimage"},"thumbnailUrl":"https:\/\/midsa.es\/wp-content\/uploads\/2026\/02\/respiracion-saludable-en-ninos-1.png","articleSection":["ODONTOPEDIATRIA","ORTODONCIA MIOFUNCIONAL"],"inLanguage":"fr-FR","potentialAction":[{"@type":"CommentAction","name":"Comment","target":["https:\/\/midsa.es\/respiracion-saludable-en-ninos\/#respond"]}]},{"@type":"WebPage","@id":"https:\/\/midsa.es\/respiracion-saludable-en-ninos\/","url":"https:\/\/midsa.es\/respiracion-saludable-en-ninos\/","name":"Une respiration saine chez l&#039;enfant \u2014 MIDSA","isPartOf":{"@id":"https:\/\/midsa.es\/#website"},"primaryImageOfPage":{"@id":"https:\/\/midsa.es\/respiracion-saludable-en-ninos\/#primaryimage"},"image":{"@id":"https:\/\/midsa.es\/respiracion-saludable-en-ninos\/#primaryimage"},"thumbnailUrl":"https:\/\/midsa.es\/wp-content\/uploads\/2026\/02\/respiracion-saludable-en-ninos-1.png","datePublished":"2022-02-11T08:08:05+00:00","breadcrumb":{"@id":"https:\/\/midsa.es\/respiracion-saludable-en-ninos\/#breadcrumb"},"inLanguage":"fr-FR","potentialAction":[{"@type":"ReadAction","target":["https:\/\/midsa.es\/respiracion-saludable-en-ninos\/"]}]},{"@type":"ImageObject","inLanguage":"fr-FR","@id":"https:\/\/midsa.es\/respiracion-saludable-en-ninos\/#primaryimage","url":"https:\/\/midsa.es\/wp-content\/uploads\/2026\/02\/respiracion-saludable-en-ninos-1.png","contentUrl":"https:\/\/midsa.es\/wp-content\/uploads\/2026\/02\/respiracion-saludable-en-ninos-1.png","width":826,"height":462},{"@type":"BreadcrumbList","@id":"https:\/\/midsa.es\/respiracion-saludable-en-ninos\/#breadcrumb","itemListElement":[{"@type":"ListItem","position":1,"name":"Portada","item":"https:\/\/midsa.es\/"},{"@type":"ListItem","position":2,"name":"Respiraci\u00f3n saludable en ni\u00f1os"}]},{"@type":"WebSite","@id":"https:\/\/midsa.es\/#website","url":"https:\/\/midsa.es\/","name":"Midsa Dentistry &amp; Co","description":"Nous sommes MIDSA, une clinique dentaire situ\u00e9e dans le quartier de l&#039;Eixample \u00e0 Valence. Des soins dentaires de pointe et un accompagnement personnalis\u00e9 au c\u0153ur de Valence.","publisher":{"@id":"https:\/\/midsa.es\/#organization"},"alternateName":"Midsa Odontolog\u00eda","potentialAction":[{"@type":"SearchAction","target":{"@type":"EntryPoint","urlTemplate":"https:\/\/midsa.es\/?s={search_term_string}"},"query-input":{"@type":"PropertyValueSpecification","valueRequired":true,"valueName":"search_term_string"}}],"inLanguage":"fr-FR"},{"@type":"Organization","@id":"https:\/\/midsa.es\/#organization","name":"Midsa Dentistry &amp; Co","alternateName":"Midsa Odontolog\u00eda","url":"https:\/\/midsa.es\/","logo":{"@type":"ImageObject","inLanguage":"fr-FR","@id":"https:\/\/midsa.es\/#\/schema\/logo\/image\/","url":"https:\/\/midsa.es\/wp-content\/uploads\/2026\/03\/logo_midsa.png","contentUrl":"https:\/\/midsa.es\/wp-content\/uploads\/2026\/03\/logo_midsa.png","width":1080,"height":361,"caption":"Midsa Odontolog\u00eda & Co"},"image":{"@id":"https:\/\/midsa.es\/#\/schema\/logo\/image\/"},"sameAs":["https:\/\/www.facebook.com\/midsaodontologiavalencia","https:\/\/www.instagram.com\/midsaodontologia\/"]},{"@type":"Person","@id":"https:\/\/midsa.es\/#\/schema\/person\/2c8f0a79218dad8660f4eeb9876dfee7","name":"senda_midsa","image":{"@type":"ImageObject","inLanguage":"fr-FR","@id":"https:\/\/secure.gravatar.com\/avatar\/2ad25152d66ab68f233ff1e771f5f5b61808045f5b306f63250027046f2b84c4?s=96&d=mm&r=g","url":"https:\/\/secure.gravatar.com\/avatar\/2ad25152d66ab68f233ff1e771f5f5b61808045f5b306f63250027046f2b84c4?s=96&d=mm&r=g","contentUrl":"https:\/\/secure.gravatar.com\/avatar\/2ad25152d66ab68f233ff1e771f5f5b61808045f5b306f63250027046f2b84c4?s=96&d=mm&r=g","caption":"senda_midsa"},"sameAs":["https:\/\/midsa.es"],"url":"https:\/\/midsa.es\/fr\/author\/senda_midsa\/"}]}},"_links":{"self":[{"href":"https:\/\/midsa.es\/fr\/wp-json\/wp\/v2\/posts\/243","targetHints":{"allow":["GET"]}}],"collection":[{"href":"https:\/\/midsa.es\/fr\/wp-json\/wp\/v2\/posts"}],"about":[{"href":"https:\/\/midsa.es\/fr\/wp-json\/wp\/v2\/types\/post"}],"author":[{"embeddable":true,"href":"https:\/\/midsa.es\/fr\/wp-json\/wp\/v2\/users\/1"}],"replies":[{"embeddable":true,"href":"https:\/\/midsa.es\/fr\/wp-json\/wp\/v2\/comments?post=243"}],"version-history":[{"count":0,"href":"https:\/\/midsa.es\/fr\/wp-json\/wp\/v2\/posts\/243\/revisions"}],"wp:featuredmedia":[{"embeddable":true,"href":"https:\/\/midsa.es\/fr\/wp-json\/wp\/v2\/media\/244"}],"wp:attachment":[{"href":"https:\/\/midsa.es\/fr\/wp-json\/wp\/v2\/media?parent=243"}],"wp:term":[{"taxonomy":"category","embeddable":true,"href":"https:\/\/midsa.es\/fr\/wp-json\/wp\/v2\/categories?post=243"},{"taxonomy":"post_tag","embeddable":true,"href":"https:\/\/midsa.es\/fr\/wp-json\/wp\/v2\/tags?post=243"}],"curies":[{"name":"wp","href":"https:\/\/api.w.org\/{rel}","templated":true}]}}