{"id":235,"date":"2021-09-29T10:08:51","date_gmt":"2021-09-29T08:08:51","guid":{"rendered":"https:\/\/midsa.es\/nueva\/index.php\/2021\/09\/29\/apnea-obstructiva-del-sueno\/"},"modified":"2021-09-29T10:08:51","modified_gmt":"2021-09-29T08:08:51","slug":"apnee-obstructive-du-sommeil","status":"publish","type":"post","link":"https:\/\/midsa.es\/fr\/apnea-obstructiva-del-sueno\/","title":{"rendered":"APN\u00c9E OBSTRUCTIVE DU SOMMEIL"},"content":{"rendered":"<p>Les troubles du sommeil sont de plus en plus reconnus dans notre soci\u00e9t\u00e9 comme un <strong>probl\u00e8me de sant\u00e9 publique<\/strong>. Les plus courants sont : le ronflement, <strong>apn\u00e9e obstructive du sommeil<\/strong>, La narcolepsie, l&#039;insomnie, le bruxisme nocturne et le syndrome des jambes sans repos sont autant de probl\u00e8mes de sant\u00e9 potentiels. Le manque de sommeil li\u00e9 \u00e0 l&#039;activit\u00e9 professionnelle alt\u00e8re \u00e9galement l&#039;attention et les fonctions cognitives, et peut entra\u00eener des cons\u00e9quences psychologiques n\u00e9fastes.<\/p>\n\n\n\n<p>Dans cet article, nous allons aujourd&#039;hui aborder le sujet suivant : <strong>cons\u00e9quences<\/strong> L\u2019apn\u00e9e obstructive du sommeil est un trouble largement m\u00e9connu et souvent ignor\u00e9.\u00a0<\/p>\n\n\n\n<p>D&#039;apr\u00e8s une \u00e9tude, les personnes souffrant d&#039;apn\u00e9e du sommeil s\u00e9v\u00e8re pourraient pr\u00e9senter un risque accru de sympt\u00f4mes d&#039;AVC silencieux, ainsi que de petites l\u00e9sions c\u00e9r\u00e9brales. L&#039;\u00e9tude a r\u00e9v\u00e9l\u00e9 une fr\u00e9quence remarquablement \u00e9lev\u00e9e d&#039;apn\u00e9e du sommeil chez les personnes ayant subi un AVC, soulignant ainsi son importance clinique en tant que facteur de risque d&#039;AVC. <\/p>\n\n\n\n<p>Outre le risque d&#039;AVC, nous vous pr\u00e9sentons d&#039;autres cons\u00e9quences de cette maladie.<\/p>\n\n\n\n<figure class=\"wp-block-image size-large\"><img decoding=\"async\" src=\"https:\/\/midsa.es\/wp-content\/uploads\/2021\/09\/consecuencias-1024x1024.jpg\" alt=\"\" class=\"wp-image-1424\"\/><\/figure>\n\n\n\n<p>Plus de deux millions d&#039;Espagnols souffrent du syndrome d&#039;apn\u00e9e obstructive du sommeil, une affection pour laquelle les dentistes jouent un r\u00f4le crucial, tant au niveau du diagnostic que du traitement. Si vous pensez souffrir d&#039;apn\u00e9e du sommeil, n&#039;attendez pas\u00a0; prenez rendez-vous chez Midsa et nous r\u00e9pondrons \u00e0 toutes vos questions concernant nos traitements. <\/p>","protected":false},"excerpt":{"rendered":"<p>Los Trastornos del Sue\u00f1o cada vez son m\u00e1s reconocidos en nuestra sociedad como un problema de Salud P\u00fablica. Los m\u00e1s comunes son: ronquido, apnea obstructiva [&hellip;]<\/p>\n","protected":false},"author":1,"featured_media":236,"comment_status":"open","ping_status":"open","sticky":false,"template":"","format":"standard","meta":{"_acf_changed":false,"footnotes":""},"categories":[5,7],"tags":[],"class_list":["post-235","post","type-post","status-publish","format-standard","has-post-thumbnail","hentry","category-consejos","category-ortodoncia-miofuncional"],"acf":[],"yoast_head":"<!-- This site is optimized with the Yoast SEO plugin v27.5 - https:\/\/yoast.com\/product\/yoast-seo-wordpress\/ -->\n<title>APNEA OBSTRUCTIVA DEL SUE\u00d1O &#8212; MIDSA<\/title>\n<meta name=\"robots\" content=\"index, follow, max-snippet:-1, max-image-preview:large, max-video-preview:-1\" \/>\n<link rel=\"canonical\" href=\"https:\/\/midsa.es\/fr\/apnee-obstructive-du-sommeil\/\" \/>\n<meta property=\"og:locale\" content=\"fr_FR\" \/>\n<meta property=\"og:type\" content=\"article\" \/>\n<meta property=\"og:title\" content=\"APNEA OBSTRUCTIVA DEL SUE\u00d1O &#8212; MIDSA\" \/>\n<meta property=\"og:description\" content=\"Los Trastornos del Sue\u00f1o cada vez son m\u00e1s reconocidos en nuestra sociedad como un problema de Salud P\u00fablica. Los m\u00e1s comunes son: ronquido, apnea obstructiva [&hellip;]\" \/>\n<meta property=\"og:url\" content=\"https:\/\/midsa.es\/fr\/apnee-obstructive-du-sommeil\/\" \/>\n<meta property=\"og:site_name\" content=\"MIDSA\" \/>\n<meta property=\"article:publisher\" content=\"https:\/\/www.facebook.com\/midsaodontologiavalencia\" \/>\n<meta property=\"article:published_time\" content=\"2021-09-29T08:08:51+00:00\" \/>\n<meta property=\"og:image\" content=\"https:\/\/midsa.es\/wp-content\/uploads\/2026\/02\/apnea-obstructiva-1.jpg\" \/>\n\t<meta property=\"og:image:width\" content=\"826\" \/>\n\t<meta property=\"og:image:height\" content=\"462\" \/>\n\t<meta property=\"og:image:type\" content=\"image\/jpeg\" \/>\n<meta name=\"author\" content=\"senda_midsa\" \/>\n<meta name=\"twitter:card\" content=\"summary_large_image\" \/>\n<meta name=\"twitter:label1\" content=\"\u00c9crit par\" \/>\n\t<meta name=\"twitter:data1\" content=\"senda_midsa\" \/>\n\t<meta name=\"twitter:label2\" content=\"Dur\u00e9e de lecture estim\u00e9e\" \/>\n\t<meta name=\"twitter:data2\" content=\"1 minute\" \/>\n<script type=\"application\/ld+json\" class=\"yoast-schema-graph\">{\"@context\":\"https:\\\/\\\/schema.org\",\"@graph\":[{\"@type\":\"Article\",\"@id\":\"https:\\\/\\\/midsa.es\\\/apnea-obstructiva-del-sueno\\\/#article\",\"isPartOf\":{\"@id\":\"https:\\\/\\\/midsa.es\\\/apnea-obstructiva-del-sueno\\\/\"},\"author\":{\"name\":\"senda_midsa\",\"@id\":\"https:\\\/\\\/midsa.es\\\/#\\\/schema\\\/person\\\/2c8f0a79218dad8660f4eeb9876dfee7\"},\"headline\":\"APNEA OBSTRUCTIVA DEL SUE\u00d1O\",\"datePublished\":\"2021-09-29T08:08:51+00:00\",\"mainEntityOfPage\":{\"@id\":\"https:\\\/\\\/midsa.es\\\/apnea-obstructiva-del-sueno\\\/\"},\"wordCount\":260,\"commentCount\":0,\"publisher\":{\"@id\":\"https:\\\/\\\/midsa.es\\\/#organization\"},\"image\":{\"@id\":\"https:\\\/\\\/midsa.es\\\/apnea-obstructiva-del-sueno\\\/#primaryimage\"},\"thumbnailUrl\":\"https:\\\/\\\/midsa.es\\\/wp-content\\\/uploads\\\/2026\\\/02\\\/apnea-obstructiva-1.jpg\",\"articleSection\":[\"CONSEJOS\",\"ORTODONCIA MIOFUNCIONAL\"],\"inLanguage\":\"fr-FR\",\"potentialAction\":[{\"@type\":\"CommentAction\",\"name\":\"Comment\",\"target\":[\"https:\\\/\\\/midsa.es\\\/apnea-obstructiva-del-sueno\\\/#respond\"]}]},{\"@type\":\"WebPage\",\"@id\":\"https:\\\/\\\/midsa.es\\\/apnea-obstructiva-del-sueno\\\/\",\"url\":\"https:\\\/\\\/midsa.es\\\/apnea-obstructiva-del-sueno\\\/\",\"name\":\"APNEA OBSTRUCTIVA DEL SUE\u00d1O &#8212; MIDSA\",\"isPartOf\":{\"@id\":\"https:\\\/\\\/midsa.es\\\/#website\"},\"primaryImageOfPage\":{\"@id\":\"https:\\\/\\\/midsa.es\\\/apnea-obstructiva-del-sueno\\\/#primaryimage\"},\"image\":{\"@id\":\"https:\\\/\\\/midsa.es\\\/apnea-obstructiva-del-sueno\\\/#primaryimage\"},\"thumbnailUrl\":\"https:\\\/\\\/midsa.es\\\/wp-content\\\/uploads\\\/2026\\\/02\\\/apnea-obstructiva-1.jpg\",\"datePublished\":\"2021-09-29T08:08:51+00:00\",\"breadcrumb\":{\"@id\":\"https:\\\/\\\/midsa.es\\\/apnea-obstructiva-del-sueno\\\/#breadcrumb\"},\"inLanguage\":\"fr-FR\",\"potentialAction\":[{\"@type\":\"ReadAction\",\"target\":[\"https:\\\/\\\/midsa.es\\\/apnea-obstructiva-del-sueno\\\/\"]}]},{\"@type\":\"ImageObject\",\"inLanguage\":\"fr-FR\",\"@id\":\"https:\\\/\\\/midsa.es\\\/apnea-obstructiva-del-sueno\\\/#primaryimage\",\"url\":\"https:\\\/\\\/midsa.es\\\/wp-content\\\/uploads\\\/2026\\\/02\\\/apnea-obstructiva-1.jpg\",\"contentUrl\":\"https:\\\/\\\/midsa.es\\\/wp-content\\\/uploads\\\/2026\\\/02\\\/apnea-obstructiva-1.jpg\",\"width\":826,\"height\":462},{\"@type\":\"BreadcrumbList\",\"@id\":\"https:\\\/\\\/midsa.es\\\/apnea-obstructiva-del-sueno\\\/#breadcrumb\",\"itemListElement\":[{\"@type\":\"ListItem\",\"position\":1,\"name\":\"Portada\",\"item\":\"https:\\\/\\\/midsa.es\\\/\"},{\"@type\":\"ListItem\",\"position\":2,\"name\":\"APNEA OBSTRUCTIVA DEL SUE\u00d1O\"}]},{\"@type\":\"WebSite\",\"@id\":\"https:\\\/\\\/midsa.es\\\/#website\",\"url\":\"https:\\\/\\\/midsa.es\\\/\",\"name\":\"Midsa Odontolog\u00eda & Co\",\"description\":\"Somos MIDSA, Cl\u00ednica Dental en L&#039;Eixample, Valencia. Odontolog\u00eda avanzada con trato cercano en el coraz\u00f3n de Valencia.\",\"publisher\":{\"@id\":\"https:\\\/\\\/midsa.es\\\/#organization\"},\"alternateName\":\"Midsa Odontolog\u00eda\",\"potentialAction\":[{\"@type\":\"SearchAction\",\"target\":{\"@type\":\"EntryPoint\",\"urlTemplate\":\"https:\\\/\\\/midsa.es\\\/?s={search_term_string}\"},\"query-input\":{\"@type\":\"PropertyValueSpecification\",\"valueRequired\":true,\"valueName\":\"search_term_string\"}}],\"inLanguage\":\"fr-FR\"},{\"@type\":\"Organization\",\"@id\":\"https:\\\/\\\/midsa.es\\\/#organization\",\"name\":\"Midsa Odontolog\u00eda & Co\",\"alternateName\":\"Midsa Odontolog\u00eda\",\"url\":\"https:\\\/\\\/midsa.es\\\/\",\"logo\":{\"@type\":\"ImageObject\",\"inLanguage\":\"fr-FR\",\"@id\":\"https:\\\/\\\/midsa.es\\\/#\\\/schema\\\/logo\\\/image\\\/\",\"url\":\"https:\\\/\\\/midsa.es\\\/wp-content\\\/uploads\\\/2026\\\/03\\\/logo_midsa.png\",\"contentUrl\":\"https:\\\/\\\/midsa.es\\\/wp-content\\\/uploads\\\/2026\\\/03\\\/logo_midsa.png\",\"width\":1080,\"height\":361,\"caption\":\"Midsa Odontolog\u00eda & Co\"},\"image\":{\"@id\":\"https:\\\/\\\/midsa.es\\\/#\\\/schema\\\/logo\\\/image\\\/\"},\"sameAs\":[\"https:\\\/\\\/www.facebook.com\\\/midsaodontologiavalencia\",\"https:\\\/\\\/www.instagram.com\\\/midsaodontologia\\\/\"]},{\"@type\":\"Person\",\"@id\":\"https:\\\/\\\/midsa.es\\\/#\\\/schema\\\/person\\\/2c8f0a79218dad8660f4eeb9876dfee7\",\"name\":\"senda_midsa\",\"image\":{\"@type\":\"ImageObject\",\"inLanguage\":\"fr-FR\",\"@id\":\"https:\\\/\\\/secure.gravatar.com\\\/avatar\\\/2ad25152d66ab68f233ff1e771f5f5b61808045f5b306f63250027046f2b84c4?s=96&d=mm&r=g\",\"url\":\"https:\\\/\\\/secure.gravatar.com\\\/avatar\\\/2ad25152d66ab68f233ff1e771f5f5b61808045f5b306f63250027046f2b84c4?s=96&d=mm&r=g\",\"contentUrl\":\"https:\\\/\\\/secure.gravatar.com\\\/avatar\\\/2ad25152d66ab68f233ff1e771f5f5b61808045f5b306f63250027046f2b84c4?s=96&d=mm&r=g\",\"caption\":\"senda_midsa\"},\"sameAs\":[\"https:\\\/\\\/midsa.es\"],\"url\":\"https:\\\/\\\/midsa.es\\\/fr\\\/author\\\/senda_midsa\\\/\"}]}<\/script>\n<!-- \/ Yoast SEO plugin. -->","yoast_head_json":{"title":"APN\u00c9E OBSTRUCTIVE DU SOMMEIL \u2014 MIDSA","robots":{"index":"index","follow":"follow","max-snippet":"max-snippet:-1","max-image-preview":"max-image-preview:large","max-video-preview":"max-video-preview:-1"},"canonical":"https:\/\/midsa.es\/fr\/apnee-obstructive-du-sommeil\/","og_locale":"fr_FR","og_type":"article","og_title":"APNEA OBSTRUCTIVA DEL SUE\u00d1O &#8212; MIDSA","og_description":"Los Trastornos del Sue\u00f1o cada vez son m\u00e1s reconocidos en nuestra sociedad como un problema de Salud P\u00fablica. Los m\u00e1s comunes son: ronquido, apnea obstructiva [&hellip;]","og_url":"https:\/\/midsa.es\/fr\/apnee-obstructive-du-sommeil\/","og_site_name":"MIDSA","article_publisher":"https:\/\/www.facebook.com\/midsaodontologiavalencia","article_published_time":"2021-09-29T08:08:51+00:00","og_image":[{"width":826,"height":462,"url":"https:\/\/midsa.es\/wp-content\/uploads\/2026\/02\/apnea-obstructiva-1.jpg","type":"image\/jpeg"}],"author":"senda_midsa","twitter_card":"summary_large_image","twitter_misc":{"\u00c9crit par":"senda_midsa","Dur\u00e9e de lecture estim\u00e9e":"1 minute"},"schema":{"@context":"https:\/\/schema.org","@graph":[{"@type":"Article","@id":"https:\/\/midsa.es\/apnea-obstructiva-del-sueno\/#article","isPartOf":{"@id":"https:\/\/midsa.es\/apnea-obstructiva-del-sueno\/"},"author":{"name":"senda_midsa","@id":"https:\/\/midsa.es\/#\/schema\/person\/2c8f0a79218dad8660f4eeb9876dfee7"},"headline":"APNEA OBSTRUCTIVA DEL SUE\u00d1O","datePublished":"2021-09-29T08:08:51+00:00","mainEntityOfPage":{"@id":"https:\/\/midsa.es\/apnea-obstructiva-del-sueno\/"},"wordCount":260,"commentCount":0,"publisher":{"@id":"https:\/\/midsa.es\/#organization"},"image":{"@id":"https:\/\/midsa.es\/apnea-obstructiva-del-sueno\/#primaryimage"},"thumbnailUrl":"https:\/\/midsa.es\/wp-content\/uploads\/2026\/02\/apnea-obstructiva-1.jpg","articleSection":["CONSEJOS","ORTODONCIA MIOFUNCIONAL"],"inLanguage":"fr-FR","potentialAction":[{"@type":"CommentAction","name":"Comment","target":["https:\/\/midsa.es\/apnea-obstructiva-del-sueno\/#respond"]}]},{"@type":"WebPage","@id":"https:\/\/midsa.es\/apnea-obstructiva-del-sueno\/","url":"https:\/\/midsa.es\/apnea-obstructiva-del-sueno\/","name":"APN\u00c9E OBSTRUCTIVE DU SOMMEIL \u2014 MIDSA","isPartOf":{"@id":"https:\/\/midsa.es\/#website"},"primaryImageOfPage":{"@id":"https:\/\/midsa.es\/apnea-obstructiva-del-sueno\/#primaryimage"},"image":{"@id":"https:\/\/midsa.es\/apnea-obstructiva-del-sueno\/#primaryimage"},"thumbnailUrl":"https:\/\/midsa.es\/wp-content\/uploads\/2026\/02\/apnea-obstructiva-1.jpg","datePublished":"2021-09-29T08:08:51+00:00","breadcrumb":{"@id":"https:\/\/midsa.es\/apnea-obstructiva-del-sueno\/#breadcrumb"},"inLanguage":"fr-FR","potentialAction":[{"@type":"ReadAction","target":["https:\/\/midsa.es\/apnea-obstructiva-del-sueno\/"]}]},{"@type":"ImageObject","inLanguage":"fr-FR","@id":"https:\/\/midsa.es\/apnea-obstructiva-del-sueno\/#primaryimage","url":"https:\/\/midsa.es\/wp-content\/uploads\/2026\/02\/apnea-obstructiva-1.jpg","contentUrl":"https:\/\/midsa.es\/wp-content\/uploads\/2026\/02\/apnea-obstructiva-1.jpg","width":826,"height":462},{"@type":"BreadcrumbList","@id":"https:\/\/midsa.es\/apnea-obstructiva-del-sueno\/#breadcrumb","itemListElement":[{"@type":"ListItem","position":1,"name":"Portada","item":"https:\/\/midsa.es\/"},{"@type":"ListItem","position":2,"name":"APNEA OBSTRUCTIVA DEL SUE\u00d1O"}]},{"@type":"WebSite","@id":"https:\/\/midsa.es\/#website","url":"https:\/\/midsa.es\/","name":"Midsa Dentistry &amp; Co","description":"Nous sommes MIDSA, une clinique dentaire situ\u00e9e dans le quartier de l&#039;Eixample \u00e0 Valence. Des soins dentaires de pointe et un accompagnement personnalis\u00e9 au c\u0153ur de Valence.","publisher":{"@id":"https:\/\/midsa.es\/#organization"},"alternateName":"Midsa Odontolog\u00eda","potentialAction":[{"@type":"SearchAction","target":{"@type":"EntryPoint","urlTemplate":"https:\/\/midsa.es\/?s={search_term_string}"},"query-input":{"@type":"PropertyValueSpecification","valueRequired":true,"valueName":"search_term_string"}}],"inLanguage":"fr-FR"},{"@type":"Organization","@id":"https:\/\/midsa.es\/#organization","name":"Midsa Dentistry &amp; Co","alternateName":"Midsa Odontolog\u00eda","url":"https:\/\/midsa.es\/","logo":{"@type":"ImageObject","inLanguage":"fr-FR","@id":"https:\/\/midsa.es\/#\/schema\/logo\/image\/","url":"https:\/\/midsa.es\/wp-content\/uploads\/2026\/03\/logo_midsa.png","contentUrl":"https:\/\/midsa.es\/wp-content\/uploads\/2026\/03\/logo_midsa.png","width":1080,"height":361,"caption":"Midsa Odontolog\u00eda & Co"},"image":{"@id":"https:\/\/midsa.es\/#\/schema\/logo\/image\/"},"sameAs":["https:\/\/www.facebook.com\/midsaodontologiavalencia","https:\/\/www.instagram.com\/midsaodontologia\/"]},{"@type":"Person","@id":"https:\/\/midsa.es\/#\/schema\/person\/2c8f0a79218dad8660f4eeb9876dfee7","name":"senda_midsa","image":{"@type":"ImageObject","inLanguage":"fr-FR","@id":"https:\/\/secure.gravatar.com\/avatar\/2ad25152d66ab68f233ff1e771f5f5b61808045f5b306f63250027046f2b84c4?s=96&d=mm&r=g","url":"https:\/\/secure.gravatar.com\/avatar\/2ad25152d66ab68f233ff1e771f5f5b61808045f5b306f63250027046f2b84c4?s=96&d=mm&r=g","contentUrl":"https:\/\/secure.gravatar.com\/avatar\/2ad25152d66ab68f233ff1e771f5f5b61808045f5b306f63250027046f2b84c4?s=96&d=mm&r=g","caption":"senda_midsa"},"sameAs":["https:\/\/midsa.es"],"url":"https:\/\/midsa.es\/fr\/author\/senda_midsa\/"}]}},"_links":{"self":[{"href":"https:\/\/midsa.es\/fr\/wp-json\/wp\/v2\/posts\/235","targetHints":{"allow":["GET"]}}],"collection":[{"href":"https:\/\/midsa.es\/fr\/wp-json\/wp\/v2\/posts"}],"about":[{"href":"https:\/\/midsa.es\/fr\/wp-json\/wp\/v2\/types\/post"}],"author":[{"embeddable":true,"href":"https:\/\/midsa.es\/fr\/wp-json\/wp\/v2\/users\/1"}],"replies":[{"embeddable":true,"href":"https:\/\/midsa.es\/fr\/wp-json\/wp\/v2\/comments?post=235"}],"version-history":[{"count":0,"href":"https:\/\/midsa.es\/fr\/wp-json\/wp\/v2\/posts\/235\/revisions"}],"wp:featuredmedia":[{"embeddable":true,"href":"https:\/\/midsa.es\/fr\/wp-json\/wp\/v2\/media\/236"}],"wp:attachment":[{"href":"https:\/\/midsa.es\/fr\/wp-json\/wp\/v2\/media?parent=235"}],"wp:term":[{"taxonomy":"category","embeddable":true,"href":"https:\/\/midsa.es\/fr\/wp-json\/wp\/v2\/categories?post=235"},{"taxonomy":"post_tag","embeddable":true,"href":"https:\/\/midsa.es\/fr\/wp-json\/wp\/v2\/tags?post=235"}],"curies":[{"name":"wp","href":"https:\/\/api.w.org\/{rel}","templated":true}]}}