{"id":231,"date":"2021-09-21T08:47:11","date_gmt":"2021-09-21T06:47:11","guid":{"rendered":"https:\/\/midsa.es\/nueva\/index.php\/2021\/09\/21\/como-saber-si-tengo-apnea-del-sueno\/"},"modified":"2021-09-21T08:47:11","modified_gmt":"2021-09-21T06:47:11","slug":"comment-savoir-si-je-souffre-dapnee-du-sommeil","status":"publish","type":"post","link":"https:\/\/midsa.es\/fr\/como-saber-si-tengo-apnea-del-sueno\/","title":{"rendered":"Comment savoir si je souffre d&#039;apn\u00e9e du sommeil ?"},"content":{"rendered":"<p><img decoding=\"async\" width=\"300\" height=\"300\" src=\"https:\/\/midsa.es\/wp-content\/uploads\/2021\/09\/Ap-300x300.jpg\" alt=\"\" loading=\"lazy\" srcset=\"https:\/\/midsa.es\/wp-content\/uploads\/2021\/09\/Ap-300x300.jpg 300w, https:\/\/midsa.es\/wp-content\/uploads\/2021\/09\/Ap-1024x1024.jpg 1024w, https:\/\/midsa.es\/wp-content\/uploads\/2021\/09\/Ap-150x150.jpg 150w, https:\/\/midsa.es\/wp-content\/uploads\/2021\/09\/Ap-768x768.jpg 768w, https:\/\/midsa.es\/wp-content\/uploads\/2021\/09\/Ap.jpg 1080w\" sizes=\"auto, (max-width: 300px) 100vw, 300px\">\t\t\t\t\t\t\t\t\t\t\t\t\t\t<\/p>\n<p><\/p>\n\n\n<\/p>\n<p><strong>L&#039;apn\u00e9e du sommeil est un trouble du sommeil potentiellement grave.<\/strong> dans lequel la respiration s&#039;arr\u00eate et reprend de fa\u00e7on r\u00e9p\u00e9t\u00e9e.<\/p>\n<p>\n\n\n<p><\/p>\n<p><\/p>\n\n\n<\/p>\n<p>L&#039;apn\u00e9e survient lorsque les muscles situ\u00e9s au fond de la gorge se rel\u00e2chent. Ces muscles soutiennent le voile du palais, la luette, les amygdales, les parois lat\u00e9rales de la gorge et la langue.<\/p>\n<p>\n\n\n<p><\/p>\n<p><\/p>\n\n\n<\/p>\n<p>Lorsque vos muscles se rel\u00e2chent, vos voies respiratoires se r\u00e9tr\u00e9cissent ou se ferment, vous emp\u00eachant de respirer suffisamment et ce qui peut faire baisser votre taux d&#039;oxyg\u00e8ne dans le sang. Votre cerveau d\u00e9tecte cette difficult\u00e9 \u00e0 respirer et provoque un bref r\u00e9veil pour vous permettre de respirer. Ce r\u00e9veil est g\u00e9n\u00e9ralement si bref que vous ne vous en souvenez pas. Ce cycle peut se r\u00e9p\u00e9ter de 5 \u00e0 30 fois par heure, voire plus, tout au long de la nuit, perturbant ainsi votre sommeil.<\/p>\n<p>\n\n\n<p><\/p>\n<p><\/p>\n\n\n<\/p>\n<p>Le <strong>sympt\u00f4mes<\/strong> Les plus courantes sont\u00a0:<\/p>\n<p>\n\n\n<p><\/p>\n<p><\/p>\n\n\n<\/p>\n<ul class=\"wp-block-list\">\n<li>Ronflements bruyants<\/li>\n<li>\u00c9pisodes d&#039;arr\u00eat respiratoire pendant le sommeil (tels que rapport\u00e9s par une autre personne)<\/li>\n<li>Hal\u00e8tements pendant la respiration pendant le sommeil<\/li>\n<li>Se r\u00e9veiller avec la bouche s\u00e8che<\/li>\n<li>Maux de t\u00eate matinaux<\/li>\n<li>Difficult\u00e9s \u00e0 rester endormi (insomnie)<\/li>\n<li>Somnolence diurne excessive (hypersomnie).<\/li>\n<li>Difficult\u00e9 \u00e0 se concentrer lorsqu&#039;on est \u00e9veill\u00e9<\/li>\n<li>Irritabilit\u00e9<\/li>\n<\/ul>\n<p>\n\n\n<p><\/p>\n<p><\/p>\n\n\n<\/p>\n<p>L&#039;apn\u00e9e du sommeil peut entra\u00eener de graves probl\u00e8mes de sant\u00e9. <strong>cons\u00e9quences<\/strong> comme:<\/p>\n<p>\n\n\n<p><\/p>\n<p><\/p>\n\n\n<\/p>\n<ul class=\"wp-block-list\">\n<li><strong>Hypertension art\u00e9rielle ou probl\u00e8mes cardiaques<\/strong>Ceux qui respirent par la bouche pendant des d\u00e9cennies et dont les apn\u00e9es du sommeil persistent jour apr\u00e8s jour finissent par atteindre un point o\u00f9 leur c\u0153ur ne peut plus supporter l&#039;effort et un infarctus survient. En effet, chaque apn\u00e9e est suivie d&#039;une tachycardie violente et d&#039;une d\u00e9tresse respiratoire.<\/li>\n<\/ul>\n<p>\n\n\n<p><\/p>\n<p><\/p>\n\n\n<\/p>\n<ul class=\"wp-block-list\">\n<li><strong>Fatigue durant la journ\u00e9e<\/strong><\/li>\n<li><strong>diab\u00e8te de type 2<\/strong>Si vous souffrez d&#039;apn\u00e9e du sommeil, vous \u00eates plus susceptible de d\u00e9velopper une r\u00e9sistance \u00e0 l&#039;insuline et un diab\u00e8te de type 2.<\/li>\n<li><strong>Le manque de sommeil de votre partenaire<\/strong><\/li>\n<li><strong>ETC<\/strong><\/li>\n<\/ul>\n<p>\n\n\n<p><\/p>\n<p><\/p>\n\n\n<\/p>\n<p><b>Si vous pensez souffrir d&#039;apn\u00e9e du sommeil, consultez-nous. Chez MIDSA, gr\u00e2ce au traitement par la m\u00e9thode HBTC-RFA, nous pouvons vous aider \u00e0 r\u00e9soudre votre probl\u00e8me et \u00e0 pr\u00e9venir les probl\u00e8mes cardiaques et autres complications.<\/b><\/p>\n<p>\n\n\n<p><\/p>","protected":false},"excerpt":{"rendered":"<p>La apnea del sue\u00f1o es un trastorno del sue\u00f1o potencialmente grave en que la respiraci\u00f3n se detiene y recomienza repetidas veces. La apnea ocurre cuando [&hellip;]<\/p>\n","protected":false},"author":1,"featured_media":232,"comment_status":"open","ping_status":"open","sticky":false,"template":"","format":"standard","meta":{"_acf_changed":false,"footnotes":""},"categories":[5,7],"tags":[],"class_list":["post-231","post","type-post","status-publish","format-standard","has-post-thumbnail","hentry","category-consejos","category-ortodoncia-miofuncional"],"acf":[],"yoast_head":"<!-- This site is optimized with the Yoast SEO plugin v27.5 - https:\/\/yoast.com\/product\/yoast-seo-wordpress\/ -->\n<title>\u00bfC\u00f3mo saber si tengo Apnea del Sue\u00f1o? &#8212; MIDSA<\/title>\n<meta name=\"description\" content=\"\u00bfC\u00f3mo saber si tienes apnea del sue\u00f1o? Te explicamos los s\u00edntomas m\u00e1s frecuentes y cu\u00e1ndo debes consultar con un especialista.\" \/>\n<meta name=\"robots\" content=\"index, follow, max-snippet:-1, max-image-preview:large, max-video-preview:-1\" \/>\n<link rel=\"canonical\" href=\"https:\/\/midsa.es\/fr\/comment-savoir-si-je-souffre-dapnee-du-sommeil\/\" \/>\n<meta property=\"og:locale\" content=\"fr_FR\" \/>\n<meta property=\"og:type\" content=\"article\" \/>\n<meta property=\"og:title\" content=\"\u00bfC\u00f3mo saber si tengo Apnea del Sue\u00f1o? &#8212; MIDSA\" \/>\n<meta property=\"og:description\" content=\"\u00bfC\u00f3mo saber si tienes apnea del sue\u00f1o? Te explicamos los s\u00edntomas m\u00e1s frecuentes y cu\u00e1ndo debes consultar con un especialista.\" \/>\n<meta property=\"og:url\" content=\"https:\/\/midsa.es\/fr\/comment-savoir-si-je-souffre-dapnee-du-sommeil\/\" \/>\n<meta property=\"og:site_name\" content=\"MIDSA\" \/>\n<meta property=\"article:publisher\" content=\"https:\/\/www.facebook.com\/midsaodontologiavalencia\" \/>\n<meta property=\"article:published_time\" content=\"2021-09-21T06:47:11+00:00\" \/>\n<meta property=\"og:image\" content=\"https:\/\/midsa.es\/wp-content\/uploads\/2026\/02\/APNEA-DEL-SUENO.png\" \/>\n\t<meta property=\"og:image:width\" content=\"1080\" \/>\n\t<meta property=\"og:image:height\" content=\"1080\" \/>\n\t<meta property=\"og:image:type\" content=\"image\/png\" \/>\n<meta name=\"author\" content=\"senda_midsa\" \/>\n<meta name=\"twitter:card\" content=\"summary_large_image\" \/>\n<meta name=\"twitter:label1\" content=\"\u00c9crit par\" \/>\n\t<meta name=\"twitter:data1\" content=\"senda_midsa\" \/>\n\t<meta name=\"twitter:label2\" content=\"Dur\u00e9e de lecture estim\u00e9e\" \/>\n\t<meta name=\"twitter:data2\" content=\"2 minutes\" \/>\n<script type=\"application\/ld+json\" class=\"yoast-schema-graph\">{\"@context\":\"https:\\\/\\\/schema.org\",\"@graph\":[{\"@type\":\"Article\",\"@id\":\"https:\\\/\\\/midsa.es\\\/como-saber-si-tengo-apnea-del-sueno\\\/#article\",\"isPartOf\":{\"@id\":\"https:\\\/\\\/midsa.es\\\/como-saber-si-tengo-apnea-del-sueno\\\/\"},\"author\":{\"name\":\"senda_midsa\",\"@id\":\"https:\\\/\\\/midsa.es\\\/#\\\/schema\\\/person\\\/2c8f0a79218dad8660f4eeb9876dfee7\"},\"headline\":\"\u00bfC\u00f3mo saber si tengo Apnea del Sue\u00f1o?\",\"datePublished\":\"2021-09-21T06:47:11+00:00\",\"mainEntityOfPage\":{\"@id\":\"https:\\\/\\\/midsa.es\\\/como-saber-si-tengo-apnea-del-sueno\\\/\"},\"wordCount\":364,\"commentCount\":0,\"publisher\":{\"@id\":\"https:\\\/\\\/midsa.es\\\/#organization\"},\"image\":{\"@id\":\"https:\\\/\\\/midsa.es\\\/como-saber-si-tengo-apnea-del-sueno\\\/#primaryimage\"},\"thumbnailUrl\":\"https:\\\/\\\/midsa.es\\\/wp-content\\\/uploads\\\/2026\\\/02\\\/APNEA-DEL-SUENO.png\",\"articleSection\":[\"CONSEJOS\",\"ORTODONCIA MIOFUNCIONAL\"],\"inLanguage\":\"fr-FR\",\"potentialAction\":[{\"@type\":\"CommentAction\",\"name\":\"Comment\",\"target\":[\"https:\\\/\\\/midsa.es\\\/como-saber-si-tengo-apnea-del-sueno\\\/#respond\"]}]},{\"@type\":\"WebPage\",\"@id\":\"https:\\\/\\\/midsa.es\\\/como-saber-si-tengo-apnea-del-sueno\\\/\",\"url\":\"https:\\\/\\\/midsa.es\\\/como-saber-si-tengo-apnea-del-sueno\\\/\",\"name\":\"\u00bfC\u00f3mo saber si tengo Apnea del Sue\u00f1o? &#8212; MIDSA\",\"isPartOf\":{\"@id\":\"https:\\\/\\\/midsa.es\\\/#website\"},\"primaryImageOfPage\":{\"@id\":\"https:\\\/\\\/midsa.es\\\/como-saber-si-tengo-apnea-del-sueno\\\/#primaryimage\"},\"image\":{\"@id\":\"https:\\\/\\\/midsa.es\\\/como-saber-si-tengo-apnea-del-sueno\\\/#primaryimage\"},\"thumbnailUrl\":\"https:\\\/\\\/midsa.es\\\/wp-content\\\/uploads\\\/2026\\\/02\\\/APNEA-DEL-SUENO.png\",\"datePublished\":\"2021-09-21T06:47:11+00:00\",\"description\":\"\u00bfC\u00f3mo saber si tienes apnea del sue\u00f1o? Te explicamos los s\u00edntomas m\u00e1s frecuentes y cu\u00e1ndo debes consultar con un especialista.\",\"breadcrumb\":{\"@id\":\"https:\\\/\\\/midsa.es\\\/como-saber-si-tengo-apnea-del-sueno\\\/#breadcrumb\"},\"inLanguage\":\"fr-FR\",\"potentialAction\":[{\"@type\":\"ReadAction\",\"target\":[\"https:\\\/\\\/midsa.es\\\/como-saber-si-tengo-apnea-del-sueno\\\/\"]}]},{\"@type\":\"ImageObject\",\"inLanguage\":\"fr-FR\",\"@id\":\"https:\\\/\\\/midsa.es\\\/como-saber-si-tengo-apnea-del-sueno\\\/#primaryimage\",\"url\":\"https:\\\/\\\/midsa.es\\\/wp-content\\\/uploads\\\/2026\\\/02\\\/APNEA-DEL-SUENO.png\",\"contentUrl\":\"https:\\\/\\\/midsa.es\\\/wp-content\\\/uploads\\\/2026\\\/02\\\/APNEA-DEL-SUENO.png\",\"width\":1080,\"height\":1080},{\"@type\":\"BreadcrumbList\",\"@id\":\"https:\\\/\\\/midsa.es\\\/como-saber-si-tengo-apnea-del-sueno\\\/#breadcrumb\",\"itemListElement\":[{\"@type\":\"ListItem\",\"position\":1,\"name\":\"Portada\",\"item\":\"https:\\\/\\\/midsa.es\\\/\"},{\"@type\":\"ListItem\",\"position\":2,\"name\":\"\u00bfC\u00f3mo saber si tengo Apnea del Sue\u00f1o?\"}]},{\"@type\":\"WebSite\",\"@id\":\"https:\\\/\\\/midsa.es\\\/#website\",\"url\":\"https:\\\/\\\/midsa.es\\\/\",\"name\":\"Midsa Odontolog\u00eda & Co\",\"description\":\"Somos MIDSA, Cl\u00ednica Dental en L&#039;Eixample, Valencia. Odontolog\u00eda avanzada con trato cercano en el coraz\u00f3n de Valencia.\",\"publisher\":{\"@id\":\"https:\\\/\\\/midsa.es\\\/#organization\"},\"alternateName\":\"Midsa Odontolog\u00eda\",\"potentialAction\":[{\"@type\":\"SearchAction\",\"target\":{\"@type\":\"EntryPoint\",\"urlTemplate\":\"https:\\\/\\\/midsa.es\\\/?s={search_term_string}\"},\"query-input\":{\"@type\":\"PropertyValueSpecification\",\"valueRequired\":true,\"valueName\":\"search_term_string\"}}],\"inLanguage\":\"fr-FR\"},{\"@type\":\"Organization\",\"@id\":\"https:\\\/\\\/midsa.es\\\/#organization\",\"name\":\"Midsa Odontolog\u00eda & Co\",\"alternateName\":\"Midsa Odontolog\u00eda\",\"url\":\"https:\\\/\\\/midsa.es\\\/\",\"logo\":{\"@type\":\"ImageObject\",\"inLanguage\":\"fr-FR\",\"@id\":\"https:\\\/\\\/midsa.es\\\/#\\\/schema\\\/logo\\\/image\\\/\",\"url\":\"https:\\\/\\\/midsa.es\\\/wp-content\\\/uploads\\\/2026\\\/03\\\/logo_midsa.png\",\"contentUrl\":\"https:\\\/\\\/midsa.es\\\/wp-content\\\/uploads\\\/2026\\\/03\\\/logo_midsa.png\",\"width\":1080,\"height\":361,\"caption\":\"Midsa Odontolog\u00eda & Co\"},\"image\":{\"@id\":\"https:\\\/\\\/midsa.es\\\/#\\\/schema\\\/logo\\\/image\\\/\"},\"sameAs\":[\"https:\\\/\\\/www.facebook.com\\\/midsaodontologiavalencia\",\"https:\\\/\\\/www.instagram.com\\\/midsaodontologia\\\/\"]},{\"@type\":\"Person\",\"@id\":\"https:\\\/\\\/midsa.es\\\/#\\\/schema\\\/person\\\/2c8f0a79218dad8660f4eeb9876dfee7\",\"name\":\"senda_midsa\",\"image\":{\"@type\":\"ImageObject\",\"inLanguage\":\"fr-FR\",\"@id\":\"https:\\\/\\\/secure.gravatar.com\\\/avatar\\\/2ad25152d66ab68f233ff1e771f5f5b61808045f5b306f63250027046f2b84c4?s=96&d=mm&r=g\",\"url\":\"https:\\\/\\\/secure.gravatar.com\\\/avatar\\\/2ad25152d66ab68f233ff1e771f5f5b61808045f5b306f63250027046f2b84c4?s=96&d=mm&r=g\",\"contentUrl\":\"https:\\\/\\\/secure.gravatar.com\\\/avatar\\\/2ad25152d66ab68f233ff1e771f5f5b61808045f5b306f63250027046f2b84c4?s=96&d=mm&r=g\",\"caption\":\"senda_midsa\"},\"sameAs\":[\"https:\\\/\\\/midsa.es\"],\"url\":\"https:\\\/\\\/midsa.es\\\/fr\\\/author\\\/senda_midsa\\\/\"}]}<\/script>\n<!-- \/ Yoast SEO plugin. -->","yoast_head_json":{"title":"Comment savoir si je souffre d&#039;apn\u00e9e du sommeil\u00a0? \u2014 MIDSA","description":"Comment savoir si vous souffrez d&#039;apn\u00e9e du sommeil\u00a0? Nous vous expliquons les sympt\u00f4mes les plus courants et quand consulter un sp\u00e9cialiste.","robots":{"index":"index","follow":"follow","max-snippet":"max-snippet:-1","max-image-preview":"max-image-preview:large","max-video-preview":"max-video-preview:-1"},"canonical":"https:\/\/midsa.es\/fr\/comment-savoir-si-je-souffre-dapnee-du-sommeil\/","og_locale":"fr_FR","og_type":"article","og_title":"\u00bfC\u00f3mo saber si tengo Apnea del Sue\u00f1o? &#8212; MIDSA","og_description":"\u00bfC\u00f3mo saber si tienes apnea del sue\u00f1o? Te explicamos los s\u00edntomas m\u00e1s frecuentes y cu\u00e1ndo debes consultar con un especialista.","og_url":"https:\/\/midsa.es\/fr\/comment-savoir-si-je-souffre-dapnee-du-sommeil\/","og_site_name":"MIDSA","article_publisher":"https:\/\/www.facebook.com\/midsaodontologiavalencia","article_published_time":"2021-09-21T06:47:11+00:00","og_image":[{"width":1080,"height":1080,"url":"https:\/\/midsa.es\/wp-content\/uploads\/2026\/02\/APNEA-DEL-SUENO.png","type":"image\/png"}],"author":"senda_midsa","twitter_card":"summary_large_image","twitter_misc":{"\u00c9crit par":"senda_midsa","Dur\u00e9e de lecture estim\u00e9e":"2 minutes"},"schema":{"@context":"https:\/\/schema.org","@graph":[{"@type":"Article","@id":"https:\/\/midsa.es\/como-saber-si-tengo-apnea-del-sueno\/#article","isPartOf":{"@id":"https:\/\/midsa.es\/como-saber-si-tengo-apnea-del-sueno\/"},"author":{"name":"senda_midsa","@id":"https:\/\/midsa.es\/#\/schema\/person\/2c8f0a79218dad8660f4eeb9876dfee7"},"headline":"\u00bfC\u00f3mo saber si tengo Apnea del Sue\u00f1o?","datePublished":"2021-09-21T06:47:11+00:00","mainEntityOfPage":{"@id":"https:\/\/midsa.es\/como-saber-si-tengo-apnea-del-sueno\/"},"wordCount":364,"commentCount":0,"publisher":{"@id":"https:\/\/midsa.es\/#organization"},"image":{"@id":"https:\/\/midsa.es\/como-saber-si-tengo-apnea-del-sueno\/#primaryimage"},"thumbnailUrl":"https:\/\/midsa.es\/wp-content\/uploads\/2026\/02\/APNEA-DEL-SUENO.png","articleSection":["CONSEJOS","ORTODONCIA MIOFUNCIONAL"],"inLanguage":"fr-FR","potentialAction":[{"@type":"CommentAction","name":"Comment","target":["https:\/\/midsa.es\/como-saber-si-tengo-apnea-del-sueno\/#respond"]}]},{"@type":"WebPage","@id":"https:\/\/midsa.es\/como-saber-si-tengo-apnea-del-sueno\/","url":"https:\/\/midsa.es\/como-saber-si-tengo-apnea-del-sueno\/","name":"Comment savoir si je souffre d&#039;apn\u00e9e du sommeil\u00a0? \u2014 MIDSA","isPartOf":{"@id":"https:\/\/midsa.es\/#website"},"primaryImageOfPage":{"@id":"https:\/\/midsa.es\/como-saber-si-tengo-apnea-del-sueno\/#primaryimage"},"image":{"@id":"https:\/\/midsa.es\/como-saber-si-tengo-apnea-del-sueno\/#primaryimage"},"thumbnailUrl":"https:\/\/midsa.es\/wp-content\/uploads\/2026\/02\/APNEA-DEL-SUENO.png","datePublished":"2021-09-21T06:47:11+00:00","description":"Comment savoir si vous souffrez d&#039;apn\u00e9e du sommeil\u00a0? Nous vous expliquons les sympt\u00f4mes les plus courants et quand consulter un sp\u00e9cialiste.","breadcrumb":{"@id":"https:\/\/midsa.es\/como-saber-si-tengo-apnea-del-sueno\/#breadcrumb"},"inLanguage":"fr-FR","potentialAction":[{"@type":"ReadAction","target":["https:\/\/midsa.es\/como-saber-si-tengo-apnea-del-sueno\/"]}]},{"@type":"ImageObject","inLanguage":"fr-FR","@id":"https:\/\/midsa.es\/como-saber-si-tengo-apnea-del-sueno\/#primaryimage","url":"https:\/\/midsa.es\/wp-content\/uploads\/2026\/02\/APNEA-DEL-SUENO.png","contentUrl":"https:\/\/midsa.es\/wp-content\/uploads\/2026\/02\/APNEA-DEL-SUENO.png","width":1080,"height":1080},{"@type":"BreadcrumbList","@id":"https:\/\/midsa.es\/como-saber-si-tengo-apnea-del-sueno\/#breadcrumb","itemListElement":[{"@type":"ListItem","position":1,"name":"Portada","item":"https:\/\/midsa.es\/"},{"@type":"ListItem","position":2,"name":"\u00bfC\u00f3mo saber si tengo Apnea del Sue\u00f1o?"}]},{"@type":"WebSite","@id":"https:\/\/midsa.es\/#website","url":"https:\/\/midsa.es\/","name":"Midsa Dentistry &amp; Co","description":"Nous sommes MIDSA, une clinique dentaire situ\u00e9e dans le quartier de l&#039;Eixample \u00e0 Valence. Des soins dentaires de pointe et un accompagnement personnalis\u00e9 au c\u0153ur de Valence.","publisher":{"@id":"https:\/\/midsa.es\/#organization"},"alternateName":"Midsa Odontolog\u00eda","potentialAction":[{"@type":"SearchAction","target":{"@type":"EntryPoint","urlTemplate":"https:\/\/midsa.es\/?s={search_term_string}"},"query-input":{"@type":"PropertyValueSpecification","valueRequired":true,"valueName":"search_term_string"}}],"inLanguage":"fr-FR"},{"@type":"Organization","@id":"https:\/\/midsa.es\/#organization","name":"Midsa Dentistry &amp; Co","alternateName":"Midsa Odontolog\u00eda","url":"https:\/\/midsa.es\/","logo":{"@type":"ImageObject","inLanguage":"fr-FR","@id":"https:\/\/midsa.es\/#\/schema\/logo\/image\/","url":"https:\/\/midsa.es\/wp-content\/uploads\/2026\/03\/logo_midsa.png","contentUrl":"https:\/\/midsa.es\/wp-content\/uploads\/2026\/03\/logo_midsa.png","width":1080,"height":361,"caption":"Midsa Odontolog\u00eda & Co"},"image":{"@id":"https:\/\/midsa.es\/#\/schema\/logo\/image\/"},"sameAs":["https:\/\/www.facebook.com\/midsaodontologiavalencia","https:\/\/www.instagram.com\/midsaodontologia\/"]},{"@type":"Person","@id":"https:\/\/midsa.es\/#\/schema\/person\/2c8f0a79218dad8660f4eeb9876dfee7","name":"senda_midsa","image":{"@type":"ImageObject","inLanguage":"fr-FR","@id":"https:\/\/secure.gravatar.com\/avatar\/2ad25152d66ab68f233ff1e771f5f5b61808045f5b306f63250027046f2b84c4?s=96&d=mm&r=g","url":"https:\/\/secure.gravatar.com\/avatar\/2ad25152d66ab68f233ff1e771f5f5b61808045f5b306f63250027046f2b84c4?s=96&d=mm&r=g","contentUrl":"https:\/\/secure.gravatar.com\/avatar\/2ad25152d66ab68f233ff1e771f5f5b61808045f5b306f63250027046f2b84c4?s=96&d=mm&r=g","caption":"senda_midsa"},"sameAs":["https:\/\/midsa.es"],"url":"https:\/\/midsa.es\/fr\/author\/senda_midsa\/"}]}},"_links":{"self":[{"href":"https:\/\/midsa.es\/fr\/wp-json\/wp\/v2\/posts\/231","targetHints":{"allow":["GET"]}}],"collection":[{"href":"https:\/\/midsa.es\/fr\/wp-json\/wp\/v2\/posts"}],"about":[{"href":"https:\/\/midsa.es\/fr\/wp-json\/wp\/v2\/types\/post"}],"author":[{"embeddable":true,"href":"https:\/\/midsa.es\/fr\/wp-json\/wp\/v2\/users\/1"}],"replies":[{"embeddable":true,"href":"https:\/\/midsa.es\/fr\/wp-json\/wp\/v2\/comments?post=231"}],"version-history":[{"count":0,"href":"https:\/\/midsa.es\/fr\/wp-json\/wp\/v2\/posts\/231\/revisions"}],"wp:featuredmedia":[{"embeddable":true,"href":"https:\/\/midsa.es\/fr\/wp-json\/wp\/v2\/media\/232"}],"wp:attachment":[{"href":"https:\/\/midsa.es\/fr\/wp-json\/wp\/v2\/media?parent=231"}],"wp:term":[{"taxonomy":"category","embeddable":true,"href":"https:\/\/midsa.es\/fr\/wp-json\/wp\/v2\/categories?post=231"},{"taxonomy":"post_tag","embeddable":true,"href":"https:\/\/midsa.es\/fr\/wp-json\/wp\/v2\/tags?post=231"}],"curies":[{"name":"wp","href":"https:\/\/api.w.org\/{rel}","templated":true}]}}