{"id":230,"date":"2021-09-15T09:07:44","date_gmt":"2021-09-15T07:07:44","guid":{"rendered":"https:\/\/midsa.es\/nueva\/index.php\/2021\/09\/15\/la-respiracion-bucal-cambia-las-facciones-de-tu-hijo\/"},"modified":"2021-09-15T09:07:44","modified_gmt":"2021-09-15T07:07:44","slug":"la-respiration-buccale-modifie-t-elle-les-traits-du-visage-de-votre-enfant","status":"publish","type":"post","link":"https:\/\/midsa.es\/fr\/la-respiracion-bucal-cambia-las-facciones-de-tu-hijo\/","title":{"rendered":"La respiration buccale modifie les traits du visage de votre enfant."},"content":{"rendered":"<h2>Respirer par la bouche d\u00e9forme-t-il votre visage\u00a0?<\/h2>\t\t\n\t\t<p>C\u2019est l\u2019une des questions les plus fr\u00e9quentes que nous recevons \u00e0 notre clinique dentaire de Valence de la part de parents soucieux de la sant\u00e9 dentaire de leurs enfants.<\/p><p>Comme nous l&#039;avons vu dans des articles pr\u00e9c\u00e9dents, la position de la langue dans la bouche est un facteur important qui influence le d\u00e9veloppement du visage. Lorsque nous respirons par la bouche ou que nous l&#039;ouvrons simplement, la langue se place naturellement vers le bas et n&#039;est plus plaqu\u00e9e contre le palais, contrairement \u00e0 ce qui se produit lorsque nous avons la bouche ferm\u00e9e et que nous respirons par le nez.<\/p>\n<p>Si la langue n&#039;est pas correctement positionn\u00e9e, elle exercera une force anormale sur les dents lors de la d\u00e9glutition ou au repos, ce qui peut entra\u00eener un d\u00e9placement et un d\u00e9s\u00e9quilibre dentaires. Une respiration buccale prolong\u00e9e peut \u00e9galement provoquer un recul de la m\u00e2choire, une raideur des muscles faciaux et une inclinaison des vert\u00e8bres cervicales vers l&#039;avant. Comme illustr\u00e9 sur l&#039;image\u00a0:<\/p>\t\t\n\t\t\t\t\t\t\t\t\t\t\t\t\t<img decoding=\"async\" width=\"800\" height=\"458\" src=\"https:\/\/midsa.es\/wp-content\/uploads\/2021\/09\/respirador-nasal-e1631695670375-1024x586.jpg\" alt=\"\" srcset=\"https:\/\/midsa.es\/wp-content\/uploads\/2021\/09\/respirador-nasal-e1631695670375-1024x586.jpg 1024w, https:\/\/midsa.es\/wp-content\/uploads\/2021\/09\/respirador-nasal-e1631695670375-300x172.jpg 300w, https:\/\/midsa.es\/wp-content\/uploads\/2021\/09\/respirador-nasal-e1631695670375-768x439.jpg 768w, https:\/\/midsa.es\/wp-content\/uploads\/2021\/09\/respirador-nasal-e1631695670375.jpg 1080w\" sizes=\"(max-width: 800px) 100vw, 800px\" \/>\t\t\t\t\t\t\t\t\t\t\t\t\t\n\t\t\t\t\t\t\t\t\t\t\t\t\t<img decoding=\"async\" width=\"800\" height=\"462\" src=\"https:\/\/midsa.es\/wp-content\/uploads\/2021\/09\/malos_habitos_orales-e1631695944297-1024x591.png\" alt=\"\" srcset=\"https:\/\/midsa.es\/wp-content\/uploads\/2021\/09\/malos_habitos_orales-e1631695944297-1024x591.png 1024w, https:\/\/midsa.es\/wp-content\/uploads\/2021\/09\/malos_habitos_orales-e1631695944297-300x173.png 300w, https:\/\/midsa.es\/wp-content\/uploads\/2021\/09\/malos_habitos_orales-e1631695944297-768x443.png 768w, https:\/\/midsa.es\/wp-content\/uploads\/2021\/09\/malos_habitos_orales-e1631695944297.png 1286w\" sizes=\"(max-width: 800px) 100vw, 800px\" \/>\t\t\t\t\t\t\t\t\t\t\t\t\t\n\t\t<p>Outre le fait d&#039;aggraver l&#039;apparence, <b>respiration buccale prolong\u00e9e<\/b> Cela peut \u00e9galement affecter le d\u00e9veloppement mental en raison d&#039;une mauvaise respiration et d&#039;une hypoxie. Dans les cas graves, cela peut entra\u00eener des pertes de m\u00e9moire, un ralentissement des r\u00e9flexes et une baisse du QI. Ronfler et retenir sa respiration la nuit peuvent en \u00eatre la cause. <strong>L&#039;hypoxie c\u00e9r\u00e9brale, qui affecte non seulement l&#039;intelligence, mais peut \u00e9galement affecter la lib\u00e9ration de l&#039;hormone de croissance<\/strong>, ce qui finit par entra\u00eener une petite taille. Par cons\u00e9quent,<b> La respiration buccale ne peut \u00eatre ignor\u00e9e et ses cons\u00e9quences sont nombreuses.<\/b><\/p><h2>\u00a0<\/h2><h2><strong>Comment les parents peuvent-ils savoir si leur enfant respire par la bouche\u00a0?<\/strong><\/h2><p>Si vous observez quotidiennement les comportements suivants chez votre enfant, il est recommand\u00e9 de prendre rendez-vous pour une consultation en vue d&#039;un traitement\u00a0:<\/p><p>1- Bouche ouverte la nuit, ronflements fr\u00e9quents, sommeil agit\u00e9<\/p><p>2- L\u00e8vres gerc\u00e9es, mauvaise haleine, voix rauque<\/p><p>3- Apathie diurne, manque d&#039;attention, irritabilit\u00e9<\/p><p>4- Sons nasaux prononc\u00e9s, etc.<\/p><p><strong>Chez Midsa, nous sommes sp\u00e9cialis\u00e9s dans le <a href=\"https:\/\/midsa.es\/fr\/tratamientos-odontologia-general\/\">traitement<\/a> de cette pathologie<\/strong> en utilisant la technique de r\u00e9gulation de fonction d&#039;Aragao (<strong>RFA<\/strong>), est un traitement qui atteint toutes les parties du corps humain \u00e0 partir de la bouche, int\u00e9grant les fonctions des nerfs c\u00e9r\u00e9braux, telles que la respiration, la mastication, la d\u00e9glutition, l&#039;odorat, le go\u00fbt, l&#039;ou\u00efe, l&#039;\u00e9quilibre et la vision.<\/p><section data-id=\"40c5dc6f\" data-element_type=\"section\">\u00a0<\/section>\t\t\n\t\t\t<h2>Comment corriger la respiration buccale ?<\/h2>\t\t\n\t\t<p>Respirer par la bouche peut non seulement provoquer une mauvaise haleine et une s\u00e9cheresse buccale, mais aussi nuire \u00e0 la sant\u00e9 bucco-dentaire, entra\u00eenant des probl\u00e8mes tels que des caries et un mauvais alignement des dents. Pour corriger cette habitude, il est essentiel de consulter un dentiste.<\/p><p>Un dentiste peut identifier la cause, qui peut \u00eatre li\u00e9e \u00e0 des probl\u00e8mes structurels comme une malocclusion ou une hypertrophie des amygdales. Il peut \u00e9galement recommander des solutions telles que des appareils orthodontiques ou une th\u00e9rapie myofonctionnelle pour am\u00e9liorer la respiration nasale.<\/p><p>Ne laissez pas la respiration buccale affecter votre sant\u00e9, consultez votre dentiste et recevez un traitement appropri\u00e9 !<\/p>","protected":false},"excerpt":{"rendered":"<p>\u00bfRespirar por la boca deforma la cara? Esta es una de las dudas que m\u00e1s no hacen en nuestra cl\u00ednica dental en Valencia madres y [&hellip;]<\/p>\n","protected":false},"author":1,"featured_media":0,"comment_status":"open","ping_status":"open","sticky":false,"template":"","format":"standard","meta":{"_acf_changed":false,"footnotes":""},"categories":[6,7],"tags":[],"class_list":["post-230","post","type-post","status-publish","format-standard","hentry","category-odontopediatria","category-ortodoncia-miofuncional"],"acf":[],"yoast_head":"<!-- This site is optimized with the Yoast SEO plugin v27.4 - https:\/\/yoast.com\/product\/yoast-seo-wordpress\/ -->\n<title>La respiraci\u00f3n bucal cambia las facciones de tu hijo &#8212; MIDSA<\/title>\n<meta name=\"robots\" content=\"index, follow, max-snippet:-1, max-image-preview:large, max-video-preview:-1\" \/>\n<link rel=\"canonical\" href=\"https:\/\/midsa.es\/fr\/la-respiration-buccale-modifie-t-elle-les-traits-du-visage-de-votre-enfant\/\" \/>\n<meta property=\"og:locale\" content=\"fr_FR\" \/>\n<meta property=\"og:type\" content=\"article\" \/>\n<meta property=\"og:title\" content=\"La respiraci\u00f3n bucal cambia las facciones de tu hijo &#8212; MIDSA\" \/>\n<meta property=\"og:description\" content=\"\u00bfRespirar por la boca deforma la cara? Esta es una de las dudas que m\u00e1s no hacen en nuestra cl\u00ednica dental en Valencia madres y [&hellip;]\" \/>\n<meta property=\"og:url\" content=\"https:\/\/midsa.es\/fr\/la-respiration-buccale-modifie-t-elle-les-traits-du-visage-de-votre-enfant\/\" \/>\n<meta property=\"og:site_name\" content=\"MIDSA\" \/>\n<meta property=\"article:publisher\" content=\"https:\/\/www.facebook.com\/midsaodontologiavalencia\" \/>\n<meta property=\"article:published_time\" content=\"2021-09-15T07:07:44+00:00\" \/>\n<meta property=\"og:image\" content=\"https:\/\/midsa.es\/wp-content\/uploads\/2021\/09\/respirador-nasal-e1631695670375-1024x586.jpg\" \/>\n<meta name=\"author\" content=\"senda_midsa\" \/>\n<meta name=\"twitter:card\" content=\"summary_large_image\" \/>\n<meta name=\"twitter:label1\" content=\"\u00c9crit par\" \/>\n\t<meta name=\"twitter:data1\" content=\"senda_midsa\" \/>\n\t<meta name=\"twitter:label2\" content=\"Dur\u00e9e de lecture estim\u00e9e\" \/>\n\t<meta name=\"twitter:data2\" content=\"3 minutes\" \/>\n<script type=\"application\/ld+json\" class=\"yoast-schema-graph\">{\"@context\":\"https:\\\/\\\/schema.org\",\"@graph\":[{\"@type\":\"Article\",\"@id\":\"https:\\\/\\\/midsa.es\\\/la-respiracion-bucal-cambia-las-facciones-de-tu-hijo\\\/#article\",\"isPartOf\":{\"@id\":\"https:\\\/\\\/midsa.es\\\/la-respiracion-bucal-cambia-las-facciones-de-tu-hijo\\\/\"},\"author\":{\"name\":\"senda_midsa\",\"@id\":\"https:\\\/\\\/midsa.es\\\/#\\\/schema\\\/person\\\/2c8f0a79218dad8660f4eeb9876dfee7\"},\"headline\":\"La respiraci\u00f3n bucal cambia las facciones de tu hijo\",\"datePublished\":\"2021-09-15T07:07:44+00:00\",\"mainEntityOfPage\":{\"@id\":\"https:\\\/\\\/midsa.es\\\/la-respiracion-bucal-cambia-las-facciones-de-tu-hijo\\\/\"},\"wordCount\":544,\"commentCount\":0,\"publisher\":{\"@id\":\"https:\\\/\\\/midsa.es\\\/#organization\"},\"image\":{\"@id\":\"https:\\\/\\\/midsa.es\\\/la-respiracion-bucal-cambia-las-facciones-de-tu-hijo\\\/#primaryimage\"},\"thumbnailUrl\":\"https:\\\/\\\/midsa.es\\\/wp-content\\\/uploads\\\/2021\\\/09\\\/respirador-nasal-e1631695670375-1024x586.jpg\",\"articleSection\":[\"ODONTOPEDIATRIA\",\"ORTODONCIA MIOFUNCIONAL\"],\"inLanguage\":\"fr-FR\",\"potentialAction\":[{\"@type\":\"CommentAction\",\"name\":\"Comment\",\"target\":[\"https:\\\/\\\/midsa.es\\\/la-respiracion-bucal-cambia-las-facciones-de-tu-hijo\\\/#respond\"]}]},{\"@type\":\"WebPage\",\"@id\":\"https:\\\/\\\/midsa.es\\\/la-respiracion-bucal-cambia-las-facciones-de-tu-hijo\\\/\",\"url\":\"https:\\\/\\\/midsa.es\\\/la-respiracion-bucal-cambia-las-facciones-de-tu-hijo\\\/\",\"name\":\"La respiraci\u00f3n bucal cambia las facciones de tu hijo &#8212; MIDSA\",\"isPartOf\":{\"@id\":\"https:\\\/\\\/midsa.es\\\/#website\"},\"primaryImageOfPage\":{\"@id\":\"https:\\\/\\\/midsa.es\\\/la-respiracion-bucal-cambia-las-facciones-de-tu-hijo\\\/#primaryimage\"},\"image\":{\"@id\":\"https:\\\/\\\/midsa.es\\\/la-respiracion-bucal-cambia-las-facciones-de-tu-hijo\\\/#primaryimage\"},\"thumbnailUrl\":\"https:\\\/\\\/midsa.es\\\/wp-content\\\/uploads\\\/2021\\\/09\\\/respirador-nasal-e1631695670375-1024x586.jpg\",\"datePublished\":\"2021-09-15T07:07:44+00:00\",\"breadcrumb\":{\"@id\":\"https:\\\/\\\/midsa.es\\\/la-respiracion-bucal-cambia-las-facciones-de-tu-hijo\\\/#breadcrumb\"},\"inLanguage\":\"fr-FR\",\"potentialAction\":[{\"@type\":\"ReadAction\",\"target\":[\"https:\\\/\\\/midsa.es\\\/la-respiracion-bucal-cambia-las-facciones-de-tu-hijo\\\/\"]}]},{\"@type\":\"ImageObject\",\"inLanguage\":\"fr-FR\",\"@id\":\"https:\\\/\\\/midsa.es\\\/la-respiracion-bucal-cambia-las-facciones-de-tu-hijo\\\/#primaryimage\",\"url\":\"https:\\\/\\\/midsa.es\\\/wp-content\\\/uploads\\\/2021\\\/09\\\/respirador-nasal-e1631695670375-1024x586.jpg\",\"contentUrl\":\"https:\\\/\\\/midsa.es\\\/wp-content\\\/uploads\\\/2021\\\/09\\\/respirador-nasal-e1631695670375-1024x586.jpg\"},{\"@type\":\"BreadcrumbList\",\"@id\":\"https:\\\/\\\/midsa.es\\\/la-respiracion-bucal-cambia-las-facciones-de-tu-hijo\\\/#breadcrumb\",\"itemListElement\":[{\"@type\":\"ListItem\",\"position\":1,\"name\":\"Portada\",\"item\":\"https:\\\/\\\/midsa.es\\\/\"},{\"@type\":\"ListItem\",\"position\":2,\"name\":\"La respiraci\u00f3n bucal cambia las facciones de tu hijo\"}]},{\"@type\":\"WebSite\",\"@id\":\"https:\\\/\\\/midsa.es\\\/#website\",\"url\":\"https:\\\/\\\/midsa.es\\\/\",\"name\":\"Midsa Odontolog\u00eda & Co\",\"description\":\"Somos MIDSA, Cl\u00ednica Dental en L&#039;Eixample, Valencia. Odontolog\u00eda avanzada con trato cercano en el coraz\u00f3n de Valencia.\",\"publisher\":{\"@id\":\"https:\\\/\\\/midsa.es\\\/#organization\"},\"alternateName\":\"Midsa Odontolog\u00eda\",\"potentialAction\":[{\"@type\":\"SearchAction\",\"target\":{\"@type\":\"EntryPoint\",\"urlTemplate\":\"https:\\\/\\\/midsa.es\\\/?s={search_term_string}\"},\"query-input\":{\"@type\":\"PropertyValueSpecification\",\"valueRequired\":true,\"valueName\":\"search_term_string\"}}],\"inLanguage\":\"fr-FR\"},{\"@type\":\"Organization\",\"@id\":\"https:\\\/\\\/midsa.es\\\/#organization\",\"name\":\"Midsa Odontolog\u00eda & Co\",\"alternateName\":\"Midsa Odontolog\u00eda\",\"url\":\"https:\\\/\\\/midsa.es\\\/\",\"logo\":{\"@type\":\"ImageObject\",\"inLanguage\":\"fr-FR\",\"@id\":\"https:\\\/\\\/midsa.es\\\/#\\\/schema\\\/logo\\\/image\\\/\",\"url\":\"https:\\\/\\\/midsa.es\\\/wp-content\\\/uploads\\\/2026\\\/03\\\/logo_midsa.png\",\"contentUrl\":\"https:\\\/\\\/midsa.es\\\/wp-content\\\/uploads\\\/2026\\\/03\\\/logo_midsa.png\",\"width\":1080,\"height\":361,\"caption\":\"Midsa Odontolog\u00eda & Co\"},\"image\":{\"@id\":\"https:\\\/\\\/midsa.es\\\/#\\\/schema\\\/logo\\\/image\\\/\"},\"sameAs\":[\"https:\\\/\\\/www.facebook.com\\\/midsaodontologiavalencia\",\"https:\\\/\\\/www.instagram.com\\\/midsaodontologia\\\/\"]},{\"@type\":\"Person\",\"@id\":\"https:\\\/\\\/midsa.es\\\/#\\\/schema\\\/person\\\/2c8f0a79218dad8660f4eeb9876dfee7\",\"name\":\"senda_midsa\",\"image\":{\"@type\":\"ImageObject\",\"inLanguage\":\"fr-FR\",\"@id\":\"https:\\\/\\\/secure.gravatar.com\\\/avatar\\\/2ad25152d66ab68f233ff1e771f5f5b61808045f5b306f63250027046f2b84c4?s=96&d=mm&r=g\",\"url\":\"https:\\\/\\\/secure.gravatar.com\\\/avatar\\\/2ad25152d66ab68f233ff1e771f5f5b61808045f5b306f63250027046f2b84c4?s=96&d=mm&r=g\",\"contentUrl\":\"https:\\\/\\\/secure.gravatar.com\\\/avatar\\\/2ad25152d66ab68f233ff1e771f5f5b61808045f5b306f63250027046f2b84c4?s=96&d=mm&r=g\",\"caption\":\"senda_midsa\"},\"sameAs\":[\"https:\\\/\\\/midsa.es\"],\"url\":\"https:\\\/\\\/midsa.es\\\/fr\\\/author\\\/senda_midsa\\\/\"}]}<\/script>\n<!-- \/ Yoast SEO plugin. -->","yoast_head_json":{"title":"La respiration buccale modifie les traits du visage de votre enfant \u2014 MIDSA","robots":{"index":"index","follow":"follow","max-snippet":"max-snippet:-1","max-image-preview":"max-image-preview:large","max-video-preview":"max-video-preview:-1"},"canonical":"https:\/\/midsa.es\/fr\/la-respiration-buccale-modifie-t-elle-les-traits-du-visage-de-votre-enfant\/","og_locale":"fr_FR","og_type":"article","og_title":"La respiraci\u00f3n bucal cambia las facciones de tu hijo &#8212; MIDSA","og_description":"\u00bfRespirar por la boca deforma la cara? Esta es una de las dudas que m\u00e1s no hacen en nuestra cl\u00ednica dental en Valencia madres y [&hellip;]","og_url":"https:\/\/midsa.es\/fr\/la-respiration-buccale-modifie-t-elle-les-traits-du-visage-de-votre-enfant\/","og_site_name":"MIDSA","article_publisher":"https:\/\/www.facebook.com\/midsaodontologiavalencia","article_published_time":"2021-09-15T07:07:44+00:00","og_image":[{"url":"https:\/\/midsa.es\/wp-content\/uploads\/2021\/09\/respirador-nasal-e1631695670375-1024x586.jpg","type":"","width":"","height":""}],"author":"senda_midsa","twitter_card":"summary_large_image","twitter_misc":{"\u00c9crit par":"senda_midsa","Dur\u00e9e de lecture estim\u00e9e":"3 minutes"},"schema":{"@context":"https:\/\/schema.org","@graph":[{"@type":"Article","@id":"https:\/\/midsa.es\/la-respiracion-bucal-cambia-las-facciones-de-tu-hijo\/#article","isPartOf":{"@id":"https:\/\/midsa.es\/la-respiracion-bucal-cambia-las-facciones-de-tu-hijo\/"},"author":{"name":"senda_midsa","@id":"https:\/\/midsa.es\/#\/schema\/person\/2c8f0a79218dad8660f4eeb9876dfee7"},"headline":"La respiraci\u00f3n bucal cambia las facciones de tu hijo","datePublished":"2021-09-15T07:07:44+00:00","mainEntityOfPage":{"@id":"https:\/\/midsa.es\/la-respiracion-bucal-cambia-las-facciones-de-tu-hijo\/"},"wordCount":544,"commentCount":0,"publisher":{"@id":"https:\/\/midsa.es\/#organization"},"image":{"@id":"https:\/\/midsa.es\/la-respiracion-bucal-cambia-las-facciones-de-tu-hijo\/#primaryimage"},"thumbnailUrl":"https:\/\/midsa.es\/wp-content\/uploads\/2021\/09\/respirador-nasal-e1631695670375-1024x586.jpg","articleSection":["ODONTOPEDIATRIA","ORTODONCIA MIOFUNCIONAL"],"inLanguage":"fr-FR","potentialAction":[{"@type":"CommentAction","name":"Comment","target":["https:\/\/midsa.es\/la-respiracion-bucal-cambia-las-facciones-de-tu-hijo\/#respond"]}]},{"@type":"WebPage","@id":"https:\/\/midsa.es\/la-respiracion-bucal-cambia-las-facciones-de-tu-hijo\/","url":"https:\/\/midsa.es\/la-respiracion-bucal-cambia-las-facciones-de-tu-hijo\/","name":"La respiration buccale modifie les traits du visage de votre enfant \u2014 MIDSA","isPartOf":{"@id":"https:\/\/midsa.es\/#website"},"primaryImageOfPage":{"@id":"https:\/\/midsa.es\/la-respiracion-bucal-cambia-las-facciones-de-tu-hijo\/#primaryimage"},"image":{"@id":"https:\/\/midsa.es\/la-respiracion-bucal-cambia-las-facciones-de-tu-hijo\/#primaryimage"},"thumbnailUrl":"https:\/\/midsa.es\/wp-content\/uploads\/2021\/09\/respirador-nasal-e1631695670375-1024x586.jpg","datePublished":"2021-09-15T07:07:44+00:00","breadcrumb":{"@id":"https:\/\/midsa.es\/la-respiracion-bucal-cambia-las-facciones-de-tu-hijo\/#breadcrumb"},"inLanguage":"fr-FR","potentialAction":[{"@type":"ReadAction","target":["https:\/\/midsa.es\/la-respiracion-bucal-cambia-las-facciones-de-tu-hijo\/"]}]},{"@type":"ImageObject","inLanguage":"fr-FR","@id":"https:\/\/midsa.es\/la-respiracion-bucal-cambia-las-facciones-de-tu-hijo\/#primaryimage","url":"https:\/\/midsa.es\/wp-content\/uploads\/2021\/09\/respirador-nasal-e1631695670375-1024x586.jpg","contentUrl":"https:\/\/midsa.es\/wp-content\/uploads\/2021\/09\/respirador-nasal-e1631695670375-1024x586.jpg"},{"@type":"BreadcrumbList","@id":"https:\/\/midsa.es\/la-respiracion-bucal-cambia-las-facciones-de-tu-hijo\/#breadcrumb","itemListElement":[{"@type":"ListItem","position":1,"name":"Portada","item":"https:\/\/midsa.es\/"},{"@type":"ListItem","position":2,"name":"La respiraci\u00f3n bucal cambia las facciones de tu hijo"}]},{"@type":"WebSite","@id":"https:\/\/midsa.es\/#website","url":"https:\/\/midsa.es\/","name":"Midsa Dentistry &amp; Co","description":"Nous sommes MIDSA, une clinique dentaire situ\u00e9e dans le quartier de l&#039;Eixample \u00e0 Valence. Des soins dentaires de pointe et un accompagnement personnalis\u00e9 au c\u0153ur de Valence.","publisher":{"@id":"https:\/\/midsa.es\/#organization"},"alternateName":"Midsa Odontolog\u00eda","potentialAction":[{"@type":"SearchAction","target":{"@type":"EntryPoint","urlTemplate":"https:\/\/midsa.es\/?s={search_term_string}"},"query-input":{"@type":"PropertyValueSpecification","valueRequired":true,"valueName":"search_term_string"}}],"inLanguage":"fr-FR"},{"@type":"Organization","@id":"https:\/\/midsa.es\/#organization","name":"Midsa Dentistry &amp; Co","alternateName":"Midsa Odontolog\u00eda","url":"https:\/\/midsa.es\/","logo":{"@type":"ImageObject","inLanguage":"fr-FR","@id":"https:\/\/midsa.es\/#\/schema\/logo\/image\/","url":"https:\/\/midsa.es\/wp-content\/uploads\/2026\/03\/logo_midsa.png","contentUrl":"https:\/\/midsa.es\/wp-content\/uploads\/2026\/03\/logo_midsa.png","width":1080,"height":361,"caption":"Midsa Odontolog\u00eda & Co"},"image":{"@id":"https:\/\/midsa.es\/#\/schema\/logo\/image\/"},"sameAs":["https:\/\/www.facebook.com\/midsaodontologiavalencia","https:\/\/www.instagram.com\/midsaodontologia\/"]},{"@type":"Person","@id":"https:\/\/midsa.es\/#\/schema\/person\/2c8f0a79218dad8660f4eeb9876dfee7","name":"senda_midsa","image":{"@type":"ImageObject","inLanguage":"fr-FR","@id":"https:\/\/secure.gravatar.com\/avatar\/2ad25152d66ab68f233ff1e771f5f5b61808045f5b306f63250027046f2b84c4?s=96&d=mm&r=g","url":"https:\/\/secure.gravatar.com\/avatar\/2ad25152d66ab68f233ff1e771f5f5b61808045f5b306f63250027046f2b84c4?s=96&d=mm&r=g","contentUrl":"https:\/\/secure.gravatar.com\/avatar\/2ad25152d66ab68f233ff1e771f5f5b61808045f5b306f63250027046f2b84c4?s=96&d=mm&r=g","caption":"senda_midsa"},"sameAs":["https:\/\/midsa.es"],"url":"https:\/\/midsa.es\/fr\/author\/senda_midsa\/"}]}},"_links":{"self":[{"href":"https:\/\/midsa.es\/fr\/wp-json\/wp\/v2\/posts\/230","targetHints":{"allow":["GET"]}}],"collection":[{"href":"https:\/\/midsa.es\/fr\/wp-json\/wp\/v2\/posts"}],"about":[{"href":"https:\/\/midsa.es\/fr\/wp-json\/wp\/v2\/types\/post"}],"author":[{"embeddable":true,"href":"https:\/\/midsa.es\/fr\/wp-json\/wp\/v2\/users\/1"}],"replies":[{"embeddable":true,"href":"https:\/\/midsa.es\/fr\/wp-json\/wp\/v2\/comments?post=230"}],"version-history":[{"count":0,"href":"https:\/\/midsa.es\/fr\/wp-json\/wp\/v2\/posts\/230\/revisions"}],"wp:attachment":[{"href":"https:\/\/midsa.es\/fr\/wp-json\/wp\/v2\/media?parent=230"}],"wp:term":[{"taxonomy":"category","embeddable":true,"href":"https:\/\/midsa.es\/fr\/wp-json\/wp\/v2\/categories?post=230"},{"taxonomy":"post_tag","embeddable":true,"href":"https:\/\/midsa.es\/fr\/wp-json\/wp\/v2\/tags?post=230"}],"curies":[{"name":"wp","href":"https:\/\/api.w.org\/{rel}","templated":true}]}}