{"id":228,"date":"2021-09-10T09:16:41","date_gmt":"2021-09-10T07:16:41","guid":{"rendered":"https:\/\/midsa.es\/nueva\/index.php\/2021\/09\/10\/soy-demasiado-mayor-para-ortodoncia\/"},"modified":"2021-09-10T09:16:41","modified_gmt":"2021-09-10T07:16:41","slug":"je-suis-trop-vieux-pour-porter-un-appareil-dentaire","status":"publish","type":"post","link":"https:\/\/midsa.es\/fr\/soy-demasiado-mayor-para-ortodoncia\/","title":{"rendered":"Suis-je trop vieux pour l&#039;orthodontie ?"},"content":{"rendered":"<p><img decoding=\"async\" width=\"300\" height=\"300\" src=\"https:\/\/midsa.es\/wp-content\/uploads\/2021\/09\/a-la-ortodoncia-invisible-no-le-importa-tu-edad-300x300.jpg\" alt=\"\" loading=\"lazy\" srcset=\"https:\/\/midsa.es\/wp-content\/uploads\/2021\/09\/a-la-ortodoncia-invisible-no-le-importa-tu-edad-300x300.jpg 300w, https:\/\/midsa.es\/wp-content\/uploads\/2021\/09\/a-la-ortodoncia-invisible-no-le-importa-tu-edad-1024x1024.jpg 1024w, https:\/\/midsa.es\/wp-content\/uploads\/2021\/09\/a-la-ortodoncia-invisible-no-le-importa-tu-edad-150x150.jpg 150w, https:\/\/midsa.es\/wp-content\/uploads\/2021\/09\/a-la-ortodoncia-invisible-no-le-importa-tu-edad-768x768.jpg 768w, https:\/\/midsa.es\/wp-content\/uploads\/2021\/09\/a-la-ortodoncia-invisible-no-le-importa-tu-edad.jpg 1080w\" sizes=\"auto, (max-width: 300px) 100vw, 300px\">\t\t\t\t\t\t\t\t\t\t\t\t\t\t<\/p>\n<p><\/p>\n\n\n<\/p>\n<p>La r\u00e9ponse est non, sans h\u00e9sitation. Voici quelques-unes des questions que se posent les adultes et les personnes \u00e2g\u00e9es de notre cabinet lorsqu&#039;ils envisagent un traitement orthodontique invisible.<\/p>\n<p>\n\n\n<p><\/p>\n<p><\/p>\n\n\n<\/p>\n<p>\n\n\n<p><\/p>\n<p><strong>Je suis trop vieux, \u00e7a n&#039;en vaut plus la peine.<\/strong><\/p>\n<p>Aujourd&#039;hui, avoir un beau sourire et \u00eatre en bonne sant\u00e9, se sentir bien et \u00e0 l&#039;aise, avoir une meilleure estime de soi, etc., <strong>ELLE N&#039;A PAS D&#039;\u00c2GE.<\/strong><\/p>\n<p>Si vous souhaitez am\u00e9liorer votre sourire, nous vous sugg\u00e9rons de le faire et de faire abstraction des pr\u00e9jug\u00e9s d\u00e9pass\u00e9s. <\/p>\n<p><strong>L&#039;esth\u00e9tique ne m&#039;int\u00e9resse plus.<\/strong><\/p>\n<p><strong>L&#039;orthodontie invisible n&#039;am\u00e9liorera pas seulement votre apparence, elle va bien au-del\u00e0.<\/strong>. L&#039;orthodontie invisible Invisalign corrige votre occlusion, am\u00e9liorant ainsi votre hygi\u00e8ne bucco-dentaire, votre mastication et pr\u00e9venant les maladies parodontales. Une bonne occlusion peut avoir des r\u00e9percussions insoup\u00e7onn\u00e9es sur votre sant\u00e9 globale. <\/p>\n<p><strong>J&#039;AI HONTE QUE LES GENS LE REMARQUENT<\/strong><\/p>\n<p>C&#039;est pourquoi vous ne devriez pas vous inqui\u00e9ter, car <strong>Le traitement orthodontique invisible Invisalign est presque imperceptible.<\/strong>. Vous n&#039;aurez pas \u00e0 vous soucier des irritations ni des bagues qui se d\u00e9tachent. Si vous avez des implants ou des couronnes, vous n&#039;aurez aucun probl\u00e8me non plus, car il s&#039;agit d&#039;un traitement personnalis\u00e9 pour chaque patient, planifi\u00e9 dent par dent.<\/p>\n<p>Venez nous rendre visite, prenez rendez-vous et nous vous conseillerons, vous expliquerons et r\u00e9pondrons \u00e0 toutes vos questions. <strong>Chez MIDSA Dentistry, nous avons une vaste exp\u00e9rience en orthodontie invisible.<\/strong> <strong>Fournisseur Invisalign Platinum. <\/strong><\/p>","protected":false},"excerpt":{"rendered":"<p>La respuesta es NO, claramente no. Estas son algunas de las dudas que surgen en adultos y mayores en nuestra consulta a la hora de [&hellip;]<\/p>\n","protected":false},"author":1,"featured_media":229,"comment_status":"open","ping_status":"open","sticky":false,"template":"","format":"standard","meta":{"_acf_changed":false,"footnotes":""},"categories":[5,4],"tags":[],"class_list":["post-228","post","type-post","status-publish","format-standard","has-post-thumbnail","hentry","category-consejos","category-invisalign"],"acf":[],"yoast_head":"<!-- This site is optimized with the Yoast SEO plugin v27.5 - https:\/\/yoast.com\/product\/yoast-seo-wordpress\/ -->\n<title>\u00bfSOY DEMASIADO MAYOR PARA ORTODONCIA? &#8212; MIDSA<\/title>\n<meta name=\"description\" content=\"No hay edad l\u00edmite para corregir tu sonrisa. Descubre por qu\u00e9 cada vez m\u00e1s adultos eligen la ortodoncia y qu\u00e9 opciones tienen disponibles.\" \/>\n<meta name=\"robots\" content=\"index, follow, max-snippet:-1, max-image-preview:large, max-video-preview:-1\" \/>\n<link rel=\"canonical\" href=\"https:\/\/midsa.es\/fr\/je-suis-trop-vieux-pour-porter-un-appareil-dentaire\/\" \/>\n<meta property=\"og:locale\" content=\"fr_FR\" \/>\n<meta property=\"og:type\" content=\"article\" \/>\n<meta property=\"og:title\" content=\"\u00bfSOY DEMASIADO MAYOR PARA ORTODONCIA? &#8212; MIDSA\" \/>\n<meta property=\"og:description\" content=\"No hay edad l\u00edmite para corregir tu sonrisa. Descubre por qu\u00e9 cada vez m\u00e1s adultos eligen la ortodoncia y qu\u00e9 opciones tienen disponibles.\" \/>\n<meta property=\"og:url\" content=\"https:\/\/midsa.es\/fr\/je-suis-trop-vieux-pour-porter-un-appareil-dentaire\/\" \/>\n<meta property=\"og:site_name\" content=\"MIDSA\" \/>\n<meta property=\"article:publisher\" content=\"https:\/\/www.facebook.com\/midsaodontologiavalencia\" \/>\n<meta property=\"article:published_time\" content=\"2021-09-10T07:16:41+00:00\" \/>\n<meta property=\"og:image\" content=\"https:\/\/midsa.es\/wp-content\/uploads\/2026\/02\/demasiado-mayor-para.jpg\" \/>\n\t<meta property=\"og:image:width\" content=\"826\" \/>\n\t<meta property=\"og:image:height\" content=\"462\" \/>\n\t<meta property=\"og:image:type\" content=\"image\/jpeg\" \/>\n<meta name=\"author\" content=\"senda_midsa\" \/>\n<meta name=\"twitter:card\" content=\"summary_large_image\" \/>\n<meta name=\"twitter:label1\" content=\"\u00c9crit par\" \/>\n\t<meta name=\"twitter:data1\" content=\"senda_midsa\" \/>\n\t<meta name=\"twitter:label2\" content=\"Dur\u00e9e de lecture estim\u00e9e\" \/>\n\t<meta name=\"twitter:data2\" content=\"1 minute\" \/>\n<script type=\"application\/ld+json\" class=\"yoast-schema-graph\">{\"@context\":\"https:\\\/\\\/schema.org\",\"@graph\":[{\"@type\":\"Article\",\"@id\":\"https:\\\/\\\/midsa.es\\\/soy-demasiado-mayor-para-ortodoncia\\\/#article\",\"isPartOf\":{\"@id\":\"https:\\\/\\\/midsa.es\\\/soy-demasiado-mayor-para-ortodoncia\\\/\"},\"author\":{\"name\":\"senda_midsa\",\"@id\":\"https:\\\/\\\/midsa.es\\\/#\\\/schema\\\/person\\\/2c8f0a79218dad8660f4eeb9876dfee7\"},\"headline\":\"\u00bfSOY DEMASIADO MAYOR PARA ORTODONCIA?\",\"datePublished\":\"2021-09-10T07:16:41+00:00\",\"mainEntityOfPage\":{\"@id\":\"https:\\\/\\\/midsa.es\\\/soy-demasiado-mayor-para-ortodoncia\\\/\"},\"wordCount\":232,\"commentCount\":0,\"publisher\":{\"@id\":\"https:\\\/\\\/midsa.es\\\/#organization\"},\"image\":{\"@id\":\"https:\\\/\\\/midsa.es\\\/soy-demasiado-mayor-para-ortodoncia\\\/#primaryimage\"},\"thumbnailUrl\":\"https:\\\/\\\/midsa.es\\\/wp-content\\\/uploads\\\/2026\\\/02\\\/demasiado-mayor-para.jpg\",\"articleSection\":[\"CONSEJOS\",\"INVISALIGN\"],\"inLanguage\":\"fr-FR\",\"potentialAction\":[{\"@type\":\"CommentAction\",\"name\":\"Comment\",\"target\":[\"https:\\\/\\\/midsa.es\\\/soy-demasiado-mayor-para-ortodoncia\\\/#respond\"]}]},{\"@type\":\"WebPage\",\"@id\":\"https:\\\/\\\/midsa.es\\\/soy-demasiado-mayor-para-ortodoncia\\\/\",\"url\":\"https:\\\/\\\/midsa.es\\\/soy-demasiado-mayor-para-ortodoncia\\\/\",\"name\":\"\u00bfSOY DEMASIADO MAYOR PARA ORTODONCIA? &#8212; MIDSA\",\"isPartOf\":{\"@id\":\"https:\\\/\\\/midsa.es\\\/#website\"},\"primaryImageOfPage\":{\"@id\":\"https:\\\/\\\/midsa.es\\\/soy-demasiado-mayor-para-ortodoncia\\\/#primaryimage\"},\"image\":{\"@id\":\"https:\\\/\\\/midsa.es\\\/soy-demasiado-mayor-para-ortodoncia\\\/#primaryimage\"},\"thumbnailUrl\":\"https:\\\/\\\/midsa.es\\\/wp-content\\\/uploads\\\/2026\\\/02\\\/demasiado-mayor-para.jpg\",\"datePublished\":\"2021-09-10T07:16:41+00:00\",\"description\":\"No hay edad l\u00edmite para corregir tu sonrisa. Descubre por qu\u00e9 cada vez m\u00e1s adultos eligen la ortodoncia y qu\u00e9 opciones tienen disponibles.\",\"breadcrumb\":{\"@id\":\"https:\\\/\\\/midsa.es\\\/soy-demasiado-mayor-para-ortodoncia\\\/#breadcrumb\"},\"inLanguage\":\"fr-FR\",\"potentialAction\":[{\"@type\":\"ReadAction\",\"target\":[\"https:\\\/\\\/midsa.es\\\/soy-demasiado-mayor-para-ortodoncia\\\/\"]}]},{\"@type\":\"ImageObject\",\"inLanguage\":\"fr-FR\",\"@id\":\"https:\\\/\\\/midsa.es\\\/soy-demasiado-mayor-para-ortodoncia\\\/#primaryimage\",\"url\":\"https:\\\/\\\/midsa.es\\\/wp-content\\\/uploads\\\/2026\\\/02\\\/demasiado-mayor-para.jpg\",\"contentUrl\":\"https:\\\/\\\/midsa.es\\\/wp-content\\\/uploads\\\/2026\\\/02\\\/demasiado-mayor-para.jpg\",\"width\":826,\"height\":462},{\"@type\":\"BreadcrumbList\",\"@id\":\"https:\\\/\\\/midsa.es\\\/soy-demasiado-mayor-para-ortodoncia\\\/#breadcrumb\",\"itemListElement\":[{\"@type\":\"ListItem\",\"position\":1,\"name\":\"Portada\",\"item\":\"https:\\\/\\\/midsa.es\\\/\"},{\"@type\":\"ListItem\",\"position\":2,\"name\":\"\u00bfSOY DEMASIADO MAYOR PARA ORTODONCIA?\"}]},{\"@type\":\"WebSite\",\"@id\":\"https:\\\/\\\/midsa.es\\\/#website\",\"url\":\"https:\\\/\\\/midsa.es\\\/\",\"name\":\"Midsa Odontolog\u00eda & Co\",\"description\":\"Somos MIDSA, Cl\u00ednica Dental en L&#039;Eixample, Valencia. Odontolog\u00eda avanzada con trato cercano en el coraz\u00f3n de Valencia.\",\"publisher\":{\"@id\":\"https:\\\/\\\/midsa.es\\\/#organization\"},\"alternateName\":\"Midsa Odontolog\u00eda\",\"potentialAction\":[{\"@type\":\"SearchAction\",\"target\":{\"@type\":\"EntryPoint\",\"urlTemplate\":\"https:\\\/\\\/midsa.es\\\/?s={search_term_string}\"},\"query-input\":{\"@type\":\"PropertyValueSpecification\",\"valueRequired\":true,\"valueName\":\"search_term_string\"}}],\"inLanguage\":\"fr-FR\"},{\"@type\":\"Organization\",\"@id\":\"https:\\\/\\\/midsa.es\\\/#organization\",\"name\":\"Midsa Odontolog\u00eda & Co\",\"alternateName\":\"Midsa Odontolog\u00eda\",\"url\":\"https:\\\/\\\/midsa.es\\\/\",\"logo\":{\"@type\":\"ImageObject\",\"inLanguage\":\"fr-FR\",\"@id\":\"https:\\\/\\\/midsa.es\\\/#\\\/schema\\\/logo\\\/image\\\/\",\"url\":\"https:\\\/\\\/midsa.es\\\/wp-content\\\/uploads\\\/2026\\\/03\\\/logo_midsa.png\",\"contentUrl\":\"https:\\\/\\\/midsa.es\\\/wp-content\\\/uploads\\\/2026\\\/03\\\/logo_midsa.png\",\"width\":1080,\"height\":361,\"caption\":\"Midsa Odontolog\u00eda & Co\"},\"image\":{\"@id\":\"https:\\\/\\\/midsa.es\\\/#\\\/schema\\\/logo\\\/image\\\/\"},\"sameAs\":[\"https:\\\/\\\/www.facebook.com\\\/midsaodontologiavalencia\",\"https:\\\/\\\/www.instagram.com\\\/midsaodontologia\\\/\"]},{\"@type\":\"Person\",\"@id\":\"https:\\\/\\\/midsa.es\\\/#\\\/schema\\\/person\\\/2c8f0a79218dad8660f4eeb9876dfee7\",\"name\":\"senda_midsa\",\"image\":{\"@type\":\"ImageObject\",\"inLanguage\":\"fr-FR\",\"@id\":\"https:\\\/\\\/secure.gravatar.com\\\/avatar\\\/2ad25152d66ab68f233ff1e771f5f5b61808045f5b306f63250027046f2b84c4?s=96&d=mm&r=g\",\"url\":\"https:\\\/\\\/secure.gravatar.com\\\/avatar\\\/2ad25152d66ab68f233ff1e771f5f5b61808045f5b306f63250027046f2b84c4?s=96&d=mm&r=g\",\"contentUrl\":\"https:\\\/\\\/secure.gravatar.com\\\/avatar\\\/2ad25152d66ab68f233ff1e771f5f5b61808045f5b306f63250027046f2b84c4?s=96&d=mm&r=g\",\"caption\":\"senda_midsa\"},\"sameAs\":[\"https:\\\/\\\/midsa.es\"],\"url\":\"https:\\\/\\\/midsa.es\\\/fr\\\/author\\\/senda_midsa\\\/\"}]}<\/script>\n<!-- \/ Yoast SEO plugin. -->","yoast_head_json":{"title":"Suis-je trop vieux pour l&#039;orthodontie\u00a0? \u2014 MIDSA","description":"Il n&#039;y a pas d&#039;\u00e2ge pour corriger son sourire. D\u00e9couvrez pourquoi de plus en plus d&#039;adultes optent pour l&#039;orthodontie et quelles sont les options qui s&#039;offrent \u00e0 eux.","robots":{"index":"index","follow":"follow","max-snippet":"max-snippet:-1","max-image-preview":"max-image-preview:large","max-video-preview":"max-video-preview:-1"},"canonical":"https:\/\/midsa.es\/fr\/je-suis-trop-vieux-pour-porter-un-appareil-dentaire\/","og_locale":"fr_FR","og_type":"article","og_title":"\u00bfSOY DEMASIADO MAYOR PARA ORTODONCIA? &#8212; MIDSA","og_description":"No hay edad l\u00edmite para corregir tu sonrisa. Descubre por qu\u00e9 cada vez m\u00e1s adultos eligen la ortodoncia y qu\u00e9 opciones tienen disponibles.","og_url":"https:\/\/midsa.es\/fr\/je-suis-trop-vieux-pour-porter-un-appareil-dentaire\/","og_site_name":"MIDSA","article_publisher":"https:\/\/www.facebook.com\/midsaodontologiavalencia","article_published_time":"2021-09-10T07:16:41+00:00","og_image":[{"width":826,"height":462,"url":"https:\/\/midsa.es\/wp-content\/uploads\/2026\/02\/demasiado-mayor-para.jpg","type":"image\/jpeg"}],"author":"senda_midsa","twitter_card":"summary_large_image","twitter_misc":{"\u00c9crit par":"senda_midsa","Dur\u00e9e de lecture estim\u00e9e":"1 minute"},"schema":{"@context":"https:\/\/schema.org","@graph":[{"@type":"Article","@id":"https:\/\/midsa.es\/soy-demasiado-mayor-para-ortodoncia\/#article","isPartOf":{"@id":"https:\/\/midsa.es\/soy-demasiado-mayor-para-ortodoncia\/"},"author":{"name":"senda_midsa","@id":"https:\/\/midsa.es\/#\/schema\/person\/2c8f0a79218dad8660f4eeb9876dfee7"},"headline":"\u00bfSOY DEMASIADO MAYOR PARA ORTODONCIA?","datePublished":"2021-09-10T07:16:41+00:00","mainEntityOfPage":{"@id":"https:\/\/midsa.es\/soy-demasiado-mayor-para-ortodoncia\/"},"wordCount":232,"commentCount":0,"publisher":{"@id":"https:\/\/midsa.es\/#organization"},"image":{"@id":"https:\/\/midsa.es\/soy-demasiado-mayor-para-ortodoncia\/#primaryimage"},"thumbnailUrl":"https:\/\/midsa.es\/wp-content\/uploads\/2026\/02\/demasiado-mayor-para.jpg","articleSection":["CONSEJOS","INVISALIGN"],"inLanguage":"fr-FR","potentialAction":[{"@type":"CommentAction","name":"Comment","target":["https:\/\/midsa.es\/soy-demasiado-mayor-para-ortodoncia\/#respond"]}]},{"@type":"WebPage","@id":"https:\/\/midsa.es\/soy-demasiado-mayor-para-ortodoncia\/","url":"https:\/\/midsa.es\/soy-demasiado-mayor-para-ortodoncia\/","name":"Suis-je trop vieux pour l&#039;orthodontie\u00a0? \u2014 MIDSA","isPartOf":{"@id":"https:\/\/midsa.es\/#website"},"primaryImageOfPage":{"@id":"https:\/\/midsa.es\/soy-demasiado-mayor-para-ortodoncia\/#primaryimage"},"image":{"@id":"https:\/\/midsa.es\/soy-demasiado-mayor-para-ortodoncia\/#primaryimage"},"thumbnailUrl":"https:\/\/midsa.es\/wp-content\/uploads\/2026\/02\/demasiado-mayor-para.jpg","datePublished":"2021-09-10T07:16:41+00:00","description":"Il n&#039;y a pas d&#039;\u00e2ge pour corriger son sourire. D\u00e9couvrez pourquoi de plus en plus d&#039;adultes optent pour l&#039;orthodontie et quelles sont les options qui s&#039;offrent \u00e0 eux.","breadcrumb":{"@id":"https:\/\/midsa.es\/soy-demasiado-mayor-para-ortodoncia\/#breadcrumb"},"inLanguage":"fr-FR","potentialAction":[{"@type":"ReadAction","target":["https:\/\/midsa.es\/soy-demasiado-mayor-para-ortodoncia\/"]}]},{"@type":"ImageObject","inLanguage":"fr-FR","@id":"https:\/\/midsa.es\/soy-demasiado-mayor-para-ortodoncia\/#primaryimage","url":"https:\/\/midsa.es\/wp-content\/uploads\/2026\/02\/demasiado-mayor-para.jpg","contentUrl":"https:\/\/midsa.es\/wp-content\/uploads\/2026\/02\/demasiado-mayor-para.jpg","width":826,"height":462},{"@type":"BreadcrumbList","@id":"https:\/\/midsa.es\/soy-demasiado-mayor-para-ortodoncia\/#breadcrumb","itemListElement":[{"@type":"ListItem","position":1,"name":"Portada","item":"https:\/\/midsa.es\/"},{"@type":"ListItem","position":2,"name":"\u00bfSOY DEMASIADO MAYOR PARA ORTODONCIA?"}]},{"@type":"WebSite","@id":"https:\/\/midsa.es\/#website","url":"https:\/\/midsa.es\/","name":"Midsa Dentistry &amp; Co","description":"Nous sommes MIDSA, une clinique dentaire situ\u00e9e dans le quartier de l&#039;Eixample \u00e0 Valence. Des soins dentaires de pointe et un accompagnement personnalis\u00e9 au c\u0153ur de Valence.","publisher":{"@id":"https:\/\/midsa.es\/#organization"},"alternateName":"Midsa Odontolog\u00eda","potentialAction":[{"@type":"SearchAction","target":{"@type":"EntryPoint","urlTemplate":"https:\/\/midsa.es\/?s={search_term_string}"},"query-input":{"@type":"PropertyValueSpecification","valueRequired":true,"valueName":"search_term_string"}}],"inLanguage":"fr-FR"},{"@type":"Organization","@id":"https:\/\/midsa.es\/#organization","name":"Midsa Dentistry &amp; Co","alternateName":"Midsa Odontolog\u00eda","url":"https:\/\/midsa.es\/","logo":{"@type":"ImageObject","inLanguage":"fr-FR","@id":"https:\/\/midsa.es\/#\/schema\/logo\/image\/","url":"https:\/\/midsa.es\/wp-content\/uploads\/2026\/03\/logo_midsa.png","contentUrl":"https:\/\/midsa.es\/wp-content\/uploads\/2026\/03\/logo_midsa.png","width":1080,"height":361,"caption":"Midsa Odontolog\u00eda & Co"},"image":{"@id":"https:\/\/midsa.es\/#\/schema\/logo\/image\/"},"sameAs":["https:\/\/www.facebook.com\/midsaodontologiavalencia","https:\/\/www.instagram.com\/midsaodontologia\/"]},{"@type":"Person","@id":"https:\/\/midsa.es\/#\/schema\/person\/2c8f0a79218dad8660f4eeb9876dfee7","name":"senda_midsa","image":{"@type":"ImageObject","inLanguage":"fr-FR","@id":"https:\/\/secure.gravatar.com\/avatar\/2ad25152d66ab68f233ff1e771f5f5b61808045f5b306f63250027046f2b84c4?s=96&d=mm&r=g","url":"https:\/\/secure.gravatar.com\/avatar\/2ad25152d66ab68f233ff1e771f5f5b61808045f5b306f63250027046f2b84c4?s=96&d=mm&r=g","contentUrl":"https:\/\/secure.gravatar.com\/avatar\/2ad25152d66ab68f233ff1e771f5f5b61808045f5b306f63250027046f2b84c4?s=96&d=mm&r=g","caption":"senda_midsa"},"sameAs":["https:\/\/midsa.es"],"url":"https:\/\/midsa.es\/fr\/author\/senda_midsa\/"}]}},"_links":{"self":[{"href":"https:\/\/midsa.es\/fr\/wp-json\/wp\/v2\/posts\/228","targetHints":{"allow":["GET"]}}],"collection":[{"href":"https:\/\/midsa.es\/fr\/wp-json\/wp\/v2\/posts"}],"about":[{"href":"https:\/\/midsa.es\/fr\/wp-json\/wp\/v2\/types\/post"}],"author":[{"embeddable":true,"href":"https:\/\/midsa.es\/fr\/wp-json\/wp\/v2\/users\/1"}],"replies":[{"embeddable":true,"href":"https:\/\/midsa.es\/fr\/wp-json\/wp\/v2\/comments?post=228"}],"version-history":[{"count":0,"href":"https:\/\/midsa.es\/fr\/wp-json\/wp\/v2\/posts\/228\/revisions"}],"wp:featuredmedia":[{"embeddable":true,"href":"https:\/\/midsa.es\/fr\/wp-json\/wp\/v2\/media\/229"}],"wp:attachment":[{"href":"https:\/\/midsa.es\/fr\/wp-json\/wp\/v2\/media?parent=228"}],"wp:term":[{"taxonomy":"category","embeddable":true,"href":"https:\/\/midsa.es\/fr\/wp-json\/wp\/v2\/categories?post=228"},{"taxonomy":"post_tag","embeddable":true,"href":"https:\/\/midsa.es\/fr\/wp-json\/wp\/v2\/tags?post=228"}],"curies":[{"name":"wp","href":"https:\/\/api.w.org\/{rel}","templated":true}]}}