{"id":226,"date":"2021-02-18T11:46:47","date_gmt":"2021-02-18T10:46:47","guid":{"rendered":"https:\/\/midsa.es\/nueva\/index.php\/2021\/02\/18\/perdida-de-piezas-dentales\/"},"modified":"2021-02-18T11:46:47","modified_gmt":"2021-02-18T10:46:47","slug":"perte-de-dents","status":"publish","type":"post","link":"https:\/\/midsa.es\/fr\/perdida-de-piezas-dentales\/","title":{"rendered":"Perte de dents ?"},"content":{"rendered":"<p>La perte de dents est malheureusement plus fr\u00e9quente qu&#039;on ne le pense. Elle peut \u00eatre caus\u00e9e par un traumatisme dentaire, des caries, le bruxisme (grincement des dents), qui fragilise et use les dents, pouvant m\u00eame entra\u00eener des fractures, la parodontite, et d&#039;autres probl\u00e8mes encore.<\/p>\n\n\n\n<p>Lorsqu&#039;une ou plusieurs dents sont perdues, la structure buccale se d\u00e9s\u00e9quilibre et une s\u00e9rie de probl\u00e8mes surviennent, pouvant nuire gravement \u00e0 la sant\u00e9 dentaire, car la bouche est un syst\u00e8me con\u00e7u pour fonctionner comme un tout.<\/p>\n\n\n\n<p><strong>Que se passe-t-il lorsqu&#039;une pi\u00e8ce manque\u00a0?<\/strong><\/p>\n\n\n\n<ul class=\"wp-block-list\">\n<li><strong>Perte osseuse<\/strong>En cas d&#039;absence de dent, l&#039;os a tendance \u00e0 subir une perte de masse osseuse. Pour pr\u00e9venir l&#039;\u00e9rosion et la r\u00e9sorption osseuses, la pose d&#039;une proth\u00e8se est n\u00e9cessaire. <strong><a href=\"https:\/\/midsa.es\/fr\/implantologia-valencia\/\">implant dentaire<\/a><\/strong>, car il s&#039;agit du seul traitement dentaire qui pr\u00e9vient ce probl\u00e8me, en plus d&#039;\u00eatre celui qui offre les meilleurs r\u00e9sultats \u00e0 court et \u00e0 long terme. <\/li>\n\n\n\n<li><strong>D\u00e9placement des dents restantes : <\/strong> Les dents ont tendance \u00e0 se d\u00e9placer pour combler les espaces laiss\u00e9s par une dent manquante. Lorsqu&#039;une ou plusieurs dents sont perdues, celles adjacentes \u00e0 l&#039;espace vide se d\u00e9placent, ce qui tend \u00e0 provoquer un encombrement dentaire et des malocclusions. Dans les cas o\u00f9 un d\u00e9placement dentaire s&#039;est d\u00e9j\u00e0 produit, <strong>Il est n\u00e9cessaire de remettre les dents dans leur position d&#039;origine.<\/strong>, \u00e0 travers <a href=\"https:\/\/midsa.es\/fr\/invisalign-valencia\/\" data-type=\"link\" data-id=\"https:\/\/midsa.es\/invisalign-valencia\/\">orthodontie<\/a>, afin de m\u00e9nager l&#039;espace n\u00e9cessaire \u00e0 la pose d&#039;un implant dentaire.<\/li>\n\n\n\n<li><strong>mauvaise mastication<\/strong>Une occlusion incorrecte due \u00e0 la perte d&#039;une dent implique une <strong>m\u00e2cher pire<\/strong>. Et cette mauvaise mastication signifie ing\u00e9rer des aliments moins bien m\u00e2ch\u00e9s., <strong>digestion plus lourde<\/strong>, et le long <strong>Cela peut entra\u00eener des probl\u00e8mes gastriques.<\/strong>.<\/li>\n\n\n\n<li><strong>Cons\u00e9quences esth\u00e9tiques :<\/strong> Perdre une ou plusieurs dents modifie compl\u00e8tement votre sourire, et parfois ces pertes nous donnent un <strong>apparence vieillie<\/strong> y <strong>imprudent<\/strong> cela peut influencer l&#039;image que nous souhaitons projeter de nous-m\u00eames.<\/li>\n<\/ul>\n\n\n\n<p>Pour toutes ces raisons, il est essentiel pour votre bouche et votre sant\u00e9 globale de consulter le cabinet dentaire Midsa. <strong>sp\u00e9cialistes en implants dentaires<\/strong>, Gr\u00e2ce \u00e0 elles, vous retrouverez non seulement l&#039;esth\u00e9tique de votre sourire et la fonctionnalit\u00e9 de votre occlusion, mais vous prot\u00e9gerez \u00e9galement vos autres dents et votre os, pr\u00e9venant ainsi toute perte suppl\u00e9mentaire.<\/p>","protected":false},"excerpt":{"rendered":"<p>La p\u00e9rdida de piezas dentales por desgracia es m\u00e1s com\u00fan de lo que pensamos. La p\u00e9rdida de estos dientes puede estar causada por un traumatismo [&hellip;]<\/p>\n","protected":false},"author":1,"featured_media":227,"comment_status":"open","ping_status":"open","sticky":false,"template":"","format":"standard","meta":{"_acf_changed":false,"footnotes":""},"categories":[3,5],"tags":[],"class_list":["post-226","post","type-post","status-publish","format-standard","has-post-thumbnail","hentry","category-articulos-salud-bucal","category-consejos"],"acf":[],"yoast_head":"<!-- This site is optimized with the Yoast SEO plugin v27.5 - https:\/\/yoast.com\/product\/yoast-seo-wordpress\/ -->\n<title>\u00bfP\u00e9rdida de piezas dentales? &#8212; MIDSA<\/title>\n<meta name=\"description\" content=\"Perder un diente tiene consecuencias m\u00e1s all\u00e1 de la est\u00e9tica. Descubre qu\u00e9 ocurre en tu boca si no repones una pieza dental a tiempo.\" \/>\n<meta name=\"robots\" content=\"index, follow, max-snippet:-1, max-image-preview:large, max-video-preview:-1\" \/>\n<link rel=\"canonical\" href=\"https:\/\/midsa.es\/fr\/perte-de-dents\/\" \/>\n<meta property=\"og:locale\" content=\"fr_FR\" \/>\n<meta property=\"og:type\" content=\"article\" \/>\n<meta property=\"og:title\" content=\"\u00bfP\u00e9rdida de piezas dentales? &#8212; MIDSA\" \/>\n<meta property=\"og:description\" content=\"Perder un diente tiene consecuencias m\u00e1s all\u00e1 de la est\u00e9tica. Descubre qu\u00e9 ocurre en tu boca si no repones una pieza dental a tiempo.\" \/>\n<meta property=\"og:url\" content=\"https:\/\/midsa.es\/fr\/perte-de-dents\/\" \/>\n<meta property=\"og:site_name\" content=\"MIDSA\" \/>\n<meta property=\"article:publisher\" content=\"https:\/\/www.facebook.com\/midsaodontologiavalencia\" \/>\n<meta property=\"article:published_time\" content=\"2021-02-18T10:46:47+00:00\" \/>\n<meta property=\"og:image\" content=\"https:\/\/midsa.es\/wp-content\/uploads\/2026\/02\/Captura-de-pantalla-2018-11-19-a-las-13.44.21.png\" \/>\n\t<meta property=\"og:image:width\" content=\"880\" \/>\n\t<meta property=\"og:image:height\" content=\"641\" \/>\n\t<meta property=\"og:image:type\" content=\"image\/png\" \/>\n<meta name=\"author\" content=\"senda_midsa\" \/>\n<meta name=\"twitter:card\" content=\"summary_large_image\" \/>\n<meta name=\"twitter:label1\" content=\"\u00c9crit par\" \/>\n\t<meta name=\"twitter:data1\" content=\"senda_midsa\" \/>\n\t<meta name=\"twitter:label2\" content=\"Dur\u00e9e de lecture estim\u00e9e\" \/>\n\t<meta name=\"twitter:data2\" content=\"2 minutes\" \/>\n<script type=\"application\/ld+json\" class=\"yoast-schema-graph\">{\"@context\":\"https:\\\/\\\/schema.org\",\"@graph\":[{\"@type\":\"Article\",\"@id\":\"https:\\\/\\\/midsa.es\\\/perdida-de-piezas-dentales\\\/#article\",\"isPartOf\":{\"@id\":\"https:\\\/\\\/midsa.es\\\/perdida-de-piezas-dentales\\\/\"},\"author\":{\"name\":\"senda_midsa\",\"@id\":\"https:\\\/\\\/midsa.es\\\/#\\\/schema\\\/person\\\/2c8f0a79218dad8660f4eeb9876dfee7\"},\"headline\":\"\u00bfP\u00e9rdida de piezas dentales?\",\"datePublished\":\"2021-02-18T10:46:47+00:00\",\"mainEntityOfPage\":{\"@id\":\"https:\\\/\\\/midsa.es\\\/perdida-de-piezas-dentales\\\/\"},\"wordCount\":380,\"commentCount\":0,\"publisher\":{\"@id\":\"https:\\\/\\\/midsa.es\\\/#organization\"},\"image\":{\"@id\":\"https:\\\/\\\/midsa.es\\\/perdida-de-piezas-dentales\\\/#primaryimage\"},\"thumbnailUrl\":\"https:\\\/\\\/midsa.es\\\/wp-content\\\/uploads\\\/2026\\\/02\\\/Captura-de-pantalla-2018-11-19-a-las-13.44.21.png\",\"articleSection\":[\"ARTICULOS SALUD BUCAL\",\"CONSEJOS\"],\"inLanguage\":\"fr-FR\",\"potentialAction\":[{\"@type\":\"CommentAction\",\"name\":\"Comment\",\"target\":[\"https:\\\/\\\/midsa.es\\\/perdida-de-piezas-dentales\\\/#respond\"]}]},{\"@type\":\"WebPage\",\"@id\":\"https:\\\/\\\/midsa.es\\\/perdida-de-piezas-dentales\\\/\",\"url\":\"https:\\\/\\\/midsa.es\\\/perdida-de-piezas-dentales\\\/\",\"name\":\"\u00bfP\u00e9rdida de piezas dentales? &#8212; MIDSA\",\"isPartOf\":{\"@id\":\"https:\\\/\\\/midsa.es\\\/#website\"},\"primaryImageOfPage\":{\"@id\":\"https:\\\/\\\/midsa.es\\\/perdida-de-piezas-dentales\\\/#primaryimage\"},\"image\":{\"@id\":\"https:\\\/\\\/midsa.es\\\/perdida-de-piezas-dentales\\\/#primaryimage\"},\"thumbnailUrl\":\"https:\\\/\\\/midsa.es\\\/wp-content\\\/uploads\\\/2026\\\/02\\\/Captura-de-pantalla-2018-11-19-a-las-13.44.21.png\",\"datePublished\":\"2021-02-18T10:46:47+00:00\",\"description\":\"Perder un diente tiene consecuencias m\u00e1s all\u00e1 de la est\u00e9tica. Descubre qu\u00e9 ocurre en tu boca si no repones una pieza dental a tiempo.\",\"breadcrumb\":{\"@id\":\"https:\\\/\\\/midsa.es\\\/perdida-de-piezas-dentales\\\/#breadcrumb\"},\"inLanguage\":\"fr-FR\",\"potentialAction\":[{\"@type\":\"ReadAction\",\"target\":[\"https:\\\/\\\/midsa.es\\\/perdida-de-piezas-dentales\\\/\"]}]},{\"@type\":\"ImageObject\",\"inLanguage\":\"fr-FR\",\"@id\":\"https:\\\/\\\/midsa.es\\\/perdida-de-piezas-dentales\\\/#primaryimage\",\"url\":\"https:\\\/\\\/midsa.es\\\/wp-content\\\/uploads\\\/2026\\\/02\\\/Captura-de-pantalla-2018-11-19-a-las-13.44.21.png\",\"contentUrl\":\"https:\\\/\\\/midsa.es\\\/wp-content\\\/uploads\\\/2026\\\/02\\\/Captura-de-pantalla-2018-11-19-a-las-13.44.21.png\",\"width\":880,\"height\":641},{\"@type\":\"BreadcrumbList\",\"@id\":\"https:\\\/\\\/midsa.es\\\/perdida-de-piezas-dentales\\\/#breadcrumb\",\"itemListElement\":[{\"@type\":\"ListItem\",\"position\":1,\"name\":\"Portada\",\"item\":\"https:\\\/\\\/midsa.es\\\/\"},{\"@type\":\"ListItem\",\"position\":2,\"name\":\"\u00bfP\u00e9rdida de piezas dentales?\"}]},{\"@type\":\"WebSite\",\"@id\":\"https:\\\/\\\/midsa.es\\\/#website\",\"url\":\"https:\\\/\\\/midsa.es\\\/\",\"name\":\"Midsa Odontolog\u00eda & Co\",\"description\":\"Somos MIDSA, Cl\u00ednica Dental en L&#039;Eixample, Valencia. Odontolog\u00eda avanzada con trato cercano en el coraz\u00f3n de Valencia.\",\"publisher\":{\"@id\":\"https:\\\/\\\/midsa.es\\\/#organization\"},\"alternateName\":\"Midsa Odontolog\u00eda\",\"potentialAction\":[{\"@type\":\"SearchAction\",\"target\":{\"@type\":\"EntryPoint\",\"urlTemplate\":\"https:\\\/\\\/midsa.es\\\/?s={search_term_string}\"},\"query-input\":{\"@type\":\"PropertyValueSpecification\",\"valueRequired\":true,\"valueName\":\"search_term_string\"}}],\"inLanguage\":\"fr-FR\"},{\"@type\":\"Organization\",\"@id\":\"https:\\\/\\\/midsa.es\\\/#organization\",\"name\":\"Midsa Odontolog\u00eda & Co\",\"alternateName\":\"Midsa Odontolog\u00eda\",\"url\":\"https:\\\/\\\/midsa.es\\\/\",\"logo\":{\"@type\":\"ImageObject\",\"inLanguage\":\"fr-FR\",\"@id\":\"https:\\\/\\\/midsa.es\\\/#\\\/schema\\\/logo\\\/image\\\/\",\"url\":\"https:\\\/\\\/midsa.es\\\/wp-content\\\/uploads\\\/2026\\\/03\\\/logo_midsa.png\",\"contentUrl\":\"https:\\\/\\\/midsa.es\\\/wp-content\\\/uploads\\\/2026\\\/03\\\/logo_midsa.png\",\"width\":1080,\"height\":361,\"caption\":\"Midsa Odontolog\u00eda & Co\"},\"image\":{\"@id\":\"https:\\\/\\\/midsa.es\\\/#\\\/schema\\\/logo\\\/image\\\/\"},\"sameAs\":[\"https:\\\/\\\/www.facebook.com\\\/midsaodontologiavalencia\",\"https:\\\/\\\/www.instagram.com\\\/midsaodontologia\\\/\"]},{\"@type\":\"Person\",\"@id\":\"https:\\\/\\\/midsa.es\\\/#\\\/schema\\\/person\\\/2c8f0a79218dad8660f4eeb9876dfee7\",\"name\":\"senda_midsa\",\"image\":{\"@type\":\"ImageObject\",\"inLanguage\":\"fr-FR\",\"@id\":\"https:\\\/\\\/secure.gravatar.com\\\/avatar\\\/2ad25152d66ab68f233ff1e771f5f5b61808045f5b306f63250027046f2b84c4?s=96&d=mm&r=g\",\"url\":\"https:\\\/\\\/secure.gravatar.com\\\/avatar\\\/2ad25152d66ab68f233ff1e771f5f5b61808045f5b306f63250027046f2b84c4?s=96&d=mm&r=g\",\"contentUrl\":\"https:\\\/\\\/secure.gravatar.com\\\/avatar\\\/2ad25152d66ab68f233ff1e771f5f5b61808045f5b306f63250027046f2b84c4?s=96&d=mm&r=g\",\"caption\":\"senda_midsa\"},\"sameAs\":[\"https:\\\/\\\/midsa.es\"],\"url\":\"https:\\\/\\\/midsa.es\\\/fr\\\/author\\\/senda_midsa\\\/\"}]}<\/script>\n<!-- \/ Yoast SEO plugin. -->","yoast_head_json":{"title":"Perte de dents\u00a0? \u2014 MIDSA","description":"Perdre une dent a des cons\u00e9quences qui vont bien au-del\u00e0 de l&#039;esth\u00e9tique. D\u00e9couvrez ce qui arrive \u00e0 votre bouche si vous ne remplacez pas une dent \u00e0 temps.","robots":{"index":"index","follow":"follow","max-snippet":"max-snippet:-1","max-image-preview":"max-image-preview:large","max-video-preview":"max-video-preview:-1"},"canonical":"https:\/\/midsa.es\/fr\/perte-de-dents\/","og_locale":"fr_FR","og_type":"article","og_title":"\u00bfP\u00e9rdida de piezas dentales? &#8212; MIDSA","og_description":"Perder un diente tiene consecuencias m\u00e1s all\u00e1 de la est\u00e9tica. Descubre qu\u00e9 ocurre en tu boca si no repones una pieza dental a tiempo.","og_url":"https:\/\/midsa.es\/fr\/perte-de-dents\/","og_site_name":"MIDSA","article_publisher":"https:\/\/www.facebook.com\/midsaodontologiavalencia","article_published_time":"2021-02-18T10:46:47+00:00","og_image":[{"width":880,"height":641,"url":"https:\/\/midsa.es\/wp-content\/uploads\/2026\/02\/Captura-de-pantalla-2018-11-19-a-las-13.44.21.png","type":"image\/png"}],"author":"senda_midsa","twitter_card":"summary_large_image","twitter_misc":{"\u00c9crit par":"senda_midsa","Dur\u00e9e de lecture estim\u00e9e":"2 minutes"},"schema":{"@context":"https:\/\/schema.org","@graph":[{"@type":"Article","@id":"https:\/\/midsa.es\/perdida-de-piezas-dentales\/#article","isPartOf":{"@id":"https:\/\/midsa.es\/perdida-de-piezas-dentales\/"},"author":{"name":"senda_midsa","@id":"https:\/\/midsa.es\/#\/schema\/person\/2c8f0a79218dad8660f4eeb9876dfee7"},"headline":"\u00bfP\u00e9rdida de piezas dentales?","datePublished":"2021-02-18T10:46:47+00:00","mainEntityOfPage":{"@id":"https:\/\/midsa.es\/perdida-de-piezas-dentales\/"},"wordCount":380,"commentCount":0,"publisher":{"@id":"https:\/\/midsa.es\/#organization"},"image":{"@id":"https:\/\/midsa.es\/perdida-de-piezas-dentales\/#primaryimage"},"thumbnailUrl":"https:\/\/midsa.es\/wp-content\/uploads\/2026\/02\/Captura-de-pantalla-2018-11-19-a-las-13.44.21.png","articleSection":["ARTICULOS SALUD BUCAL","CONSEJOS"],"inLanguage":"fr-FR","potentialAction":[{"@type":"CommentAction","name":"Comment","target":["https:\/\/midsa.es\/perdida-de-piezas-dentales\/#respond"]}]},{"@type":"WebPage","@id":"https:\/\/midsa.es\/perdida-de-piezas-dentales\/","url":"https:\/\/midsa.es\/perdida-de-piezas-dentales\/","name":"Perte de dents\u00a0? \u2014 MIDSA","isPartOf":{"@id":"https:\/\/midsa.es\/#website"},"primaryImageOfPage":{"@id":"https:\/\/midsa.es\/perdida-de-piezas-dentales\/#primaryimage"},"image":{"@id":"https:\/\/midsa.es\/perdida-de-piezas-dentales\/#primaryimage"},"thumbnailUrl":"https:\/\/midsa.es\/wp-content\/uploads\/2026\/02\/Captura-de-pantalla-2018-11-19-a-las-13.44.21.png","datePublished":"2021-02-18T10:46:47+00:00","description":"Perdre une dent a des cons\u00e9quences qui vont bien au-del\u00e0 de l&#039;esth\u00e9tique. D\u00e9couvrez ce qui arrive \u00e0 votre bouche si vous ne remplacez pas une dent \u00e0 temps.","breadcrumb":{"@id":"https:\/\/midsa.es\/perdida-de-piezas-dentales\/#breadcrumb"},"inLanguage":"fr-FR","potentialAction":[{"@type":"ReadAction","target":["https:\/\/midsa.es\/perdida-de-piezas-dentales\/"]}]},{"@type":"ImageObject","inLanguage":"fr-FR","@id":"https:\/\/midsa.es\/perdida-de-piezas-dentales\/#primaryimage","url":"https:\/\/midsa.es\/wp-content\/uploads\/2026\/02\/Captura-de-pantalla-2018-11-19-a-las-13.44.21.png","contentUrl":"https:\/\/midsa.es\/wp-content\/uploads\/2026\/02\/Captura-de-pantalla-2018-11-19-a-las-13.44.21.png","width":880,"height":641},{"@type":"BreadcrumbList","@id":"https:\/\/midsa.es\/perdida-de-piezas-dentales\/#breadcrumb","itemListElement":[{"@type":"ListItem","position":1,"name":"Portada","item":"https:\/\/midsa.es\/"},{"@type":"ListItem","position":2,"name":"\u00bfP\u00e9rdida de piezas dentales?"}]},{"@type":"WebSite","@id":"https:\/\/midsa.es\/#website","url":"https:\/\/midsa.es\/","name":"Midsa Dentistry &amp; Co","description":"Nous sommes MIDSA, une clinique dentaire situ\u00e9e dans le quartier de l&#039;Eixample \u00e0 Valence. Des soins dentaires de pointe et un accompagnement personnalis\u00e9 au c\u0153ur de Valence.","publisher":{"@id":"https:\/\/midsa.es\/#organization"},"alternateName":"Midsa Odontolog\u00eda","potentialAction":[{"@type":"SearchAction","target":{"@type":"EntryPoint","urlTemplate":"https:\/\/midsa.es\/?s={search_term_string}"},"query-input":{"@type":"PropertyValueSpecification","valueRequired":true,"valueName":"search_term_string"}}],"inLanguage":"fr-FR"},{"@type":"Organization","@id":"https:\/\/midsa.es\/#organization","name":"Midsa Dentistry &amp; Co","alternateName":"Midsa Odontolog\u00eda","url":"https:\/\/midsa.es\/","logo":{"@type":"ImageObject","inLanguage":"fr-FR","@id":"https:\/\/midsa.es\/#\/schema\/logo\/image\/","url":"https:\/\/midsa.es\/wp-content\/uploads\/2026\/03\/logo_midsa.png","contentUrl":"https:\/\/midsa.es\/wp-content\/uploads\/2026\/03\/logo_midsa.png","width":1080,"height":361,"caption":"Midsa Odontolog\u00eda & Co"},"image":{"@id":"https:\/\/midsa.es\/#\/schema\/logo\/image\/"},"sameAs":["https:\/\/www.facebook.com\/midsaodontologiavalencia","https:\/\/www.instagram.com\/midsaodontologia\/"]},{"@type":"Person","@id":"https:\/\/midsa.es\/#\/schema\/person\/2c8f0a79218dad8660f4eeb9876dfee7","name":"senda_midsa","image":{"@type":"ImageObject","inLanguage":"fr-FR","@id":"https:\/\/secure.gravatar.com\/avatar\/2ad25152d66ab68f233ff1e771f5f5b61808045f5b306f63250027046f2b84c4?s=96&d=mm&r=g","url":"https:\/\/secure.gravatar.com\/avatar\/2ad25152d66ab68f233ff1e771f5f5b61808045f5b306f63250027046f2b84c4?s=96&d=mm&r=g","contentUrl":"https:\/\/secure.gravatar.com\/avatar\/2ad25152d66ab68f233ff1e771f5f5b61808045f5b306f63250027046f2b84c4?s=96&d=mm&r=g","caption":"senda_midsa"},"sameAs":["https:\/\/midsa.es"],"url":"https:\/\/midsa.es\/fr\/author\/senda_midsa\/"}]}},"_links":{"self":[{"href":"https:\/\/midsa.es\/fr\/wp-json\/wp\/v2\/posts\/226","targetHints":{"allow":["GET"]}}],"collection":[{"href":"https:\/\/midsa.es\/fr\/wp-json\/wp\/v2\/posts"}],"about":[{"href":"https:\/\/midsa.es\/fr\/wp-json\/wp\/v2\/types\/post"}],"author":[{"embeddable":true,"href":"https:\/\/midsa.es\/fr\/wp-json\/wp\/v2\/users\/1"}],"replies":[{"embeddable":true,"href":"https:\/\/midsa.es\/fr\/wp-json\/wp\/v2\/comments?post=226"}],"version-history":[{"count":0,"href":"https:\/\/midsa.es\/fr\/wp-json\/wp\/v2\/posts\/226\/revisions"}],"wp:featuredmedia":[{"embeddable":true,"href":"https:\/\/midsa.es\/fr\/wp-json\/wp\/v2\/media\/227"}],"wp:attachment":[{"href":"https:\/\/midsa.es\/fr\/wp-json\/wp\/v2\/media?parent=226"}],"wp:term":[{"taxonomy":"category","embeddable":true,"href":"https:\/\/midsa.es\/fr\/wp-json\/wp\/v2\/categories?post=226"},{"taxonomy":"post_tag","embeddable":true,"href":"https:\/\/midsa.es\/fr\/wp-json\/wp\/v2\/tags?post=226"}],"curies":[{"name":"wp","href":"https:\/\/api.w.org\/{rel}","templated":true}]}}