{"id":220,"date":"2020-02-18T09:16:10","date_gmt":"2020-02-18T08:16:10","guid":{"rendered":"https:\/\/midsa.es\/nueva\/index.php\/2020\/02\/18\/mi-hijo-ronca\/"},"modified":"2020-02-18T09:16:10","modified_gmt":"2020-02-18T08:16:10","slug":"mon-fils-ronfle","status":"publish","type":"post","link":"https:\/\/midsa.es\/fr\/mi-hijo-ronca\/","title":{"rendered":"MON FILS RONFLE"},"content":{"rendered":"<p>Les statistiques montrent que 7,41 % des enfants ronflent pendant leur sommeil et que 21 % \u00e0 41 % souffrent du syndrome d&#039;apn\u00e9e ou d&#039;hypopn\u00e9e obstructive du sommeil (SAHOS). <strong>Soci\u00e9t\u00e9 espagnole de pneumologie et de chirurgie thoracique (Separ)<\/strong>. Ces ronflements sont souvent un sympt\u00f4me du syndrome d&#039;apn\u00e9e du sommeil, ce qui a un impact direct sur la qualit\u00e9 de vie de l&#039;enfant.<\/p>\n\n\n\n<p><strong>Quelles pourraient \u00eatre les cons\u00e9quences pour vous ?<\/strong><\/p>\n\n\n\n<p>Elles peuvent provoquer des maladies cardiovasculaires, des arythmies, de l&#039;hypertension art\u00e9rielle, de l&#039;hypertension pulmonaire, une transpiration excessive, une incontinence urinaire nocturne et un retard de croissance, une hypertrophie ad\u00e9no\u00efdienne, une amygdalite, des maux de t\u00eate, des probl\u00e8mes posturaux, ainsi que des probl\u00e8mes de comportement et d&#039;apprentissage.<\/p>\n\n\n\n<p>L&#039;apn\u00e9e du sommeil survient lorsque le patient dort et <strong>Respirez par la bouche<\/strong>, En position couch\u00e9e sur le dos, la langue entre en contact avec la r\u00e9gion oropharyng\u00e9e, interrompant la respiration, car l&#039;organisme interpr\u00e8te cela comme une d\u00e9glutition. Il en r\u00e9sulte une apn\u00e9e, une augmentation de la saturation en CO2, une acc\u00e9l\u00e9ration du rythme cardiaque et un arr\u00eat respiratoire.<\/p>\n\n\n\n<p><strong>Pour toutes ces raisons, il est primordial de la traiter au plus vite.<\/strong><\/p>\n\n\n\n<p>Avec le traitement <strong>RFA - Soins complets du corps humain<\/strong> La respiration du patient sera g\u00e9r\u00e9e par la fermeture des l\u00e8vres et une respiration lente et profonde pendant 180 jours. Cela n\u00e9cessite l&#039;engagement des parents et le respect d&#039;un protocole simple. De cette mani\u00e8re, nous r\u00e9gulerons la coagulation sanguine, l&#039;activit\u00e9 cardiaque, la pression art\u00e9rielle, la quantit\u00e9 d&#039;oxyg\u00e8ne dans l&#039;h\u00e9moglobine, les globules rouges, l&#039;affinit\u00e9 de l&#039;h\u00e9moglobine pour l&#039;oxyg\u00e8ne, l&#039;h\u00e9matopo\u00ef\u00e8se et les fonctions d&#039;excr\u00e9tion r\u00e9nale, intestinale et transpiratoire.<\/p>\n\n\n\n<p>Si votre enfant souffre de ronflements ou d&#039;apn\u00e9e du sommeil <strong>Chez MIDSA Dentistry, nous voulons vous aider.<\/strong>, Si vous souhaitez en savoir plus, appelez-nous et nous vous fixerons un rendez-vous.<\/p>\n\n\n\n<p><br \/><\/p>","protected":false},"excerpt":{"rendered":"<p>Las estad\u00edsticas muestran que el 7,4% de los ni\u00f1os presenta ronquido primario durante el sue\u00f1o y entre el 2% y el 4% s\u00edndrome de apneas [&hellip;]<\/p>\n","protected":false},"author":1,"featured_media":221,"comment_status":"open","ping_status":"open","sticky":false,"template":"","format":"standard","meta":{"_acf_changed":false,"footnotes":""},"categories":[3,6,7,9],"tags":[],"class_list":["post-220","post","type-post","status-publish","format-standard","has-post-thumbnail","hentry","category-articulos-salud-bucal","category-odontopediatria","category-ortodoncia-miofuncional","category-otros"],"acf":[],"yoast_head":"<!-- This site is optimized with the Yoast SEO plugin v27.5 - https:\/\/yoast.com\/product\/yoast-seo-wordpress\/ -->\n<title>MI HIJO RONCA &#8212; MIDSA<\/title>\n<meta name=\"robots\" content=\"index, follow, max-snippet:-1, max-image-preview:large, max-video-preview:-1\" \/>\n<link rel=\"canonical\" href=\"https:\/\/midsa.es\/fr\/mon-fils-ronfle\/\" \/>\n<meta property=\"og:locale\" content=\"fr_FR\" \/>\n<meta property=\"og:type\" content=\"article\" \/>\n<meta property=\"og:title\" content=\"MI HIJO RONCA &#8212; MIDSA\" \/>\n<meta property=\"og:description\" content=\"Las estad\u00edsticas muestran que el 7,4% de los ni\u00f1os presenta ronquido primario durante el sue\u00f1o y entre el 2% y el 4% s\u00edndrome de apneas [&hellip;]\" \/>\n<meta property=\"og:url\" content=\"https:\/\/midsa.es\/fr\/mon-fils-ronfle\/\" \/>\n<meta property=\"og:site_name\" content=\"MIDSA\" \/>\n<meta property=\"article:publisher\" content=\"https:\/\/www.facebook.com\/midsaodontologiavalencia\" \/>\n<meta property=\"article:published_time\" content=\"2020-02-18T08:16:10+00:00\" \/>\n<meta property=\"og:image\" content=\"https:\/\/midsa.es\/wp-content\/uploads\/2026\/02\/8131670f7bedb20d62104e61b60b272c.jpg\" \/>\n\t<meta property=\"og:image:width\" content=\"300\" \/>\n\t<meta property=\"og:image:height\" content=\"139\" \/>\n\t<meta property=\"og:image:type\" content=\"image\/jpeg\" \/>\n<meta name=\"author\" content=\"senda_midsa\" \/>\n<meta name=\"twitter:card\" content=\"summary_large_image\" \/>\n<meta name=\"twitter:label1\" content=\"\u00c9crit par\" \/>\n\t<meta name=\"twitter:data1\" content=\"senda_midsa\" \/>\n\t<meta name=\"twitter:label2\" content=\"Dur\u00e9e de lecture estim\u00e9e\" \/>\n\t<meta name=\"twitter:data2\" content=\"2 minutes\" \/>\n<script type=\"application\/ld+json\" class=\"yoast-schema-graph\">{\"@context\":\"https:\\\/\\\/schema.org\",\"@graph\":[{\"@type\":\"Article\",\"@id\":\"https:\\\/\\\/midsa.es\\\/mi-hijo-ronca\\\/#article\",\"isPartOf\":{\"@id\":\"https:\\\/\\\/midsa.es\\\/mi-hijo-ronca\\\/\"},\"author\":{\"name\":\"senda_midsa\",\"@id\":\"https:\\\/\\\/midsa.es\\\/#\\\/schema\\\/person\\\/2c8f0a79218dad8660f4eeb9876dfee7\"},\"headline\":\"MI HIJO RONCA\",\"datePublished\":\"2020-02-18T08:16:10+00:00\",\"mainEntityOfPage\":{\"@id\":\"https:\\\/\\\/midsa.es\\\/mi-hijo-ronca\\\/\"},\"wordCount\":345,\"commentCount\":0,\"publisher\":{\"@id\":\"https:\\\/\\\/midsa.es\\\/#organization\"},\"image\":{\"@id\":\"https:\\\/\\\/midsa.es\\\/mi-hijo-ronca\\\/#primaryimage\"},\"thumbnailUrl\":\"https:\\\/\\\/midsa.es\\\/wp-content\\\/uploads\\\/2026\\\/02\\\/8131670f7bedb20d62104e61b60b272c.jpg\",\"articleSection\":[\"ARTICULOS SALUD BUCAL\",\"ODONTOPEDIATRIA\",\"ORTODONCIA MIOFUNCIONAL\",\"OTROS\"],\"inLanguage\":\"fr-FR\",\"potentialAction\":[{\"@type\":\"CommentAction\",\"name\":\"Comment\",\"target\":[\"https:\\\/\\\/midsa.es\\\/mi-hijo-ronca\\\/#respond\"]}]},{\"@type\":\"WebPage\",\"@id\":\"https:\\\/\\\/midsa.es\\\/mi-hijo-ronca\\\/\",\"url\":\"https:\\\/\\\/midsa.es\\\/mi-hijo-ronca\\\/\",\"name\":\"MI HIJO RONCA &#8212; MIDSA\",\"isPartOf\":{\"@id\":\"https:\\\/\\\/midsa.es\\\/#website\"},\"primaryImageOfPage\":{\"@id\":\"https:\\\/\\\/midsa.es\\\/mi-hijo-ronca\\\/#primaryimage\"},\"image\":{\"@id\":\"https:\\\/\\\/midsa.es\\\/mi-hijo-ronca\\\/#primaryimage\"},\"thumbnailUrl\":\"https:\\\/\\\/midsa.es\\\/wp-content\\\/uploads\\\/2026\\\/02\\\/8131670f7bedb20d62104e61b60b272c.jpg\",\"datePublished\":\"2020-02-18T08:16:10+00:00\",\"breadcrumb\":{\"@id\":\"https:\\\/\\\/midsa.es\\\/mi-hijo-ronca\\\/#breadcrumb\"},\"inLanguage\":\"fr-FR\",\"potentialAction\":[{\"@type\":\"ReadAction\",\"target\":[\"https:\\\/\\\/midsa.es\\\/mi-hijo-ronca\\\/\"]}]},{\"@type\":\"ImageObject\",\"inLanguage\":\"fr-FR\",\"@id\":\"https:\\\/\\\/midsa.es\\\/mi-hijo-ronca\\\/#primaryimage\",\"url\":\"https:\\\/\\\/midsa.es\\\/wp-content\\\/uploads\\\/2026\\\/02\\\/8131670f7bedb20d62104e61b60b272c.jpg\",\"contentUrl\":\"https:\\\/\\\/midsa.es\\\/wp-content\\\/uploads\\\/2026\\\/02\\\/8131670f7bedb20d62104e61b60b272c.jpg\",\"width\":300,\"height\":139},{\"@type\":\"BreadcrumbList\",\"@id\":\"https:\\\/\\\/midsa.es\\\/mi-hijo-ronca\\\/#breadcrumb\",\"itemListElement\":[{\"@type\":\"ListItem\",\"position\":1,\"name\":\"Portada\",\"item\":\"https:\\\/\\\/midsa.es\\\/\"},{\"@type\":\"ListItem\",\"position\":2,\"name\":\"MI HIJO RONCA\"}]},{\"@type\":\"WebSite\",\"@id\":\"https:\\\/\\\/midsa.es\\\/#website\",\"url\":\"https:\\\/\\\/midsa.es\\\/\",\"name\":\"Midsa Odontolog\u00eda & Co\",\"description\":\"Somos MIDSA, Cl\u00ednica Dental en L&#039;Eixample, Valencia. Odontolog\u00eda avanzada con trato cercano en el coraz\u00f3n de Valencia.\",\"publisher\":{\"@id\":\"https:\\\/\\\/midsa.es\\\/#organization\"},\"alternateName\":\"Midsa Odontolog\u00eda\",\"potentialAction\":[{\"@type\":\"SearchAction\",\"target\":{\"@type\":\"EntryPoint\",\"urlTemplate\":\"https:\\\/\\\/midsa.es\\\/?s={search_term_string}\"},\"query-input\":{\"@type\":\"PropertyValueSpecification\",\"valueRequired\":true,\"valueName\":\"search_term_string\"}}],\"inLanguage\":\"fr-FR\"},{\"@type\":\"Organization\",\"@id\":\"https:\\\/\\\/midsa.es\\\/#organization\",\"name\":\"Midsa Odontolog\u00eda & Co\",\"alternateName\":\"Midsa Odontolog\u00eda\",\"url\":\"https:\\\/\\\/midsa.es\\\/\",\"logo\":{\"@type\":\"ImageObject\",\"inLanguage\":\"fr-FR\",\"@id\":\"https:\\\/\\\/midsa.es\\\/#\\\/schema\\\/logo\\\/image\\\/\",\"url\":\"https:\\\/\\\/midsa.es\\\/wp-content\\\/uploads\\\/2026\\\/03\\\/logo_midsa.png\",\"contentUrl\":\"https:\\\/\\\/midsa.es\\\/wp-content\\\/uploads\\\/2026\\\/03\\\/logo_midsa.png\",\"width\":1080,\"height\":361,\"caption\":\"Midsa Odontolog\u00eda & Co\"},\"image\":{\"@id\":\"https:\\\/\\\/midsa.es\\\/#\\\/schema\\\/logo\\\/image\\\/\"},\"sameAs\":[\"https:\\\/\\\/www.facebook.com\\\/midsaodontologiavalencia\",\"https:\\\/\\\/www.instagram.com\\\/midsaodontologia\\\/\"]},{\"@type\":\"Person\",\"@id\":\"https:\\\/\\\/midsa.es\\\/#\\\/schema\\\/person\\\/2c8f0a79218dad8660f4eeb9876dfee7\",\"name\":\"senda_midsa\",\"image\":{\"@type\":\"ImageObject\",\"inLanguage\":\"fr-FR\",\"@id\":\"https:\\\/\\\/secure.gravatar.com\\\/avatar\\\/2ad25152d66ab68f233ff1e771f5f5b61808045f5b306f63250027046f2b84c4?s=96&d=mm&r=g\",\"url\":\"https:\\\/\\\/secure.gravatar.com\\\/avatar\\\/2ad25152d66ab68f233ff1e771f5f5b61808045f5b306f63250027046f2b84c4?s=96&d=mm&r=g\",\"contentUrl\":\"https:\\\/\\\/secure.gravatar.com\\\/avatar\\\/2ad25152d66ab68f233ff1e771f5f5b61808045f5b306f63250027046f2b84c4?s=96&d=mm&r=g\",\"caption\":\"senda_midsa\"},\"sameAs\":[\"https:\\\/\\\/midsa.es\"],\"url\":\"https:\\\/\\\/midsa.es\\\/fr\\\/author\\\/senda_midsa\\\/\"}]}<\/script>\n<!-- \/ Yoast SEO plugin. -->","yoast_head_json":{"title":"MON FILS RONFLE \u2014 MIDSA","robots":{"index":"index","follow":"follow","max-snippet":"max-snippet:-1","max-image-preview":"max-image-preview:large","max-video-preview":"max-video-preview:-1"},"canonical":"https:\/\/midsa.es\/fr\/mon-fils-ronfle\/","og_locale":"fr_FR","og_type":"article","og_title":"MI HIJO RONCA &#8212; MIDSA","og_description":"Las estad\u00edsticas muestran que el 7,4% de los ni\u00f1os presenta ronquido primario durante el sue\u00f1o y entre el 2% y el 4% s\u00edndrome de apneas [&hellip;]","og_url":"https:\/\/midsa.es\/fr\/mon-fils-ronfle\/","og_site_name":"MIDSA","article_publisher":"https:\/\/www.facebook.com\/midsaodontologiavalencia","article_published_time":"2020-02-18T08:16:10+00:00","og_image":[{"width":300,"height":139,"url":"https:\/\/midsa.es\/wp-content\/uploads\/2026\/02\/8131670f7bedb20d62104e61b60b272c.jpg","type":"image\/jpeg"}],"author":"senda_midsa","twitter_card":"summary_large_image","twitter_misc":{"\u00c9crit par":"senda_midsa","Dur\u00e9e de lecture estim\u00e9e":"2 minutes"},"schema":{"@context":"https:\/\/schema.org","@graph":[{"@type":"Article","@id":"https:\/\/midsa.es\/mi-hijo-ronca\/#article","isPartOf":{"@id":"https:\/\/midsa.es\/mi-hijo-ronca\/"},"author":{"name":"senda_midsa","@id":"https:\/\/midsa.es\/#\/schema\/person\/2c8f0a79218dad8660f4eeb9876dfee7"},"headline":"MI HIJO RONCA","datePublished":"2020-02-18T08:16:10+00:00","mainEntityOfPage":{"@id":"https:\/\/midsa.es\/mi-hijo-ronca\/"},"wordCount":345,"commentCount":0,"publisher":{"@id":"https:\/\/midsa.es\/#organization"},"image":{"@id":"https:\/\/midsa.es\/mi-hijo-ronca\/#primaryimage"},"thumbnailUrl":"https:\/\/midsa.es\/wp-content\/uploads\/2026\/02\/8131670f7bedb20d62104e61b60b272c.jpg","articleSection":["ARTICULOS SALUD BUCAL","ODONTOPEDIATRIA","ORTODONCIA MIOFUNCIONAL","OTROS"],"inLanguage":"fr-FR","potentialAction":[{"@type":"CommentAction","name":"Comment","target":["https:\/\/midsa.es\/mi-hijo-ronca\/#respond"]}]},{"@type":"WebPage","@id":"https:\/\/midsa.es\/mi-hijo-ronca\/","url":"https:\/\/midsa.es\/mi-hijo-ronca\/","name":"MON FILS RONFLE \u2014 MIDSA","isPartOf":{"@id":"https:\/\/midsa.es\/#website"},"primaryImageOfPage":{"@id":"https:\/\/midsa.es\/mi-hijo-ronca\/#primaryimage"},"image":{"@id":"https:\/\/midsa.es\/mi-hijo-ronca\/#primaryimage"},"thumbnailUrl":"https:\/\/midsa.es\/wp-content\/uploads\/2026\/02\/8131670f7bedb20d62104e61b60b272c.jpg","datePublished":"2020-02-18T08:16:10+00:00","breadcrumb":{"@id":"https:\/\/midsa.es\/mi-hijo-ronca\/#breadcrumb"},"inLanguage":"fr-FR","potentialAction":[{"@type":"ReadAction","target":["https:\/\/midsa.es\/mi-hijo-ronca\/"]}]},{"@type":"ImageObject","inLanguage":"fr-FR","@id":"https:\/\/midsa.es\/mi-hijo-ronca\/#primaryimage","url":"https:\/\/midsa.es\/wp-content\/uploads\/2026\/02\/8131670f7bedb20d62104e61b60b272c.jpg","contentUrl":"https:\/\/midsa.es\/wp-content\/uploads\/2026\/02\/8131670f7bedb20d62104e61b60b272c.jpg","width":300,"height":139},{"@type":"BreadcrumbList","@id":"https:\/\/midsa.es\/mi-hijo-ronca\/#breadcrumb","itemListElement":[{"@type":"ListItem","position":1,"name":"Portada","item":"https:\/\/midsa.es\/"},{"@type":"ListItem","position":2,"name":"MI HIJO RONCA"}]},{"@type":"WebSite","@id":"https:\/\/midsa.es\/#website","url":"https:\/\/midsa.es\/","name":"Midsa Dentistry &amp; Co","description":"Nous sommes MIDSA, une clinique dentaire situ\u00e9e dans le quartier de l&#039;Eixample \u00e0 Valence. Des soins dentaires de pointe et un accompagnement personnalis\u00e9 au c\u0153ur de Valence.","publisher":{"@id":"https:\/\/midsa.es\/#organization"},"alternateName":"Midsa Odontolog\u00eda","potentialAction":[{"@type":"SearchAction","target":{"@type":"EntryPoint","urlTemplate":"https:\/\/midsa.es\/?s={search_term_string}"},"query-input":{"@type":"PropertyValueSpecification","valueRequired":true,"valueName":"search_term_string"}}],"inLanguage":"fr-FR"},{"@type":"Organization","@id":"https:\/\/midsa.es\/#organization","name":"Midsa Dentistry &amp; Co","alternateName":"Midsa Odontolog\u00eda","url":"https:\/\/midsa.es\/","logo":{"@type":"ImageObject","inLanguage":"fr-FR","@id":"https:\/\/midsa.es\/#\/schema\/logo\/image\/","url":"https:\/\/midsa.es\/wp-content\/uploads\/2026\/03\/logo_midsa.png","contentUrl":"https:\/\/midsa.es\/wp-content\/uploads\/2026\/03\/logo_midsa.png","width":1080,"height":361,"caption":"Midsa Odontolog\u00eda & Co"},"image":{"@id":"https:\/\/midsa.es\/#\/schema\/logo\/image\/"},"sameAs":["https:\/\/www.facebook.com\/midsaodontologiavalencia","https:\/\/www.instagram.com\/midsaodontologia\/"]},{"@type":"Person","@id":"https:\/\/midsa.es\/#\/schema\/person\/2c8f0a79218dad8660f4eeb9876dfee7","name":"senda_midsa","image":{"@type":"ImageObject","inLanguage":"fr-FR","@id":"https:\/\/secure.gravatar.com\/avatar\/2ad25152d66ab68f233ff1e771f5f5b61808045f5b306f63250027046f2b84c4?s=96&d=mm&r=g","url":"https:\/\/secure.gravatar.com\/avatar\/2ad25152d66ab68f233ff1e771f5f5b61808045f5b306f63250027046f2b84c4?s=96&d=mm&r=g","contentUrl":"https:\/\/secure.gravatar.com\/avatar\/2ad25152d66ab68f233ff1e771f5f5b61808045f5b306f63250027046f2b84c4?s=96&d=mm&r=g","caption":"senda_midsa"},"sameAs":["https:\/\/midsa.es"],"url":"https:\/\/midsa.es\/fr\/author\/senda_midsa\/"}]}},"_links":{"self":[{"href":"https:\/\/midsa.es\/fr\/wp-json\/wp\/v2\/posts\/220","targetHints":{"allow":["GET"]}}],"collection":[{"href":"https:\/\/midsa.es\/fr\/wp-json\/wp\/v2\/posts"}],"about":[{"href":"https:\/\/midsa.es\/fr\/wp-json\/wp\/v2\/types\/post"}],"author":[{"embeddable":true,"href":"https:\/\/midsa.es\/fr\/wp-json\/wp\/v2\/users\/1"}],"replies":[{"embeddable":true,"href":"https:\/\/midsa.es\/fr\/wp-json\/wp\/v2\/comments?post=220"}],"version-history":[{"count":0,"href":"https:\/\/midsa.es\/fr\/wp-json\/wp\/v2\/posts\/220\/revisions"}],"wp:featuredmedia":[{"embeddable":true,"href":"https:\/\/midsa.es\/fr\/wp-json\/wp\/v2\/media\/221"}],"wp:attachment":[{"href":"https:\/\/midsa.es\/fr\/wp-json\/wp\/v2\/media?parent=220"}],"wp:term":[{"taxonomy":"category","embeddable":true,"href":"https:\/\/midsa.es\/fr\/wp-json\/wp\/v2\/categories?post=220"},{"taxonomy":"post_tag","embeddable":true,"href":"https:\/\/midsa.es\/fr\/wp-json\/wp\/v2\/tags?post=220"}],"curies":[{"name":"wp","href":"https:\/\/api.w.org\/{rel}","templated":true}]}}