{"id":216,"date":"2020-01-10T11:14:58","date_gmt":"2020-01-10T10:14:58","guid":{"rendered":"https:\/\/midsa.es\/nueva\/index.php\/2020\/01\/10\/respiracion-bucal-y-alteraciones-del-lenguaje\/"},"modified":"2020-01-10T11:14:58","modified_gmt":"2020-01-10T10:14:58","slug":"troubles-de-la-respiration-buccale-et-de-la-parole","status":"publish","type":"post","link":"https:\/\/midsa.es\/fr\/respiracion-bucal-y-alteraciones-del-lenguaje\/","title":{"rendered":"Respiration buccale et troubles de la parole"},"content":{"rendered":"<p>Le syndrome de respiration buccale entra\u00eene plusieurs alt\u00e9rations du syst\u00e8me stomatognathique qui affectent l&#039;enfant sur les plans esth\u00e9tique, fonctionnel et psychologique.<\/p>\n\n\n\n<p>Dans le prochain article, nous nous concentrerons sur les troubles de la voix et de la parole.<\/p>\n\n\n\n<p>La respiration buccale peut entra\u00eener une malocclusion dentaire, entraver la bonne fermeture des l\u00e8vres, la position correcte de la langue au repos et, en fin de compte, l&#039;alt\u00e9ration d&#039;une fonction peut affecter d&#039;autres fonctions et structures du syst\u00e8me articulatoire de la parole.<\/p>\n\n\n\n<p>En raison du lien entre la fonction respiratoire, la phonation et l&#039;articulation des mots, des difficult\u00e9s, de mauvaises habitudes ou un manque de contr\u00f4le du rythme respiratoire peuvent alt\u00e9rer le processus correct d&#039;articulation des mots, pouvant entra\u00eener des troubles de la parole tels que des distorsions sonores dues \u00e0 un flux d&#039;air incorrect.<\/p>\n\n\n\n<p><strong>Quelles sont les cons\u00e9quences de l&#039;habitude de respirer par la bouche\u00a0? <\/strong><\/p>\n\n\n\n<ul class=\"wp-block-list\"><li>La respiration buccale pose probl\u00e8me \u00e0 tout le monde, mais les enfants sont les plus vuln\u00e9rables car ils sont en plein d\u00e9veloppement.<\/li><li>La respiration est une fonction du syst\u00e8me stomatognathique. Elle intervient directement dans la production de la voix et de la parole\u00a0; par cons\u00e9quent, toute alt\u00e9ration de ce syst\u00e8me peut affecter ces processus.<\/li><li>La respiration est la base de la voix ; si elle n&#039;est pas effectu\u00e9e correctement, la voix se fatigue, le son ne sort pas naturellement et les mots sont prononc\u00e9s avec effort.<\/li><li>La respiration et la parole sont \u00e9troitement li\u00e9es ; pour bien parler, il faut bien respirer ; lorsque cela n&#039;est pas le cas, la parole devient d\u00e9form\u00e9e, le rythme est alt\u00e9r\u00e9, etc.<\/li><li>Certains troubles de la voix et de la parole sont caus\u00e9s par une technique de respiration incorrecte.<\/li><li>La coordination phonorespiratoire \u00e9vite les tensions au niveau du larynx.<\/li><li>La respiration buccale peut alt\u00e9rer la morphologie des structures articulatoires de la parole, affectant d&#039;autres fonctions du syst\u00e8me stomatognathique telles que la mastication et la d\u00e9glutition. En cas de respiration buccale, la position de repos de la langue est anormale, ce qui favorise une d\u00e9glutition atypique.<\/li><\/ul>\n\n\n\n<p>Dans ces cas, l&#039;\u00e9valuation des professionnels dentaires est essentielle en orthophonie. Chez Midsa Dentistry, nous proposons des traitements pour r\u00e9guler la fonction respiratoire, notamment le dispositif Aragao Function Regulation (RFA), qui, associ\u00e9 \u00e0 l&#039;orthophonie, garantit le succ\u00e8s du traitement.<\/p>\n\n\n\n<p>Vous trouverez ci-dessous quelques exercices orofaciaux adapt\u00e9s \u00e0 l&#039;\u00e2ge pour pratiquer une respiration correcte et un bon d\u00e9veloppement de la parole.<\/p>\n\n\n\n<p><strong>De 0 \u00e0 3 mois :<\/strong><\/p>\n\n\n\n<p>Caressez les coins de la bouche.<\/p>\n\n\n\n<p>Caressez les l\u00e8vres sup\u00e9rieure et inf\u00e9rieure (au centre)<\/p>\n\n\n\n<p>Effleurez d\u00e9licatement vos l\u00e8vres.<\/p>\n\n\n\n<p>Caressez les joues avec une plume de coton ou un chiffon.<\/p>\n\n\n\n<p>Nous lui proposons de sucer ou de tenir notre doigt.<\/p>\n\n\n\n<p>Nous lui proposons un objet \u00e0 mettre \u00e0 ses l\u00e8vres et essayons de le lui reprendre.<br \/><strong> <\/strong><\/p>\n\n\n\n<p><strong>De 3 \u00e0 6 mois<\/strong><\/p>\n\n\n\n<p>Jouer avec les expressions changeantes.<\/p>\n\n\n\n<p>Peignez les joues (brosse).<\/p>\n\n\n\n<p>Caresser le visage.<\/p>\n\n\n\n<p>Soufflez doucement sur votre visage.<\/p>\n\n\n\n<p>Jouer \u00e0 s&#039;envoyer des baisers.<\/p>\n\n\n\n<p><strong> De 6 mois \u00e0 1 an :<\/strong><\/p>\n\n\n\n<p>Imitez les expressions faciales<\/p>\n\n\n\n<p>Jeux de langue<\/p>\n\n\n\n<p><strong>De 1 \u00e0 3 ans<\/strong><\/p>\n\n\n\n<p>\u00c9tirez vos l\u00e8vres.<\/p>\n\n\n\n<p>Pincez les l\u00e8vres.<\/p>\n\n\n\n<p>Diff\u00e9rents mouvements de la langue. (de l&#039;int\u00e9rieur vers l&#039;ext\u00e9rieur, de gauche \u00e0 droite, de haut en bas)<\/p>\n\n\n\n<p>Gonflez et d\u00e9gonflez les joues.<\/p>\n\n\n\n<p>Gonflez une joue et gonflez l&#039;autre.<\/p>\n\n\n\n<p>Faites vibrer vos l\u00e8vres.<\/p>\n\n\n\n<p><strong>\u00c0 partir de 3 ans<\/strong>:<\/p>\n\n\n\n<p>Gonflez les ballons.<\/p>\n\n\n\n<p>Essayez de maintenir le ballon en l&#039;air en soufflant.<\/p>\n\n\n\n<p>D\u00e9placer des petites boules de papier ou de p\u00e2te \u00e0 modeler avec une paille, faire des courses, jouer au football, etc.<\/p>\n\n\n\n<p>Souffler dans une paille au-dessus d&#039;un verre d&#039;eau.<\/p>\n\n\n\n<p>Souffler des bulles de savon.<\/p>\n\n\n\n<p>Maintenir les bulles de savon en suspension dans l&#039;air<\/p>\n\n\n\n<p>Jouer de la fl\u00fbte.<\/p>","protected":false},"excerpt":{"rendered":"<p>El s\u00edndrome del respirador bucal produce varias alteraciones en el aparato estomatogn\u00e1tico que afecta al ni\u00f1o tanto est\u00e9tica, funcional como ps\u00edquicamente. En el siguiente post [&hellip;]<\/p>\n","protected":false},"author":1,"featured_media":217,"comment_status":"open","ping_status":"open","sticky":false,"template":"","format":"standard","meta":{"_acf_changed":false,"footnotes":""},"categories":[7,9],"tags":[],"class_list":["post-216","post","type-post","status-publish","format-standard","has-post-thumbnail","hentry","category-ortodoncia-miofuncional","category-otros"],"acf":[],"yoast_head":"<!-- This site is optimized with the Yoast SEO plugin v27.5 - https:\/\/yoast.com\/product\/yoast-seo-wordpress\/ -->\n<title>Respiraci\u00f3n bucal y alteraciones del lenguaje &#8212; MIDSA<\/title>\n<meta name=\"robots\" content=\"index, follow, max-snippet:-1, max-image-preview:large, max-video-preview:-1\" \/>\n<link rel=\"canonical\" href=\"https:\/\/midsa.es\/fr\/troubles-de-la-respiration-buccale-et-de-la-parole\/\" \/>\n<meta property=\"og:locale\" content=\"fr_FR\" \/>\n<meta property=\"og:type\" content=\"article\" \/>\n<meta property=\"og:title\" content=\"Respiraci\u00f3n bucal y alteraciones del lenguaje &#8212; MIDSA\" \/>\n<meta property=\"og:description\" content=\"El s\u00edndrome del respirador bucal produce varias alteraciones en el aparato estomatogn\u00e1tico que afecta al ni\u00f1o tanto est\u00e9tica, funcional como ps\u00edquicamente. En el siguiente post [&hellip;]\" \/>\n<meta property=\"og:url\" content=\"https:\/\/midsa.es\/fr\/troubles-de-la-respiration-buccale-et-de-la-parole\/\" \/>\n<meta property=\"og:site_name\" content=\"MIDSA\" \/>\n<meta property=\"article:publisher\" content=\"https:\/\/www.facebook.com\/midsaodontologiavalencia\" \/>\n<meta property=\"article:published_time\" content=\"2020-01-10T10:14:58+00:00\" \/>\n<meta property=\"og:image\" content=\"https:\/\/midsa.es\/wp-content\/uploads\/2026\/02\/habla-dislalia.jpg\" \/>\n\t<meta property=\"og:image:width\" content=\"1920\" \/>\n\t<meta property=\"og:image:height\" content=\"1062\" \/>\n\t<meta property=\"og:image:type\" content=\"image\/jpeg\" \/>\n<meta name=\"author\" content=\"senda_midsa\" \/>\n<meta name=\"twitter:card\" content=\"summary_large_image\" \/>\n<meta name=\"twitter:label1\" content=\"\u00c9crit par\" \/>\n\t<meta name=\"twitter:data1\" content=\"senda_midsa\" \/>\n\t<meta name=\"twitter:label2\" content=\"Dur\u00e9e de lecture estim\u00e9e\" \/>\n\t<meta name=\"twitter:data2\" content=\"3 minutes\" \/>\n<script type=\"application\/ld+json\" class=\"yoast-schema-graph\">{\"@context\":\"https:\\\/\\\/schema.org\",\"@graph\":[{\"@type\":\"Article\",\"@id\":\"https:\\\/\\\/midsa.es\\\/respiracion-bucal-y-alteraciones-del-lenguaje\\\/#article\",\"isPartOf\":{\"@id\":\"https:\\\/\\\/midsa.es\\\/respiracion-bucal-y-alteraciones-del-lenguaje\\\/\"},\"author\":{\"name\":\"senda_midsa\",\"@id\":\"https:\\\/\\\/midsa.es\\\/#\\\/schema\\\/person\\\/2c8f0a79218dad8660f4eeb9876dfee7\"},\"headline\":\"Respiraci\u00f3n bucal y alteraciones del lenguaje\",\"datePublished\":\"2020-01-10T10:14:58+00:00\",\"mainEntityOfPage\":{\"@id\":\"https:\\\/\\\/midsa.es\\\/respiracion-bucal-y-alteraciones-del-lenguaje\\\/\"},\"wordCount\":646,\"commentCount\":0,\"publisher\":{\"@id\":\"https:\\\/\\\/midsa.es\\\/#organization\"},\"image\":{\"@id\":\"https:\\\/\\\/midsa.es\\\/respiracion-bucal-y-alteraciones-del-lenguaje\\\/#primaryimage\"},\"thumbnailUrl\":\"https:\\\/\\\/midsa.es\\\/wp-content\\\/uploads\\\/2026\\\/02\\\/habla-dislalia.jpg\",\"articleSection\":[\"ORTODONCIA MIOFUNCIONAL\",\"OTROS\"],\"inLanguage\":\"fr-FR\",\"potentialAction\":[{\"@type\":\"CommentAction\",\"name\":\"Comment\",\"target\":[\"https:\\\/\\\/midsa.es\\\/respiracion-bucal-y-alteraciones-del-lenguaje\\\/#respond\"]}]},{\"@type\":\"WebPage\",\"@id\":\"https:\\\/\\\/midsa.es\\\/respiracion-bucal-y-alteraciones-del-lenguaje\\\/\",\"url\":\"https:\\\/\\\/midsa.es\\\/respiracion-bucal-y-alteraciones-del-lenguaje\\\/\",\"name\":\"Respiraci\u00f3n bucal y alteraciones del lenguaje &#8212; MIDSA\",\"isPartOf\":{\"@id\":\"https:\\\/\\\/midsa.es\\\/#website\"},\"primaryImageOfPage\":{\"@id\":\"https:\\\/\\\/midsa.es\\\/respiracion-bucal-y-alteraciones-del-lenguaje\\\/#primaryimage\"},\"image\":{\"@id\":\"https:\\\/\\\/midsa.es\\\/respiracion-bucal-y-alteraciones-del-lenguaje\\\/#primaryimage\"},\"thumbnailUrl\":\"https:\\\/\\\/midsa.es\\\/wp-content\\\/uploads\\\/2026\\\/02\\\/habla-dislalia.jpg\",\"datePublished\":\"2020-01-10T10:14:58+00:00\",\"breadcrumb\":{\"@id\":\"https:\\\/\\\/midsa.es\\\/respiracion-bucal-y-alteraciones-del-lenguaje\\\/#breadcrumb\"},\"inLanguage\":\"fr-FR\",\"potentialAction\":[{\"@type\":\"ReadAction\",\"target\":[\"https:\\\/\\\/midsa.es\\\/respiracion-bucal-y-alteraciones-del-lenguaje\\\/\"]}]},{\"@type\":\"ImageObject\",\"inLanguage\":\"fr-FR\",\"@id\":\"https:\\\/\\\/midsa.es\\\/respiracion-bucal-y-alteraciones-del-lenguaje\\\/#primaryimage\",\"url\":\"https:\\\/\\\/midsa.es\\\/wp-content\\\/uploads\\\/2026\\\/02\\\/habla-dislalia.jpg\",\"contentUrl\":\"https:\\\/\\\/midsa.es\\\/wp-content\\\/uploads\\\/2026\\\/02\\\/habla-dislalia.jpg\",\"width\":1920,\"height\":1062},{\"@type\":\"BreadcrumbList\",\"@id\":\"https:\\\/\\\/midsa.es\\\/respiracion-bucal-y-alteraciones-del-lenguaje\\\/#breadcrumb\",\"itemListElement\":[{\"@type\":\"ListItem\",\"position\":1,\"name\":\"Portada\",\"item\":\"https:\\\/\\\/midsa.es\\\/\"},{\"@type\":\"ListItem\",\"position\":2,\"name\":\"Respiraci\u00f3n bucal y alteraciones del lenguaje\"}]},{\"@type\":\"WebSite\",\"@id\":\"https:\\\/\\\/midsa.es\\\/#website\",\"url\":\"https:\\\/\\\/midsa.es\\\/\",\"name\":\"Midsa Odontolog\u00eda & Co\",\"description\":\"Somos MIDSA, Cl\u00ednica Dental en L&#039;Eixample, Valencia. Odontolog\u00eda avanzada con trato cercano en el coraz\u00f3n de Valencia.\",\"publisher\":{\"@id\":\"https:\\\/\\\/midsa.es\\\/#organization\"},\"alternateName\":\"Midsa Odontolog\u00eda\",\"potentialAction\":[{\"@type\":\"SearchAction\",\"target\":{\"@type\":\"EntryPoint\",\"urlTemplate\":\"https:\\\/\\\/midsa.es\\\/?s={search_term_string}\"},\"query-input\":{\"@type\":\"PropertyValueSpecification\",\"valueRequired\":true,\"valueName\":\"search_term_string\"}}],\"inLanguage\":\"fr-FR\"},{\"@type\":\"Organization\",\"@id\":\"https:\\\/\\\/midsa.es\\\/#organization\",\"name\":\"Midsa Odontolog\u00eda & Co\",\"alternateName\":\"Midsa Odontolog\u00eda\",\"url\":\"https:\\\/\\\/midsa.es\\\/\",\"logo\":{\"@type\":\"ImageObject\",\"inLanguage\":\"fr-FR\",\"@id\":\"https:\\\/\\\/midsa.es\\\/#\\\/schema\\\/logo\\\/image\\\/\",\"url\":\"https:\\\/\\\/midsa.es\\\/wp-content\\\/uploads\\\/2026\\\/03\\\/logo_midsa.png\",\"contentUrl\":\"https:\\\/\\\/midsa.es\\\/wp-content\\\/uploads\\\/2026\\\/03\\\/logo_midsa.png\",\"width\":1080,\"height\":361,\"caption\":\"Midsa Odontolog\u00eda & Co\"},\"image\":{\"@id\":\"https:\\\/\\\/midsa.es\\\/#\\\/schema\\\/logo\\\/image\\\/\"},\"sameAs\":[\"https:\\\/\\\/www.facebook.com\\\/midsaodontologiavalencia\",\"https:\\\/\\\/www.instagram.com\\\/midsaodontologia\\\/\"]},{\"@type\":\"Person\",\"@id\":\"https:\\\/\\\/midsa.es\\\/#\\\/schema\\\/person\\\/2c8f0a79218dad8660f4eeb9876dfee7\",\"name\":\"senda_midsa\",\"image\":{\"@type\":\"ImageObject\",\"inLanguage\":\"fr-FR\",\"@id\":\"https:\\\/\\\/secure.gravatar.com\\\/avatar\\\/2ad25152d66ab68f233ff1e771f5f5b61808045f5b306f63250027046f2b84c4?s=96&d=mm&r=g\",\"url\":\"https:\\\/\\\/secure.gravatar.com\\\/avatar\\\/2ad25152d66ab68f233ff1e771f5f5b61808045f5b306f63250027046f2b84c4?s=96&d=mm&r=g\",\"contentUrl\":\"https:\\\/\\\/secure.gravatar.com\\\/avatar\\\/2ad25152d66ab68f233ff1e771f5f5b61808045f5b306f63250027046f2b84c4?s=96&d=mm&r=g\",\"caption\":\"senda_midsa\"},\"sameAs\":[\"https:\\\/\\\/midsa.es\"],\"url\":\"https:\\\/\\\/midsa.es\\\/fr\\\/author\\\/senda_midsa\\\/\"}]}<\/script>\n<!-- \/ Yoast SEO plugin. -->","yoast_head_json":{"title":"Respiration buccale et troubles de la parole \u2014 MIDSA","robots":{"index":"index","follow":"follow","max-snippet":"max-snippet:-1","max-image-preview":"max-image-preview:large","max-video-preview":"max-video-preview:-1"},"canonical":"https:\/\/midsa.es\/fr\/troubles-de-la-respiration-buccale-et-de-la-parole\/","og_locale":"fr_FR","og_type":"article","og_title":"Respiraci\u00f3n bucal y alteraciones del lenguaje &#8212; MIDSA","og_description":"El s\u00edndrome del respirador bucal produce varias alteraciones en el aparato estomatogn\u00e1tico que afecta al ni\u00f1o tanto est\u00e9tica, funcional como ps\u00edquicamente. En el siguiente post [&hellip;]","og_url":"https:\/\/midsa.es\/fr\/troubles-de-la-respiration-buccale-et-de-la-parole\/","og_site_name":"MIDSA","article_publisher":"https:\/\/www.facebook.com\/midsaodontologiavalencia","article_published_time":"2020-01-10T10:14:58+00:00","og_image":[{"width":1920,"height":1062,"url":"https:\/\/midsa.es\/wp-content\/uploads\/2026\/02\/habla-dislalia.jpg","type":"image\/jpeg"}],"author":"senda_midsa","twitter_card":"summary_large_image","twitter_misc":{"\u00c9crit par":"senda_midsa","Dur\u00e9e de lecture estim\u00e9e":"3 minutes"},"schema":{"@context":"https:\/\/schema.org","@graph":[{"@type":"Article","@id":"https:\/\/midsa.es\/respiracion-bucal-y-alteraciones-del-lenguaje\/#article","isPartOf":{"@id":"https:\/\/midsa.es\/respiracion-bucal-y-alteraciones-del-lenguaje\/"},"author":{"name":"senda_midsa","@id":"https:\/\/midsa.es\/#\/schema\/person\/2c8f0a79218dad8660f4eeb9876dfee7"},"headline":"Respiraci\u00f3n bucal y alteraciones del lenguaje","datePublished":"2020-01-10T10:14:58+00:00","mainEntityOfPage":{"@id":"https:\/\/midsa.es\/respiracion-bucal-y-alteraciones-del-lenguaje\/"},"wordCount":646,"commentCount":0,"publisher":{"@id":"https:\/\/midsa.es\/#organization"},"image":{"@id":"https:\/\/midsa.es\/respiracion-bucal-y-alteraciones-del-lenguaje\/#primaryimage"},"thumbnailUrl":"https:\/\/midsa.es\/wp-content\/uploads\/2026\/02\/habla-dislalia.jpg","articleSection":["ORTODONCIA MIOFUNCIONAL","OTROS"],"inLanguage":"fr-FR","potentialAction":[{"@type":"CommentAction","name":"Comment","target":["https:\/\/midsa.es\/respiracion-bucal-y-alteraciones-del-lenguaje\/#respond"]}]},{"@type":"WebPage","@id":"https:\/\/midsa.es\/respiracion-bucal-y-alteraciones-del-lenguaje\/","url":"https:\/\/midsa.es\/respiracion-bucal-y-alteraciones-del-lenguaje\/","name":"Respiration buccale et troubles de la parole \u2014 MIDSA","isPartOf":{"@id":"https:\/\/midsa.es\/#website"},"primaryImageOfPage":{"@id":"https:\/\/midsa.es\/respiracion-bucal-y-alteraciones-del-lenguaje\/#primaryimage"},"image":{"@id":"https:\/\/midsa.es\/respiracion-bucal-y-alteraciones-del-lenguaje\/#primaryimage"},"thumbnailUrl":"https:\/\/midsa.es\/wp-content\/uploads\/2026\/02\/habla-dislalia.jpg","datePublished":"2020-01-10T10:14:58+00:00","breadcrumb":{"@id":"https:\/\/midsa.es\/respiracion-bucal-y-alteraciones-del-lenguaje\/#breadcrumb"},"inLanguage":"fr-FR","potentialAction":[{"@type":"ReadAction","target":["https:\/\/midsa.es\/respiracion-bucal-y-alteraciones-del-lenguaje\/"]}]},{"@type":"ImageObject","inLanguage":"fr-FR","@id":"https:\/\/midsa.es\/respiracion-bucal-y-alteraciones-del-lenguaje\/#primaryimage","url":"https:\/\/midsa.es\/wp-content\/uploads\/2026\/02\/habla-dislalia.jpg","contentUrl":"https:\/\/midsa.es\/wp-content\/uploads\/2026\/02\/habla-dislalia.jpg","width":1920,"height":1062},{"@type":"BreadcrumbList","@id":"https:\/\/midsa.es\/respiracion-bucal-y-alteraciones-del-lenguaje\/#breadcrumb","itemListElement":[{"@type":"ListItem","position":1,"name":"Portada","item":"https:\/\/midsa.es\/"},{"@type":"ListItem","position":2,"name":"Respiraci\u00f3n bucal y alteraciones del lenguaje"}]},{"@type":"WebSite","@id":"https:\/\/midsa.es\/#website","url":"https:\/\/midsa.es\/","name":"Midsa Dentistry &amp; Co","description":"Nous sommes MIDSA, une clinique dentaire situ\u00e9e dans le quartier de l&#039;Eixample \u00e0 Valence. Des soins dentaires de pointe et un accompagnement personnalis\u00e9 au c\u0153ur de Valence.","publisher":{"@id":"https:\/\/midsa.es\/#organization"},"alternateName":"Midsa Odontolog\u00eda","potentialAction":[{"@type":"SearchAction","target":{"@type":"EntryPoint","urlTemplate":"https:\/\/midsa.es\/?s={search_term_string}"},"query-input":{"@type":"PropertyValueSpecification","valueRequired":true,"valueName":"search_term_string"}}],"inLanguage":"fr-FR"},{"@type":"Organization","@id":"https:\/\/midsa.es\/#organization","name":"Midsa Dentistry &amp; Co","alternateName":"Midsa Odontolog\u00eda","url":"https:\/\/midsa.es\/","logo":{"@type":"ImageObject","inLanguage":"fr-FR","@id":"https:\/\/midsa.es\/#\/schema\/logo\/image\/","url":"https:\/\/midsa.es\/wp-content\/uploads\/2026\/03\/logo_midsa.png","contentUrl":"https:\/\/midsa.es\/wp-content\/uploads\/2026\/03\/logo_midsa.png","width":1080,"height":361,"caption":"Midsa Odontolog\u00eda & Co"},"image":{"@id":"https:\/\/midsa.es\/#\/schema\/logo\/image\/"},"sameAs":["https:\/\/www.facebook.com\/midsaodontologiavalencia","https:\/\/www.instagram.com\/midsaodontologia\/"]},{"@type":"Person","@id":"https:\/\/midsa.es\/#\/schema\/person\/2c8f0a79218dad8660f4eeb9876dfee7","name":"senda_midsa","image":{"@type":"ImageObject","inLanguage":"fr-FR","@id":"https:\/\/secure.gravatar.com\/avatar\/2ad25152d66ab68f233ff1e771f5f5b61808045f5b306f63250027046f2b84c4?s=96&d=mm&r=g","url":"https:\/\/secure.gravatar.com\/avatar\/2ad25152d66ab68f233ff1e771f5f5b61808045f5b306f63250027046f2b84c4?s=96&d=mm&r=g","contentUrl":"https:\/\/secure.gravatar.com\/avatar\/2ad25152d66ab68f233ff1e771f5f5b61808045f5b306f63250027046f2b84c4?s=96&d=mm&r=g","caption":"senda_midsa"},"sameAs":["https:\/\/midsa.es"],"url":"https:\/\/midsa.es\/fr\/author\/senda_midsa\/"}]}},"_links":{"self":[{"href":"https:\/\/midsa.es\/fr\/wp-json\/wp\/v2\/posts\/216","targetHints":{"allow":["GET"]}}],"collection":[{"href":"https:\/\/midsa.es\/fr\/wp-json\/wp\/v2\/posts"}],"about":[{"href":"https:\/\/midsa.es\/fr\/wp-json\/wp\/v2\/types\/post"}],"author":[{"embeddable":true,"href":"https:\/\/midsa.es\/fr\/wp-json\/wp\/v2\/users\/1"}],"replies":[{"embeddable":true,"href":"https:\/\/midsa.es\/fr\/wp-json\/wp\/v2\/comments?post=216"}],"version-history":[{"count":0,"href":"https:\/\/midsa.es\/fr\/wp-json\/wp\/v2\/posts\/216\/revisions"}],"wp:featuredmedia":[{"embeddable":true,"href":"https:\/\/midsa.es\/fr\/wp-json\/wp\/v2\/media\/217"}],"wp:attachment":[{"href":"https:\/\/midsa.es\/fr\/wp-json\/wp\/v2\/media?parent=216"}],"wp:term":[{"taxonomy":"category","embeddable":true,"href":"https:\/\/midsa.es\/fr\/wp-json\/wp\/v2\/categories?post=216"},{"taxonomy":"post_tag","embeddable":true,"href":"https:\/\/midsa.es\/fr\/wp-json\/wp\/v2\/tags?post=216"}],"curies":[{"name":"wp","href":"https:\/\/api.w.org\/{rel}","templated":true}]}}