{"id":212,"date":"2019-02-11T09:44:55","date_gmt":"2019-02-11T08:44:55","guid":{"rendered":"https:\/\/midsa.es\/nueva\/index.php\/2019\/02\/11\/dedo-vs-chupete\/"},"modified":"2019-02-11T09:44:55","modified_gmt":"2019-02-11T08:44:55","slug":"doigt-contre-tetine","status":"publish","type":"post","link":"https:\/\/midsa.es\/fr\/dedo-vs-chupete\/","title":{"rendered":"Doigt contre t\u00e9tine"},"content":{"rendered":"<p>Tous les b\u00e9b\u00e9s sucent leur pouce dans le ventre de leur m\u00e8re pour perfectionner leurs r\u00e9flexes en vue de l&#039;accouchement. C&#039;est un comportement parfaitement normal, physiologique et b\u00e9n\u00e9fique. \u00c0 ce stade, il ne faut pas y voir une habitude orale ni une addiction, car il s&#039;agit de r\u00e9flexes, c&#039;est-\u00e0-dire d&#039;actions automatiques essentielles \u00e0 la survie.<br \/>Environ six mois apr\u00e8s la naissance, le r\u00e9flexe de succion est inhib\u00e9 et devient volontaire. Cela signifie que lorsque le b\u00e9b\u00e9 a faim et qu&#039;on approche quelque chose de ses l\u00e8vres, il active automatiquement le r\u00e9flexe de demande pour le saisir et le r\u00e9flexe de succion, qu&#039;il s&#039;agisse d&#039;un doigt, du sein ou d&#039;un objet (y compris une t\u00e9tine, mais dans ce cas, l&#039;objet ne s&#039;adapte pas \u00e0 la bouche du b\u00e9b\u00e9 comme le sein et est plus rigide que le doigt lui-m\u00eame, ce qui peut entra\u00eener des changements dans le sch\u00e9ma de succion du b\u00e9b\u00e9 pendant l&#039;allaitement).<\/p>\n\n\n<p>L\u2019allaitement maternel exclusif est la meilleure pr\u00e9vention contre le d\u00e9veloppement de l\u2019habitude orale de succion du pouce, car le risque qu\u2019un b\u00e9b\u00e9 allait\u00e9 \u00e0 la demande ait besoin d\u2019un autre type de succion ou d\u2019une autre habitude orale est 7 fois moindre.<br \/>Apr\u00e8s six mois, lors de l&#039;introduction de l&#039;alimentation compl\u00e9mentaire, le b\u00e9b\u00e9 commencera \u00e0 apprendre \u00e0 m\u00e2cher, mais il est conseill\u00e9 de continuer \u00e0 l&#039;allaiter au moins jusqu&#039;\u00e0 l&#039;\u00e2ge de deux ans, si possible. La pouss\u00e9e dentaire d\u00e9bute \u00e9galement vers six mois\u00a0; il est donc important de faire la distinction entre la succion du pouce et le fait de mettre la main dans la bouche pour soulager la douleur. <\/p>\n\n\n<p>L\u2019allaitement maternel est toujours pr\u00e9f\u00e9rable, car il permet au b\u00e9b\u00e9 de t\u00e9ter pour se nourrir (succion nutritive) et pour satisfaire son besoin de succion (succion non nutritive) au sein. L\u2019utilisation d\u2019une t\u00e9tine comporte un risque de sevrage pr\u00e9coce ou de dur\u00e9e d\u2019allaitement plus courte.<\/p>\n\n\n<p>Les modifications de la cavit\u00e9 buccale d&#039;un b\u00e9b\u00e9 dues \u00e0 l&#039;utilisation d&#039;une t\u00e9tine sont plus importantes que celles dues \u00e0 la succion du pouce. Pour \u00e9viter que cette habitude ne s&#039;installe, il est important de maintenir l&#039;allaitement maternel autant que possible, de proposer \u00e0 l&#039;enfant des activit\u00e9s manuelles et de l&#039;aider \u00e0 comprendre ce qui le pousse \u00e0 se calmer avec son pouce. Si l&#039;habitude persiste, consultez un sp\u00e9cialiste pour un sevrage progressif de la t\u00e9tine afin d&#039;\u00e9viter des dommages aux muscles de la bouche, aux os et \u00e0 l&#039;alignement dentaire.<\/p>","protected":false},"excerpt":{"rendered":"<p>Todos los bebes se chupan el dedo en el \u00fatero, para perfeccionar los reflejos para el nacimiento. Es completamente normal, fisiol\u00f3gico y beneficioso. En esta [&hellip;]<\/p>\n","protected":false},"author":1,"featured_media":213,"comment_status":"open","ping_status":"open","sticky":false,"template":"","format":"standard","meta":{"_acf_changed":false,"footnotes":""},"categories":[3,5,6,7],"tags":[],"class_list":["post-212","post","type-post","status-publish","format-standard","has-post-thumbnail","hentry","category-articulos-salud-bucal","category-consejos","category-odontopediatria","category-ortodoncia-miofuncional"],"acf":[],"yoast_head":"<!-- This site is optimized with the Yoast SEO plugin v27.5 - https:\/\/yoast.com\/product\/yoast-seo-wordpress\/ -->\n<title>Dedo VS Chupete &#8212; MIDSA<\/title>\n<meta name=\"robots\" content=\"index, follow, max-snippet:-1, max-image-preview:large, max-video-preview:-1\" \/>\n<link rel=\"canonical\" href=\"https:\/\/midsa.es\/fr\/doigt-contre-tetine\/\" \/>\n<meta property=\"og:locale\" content=\"fr_FR\" \/>\n<meta property=\"og:type\" content=\"article\" \/>\n<meta property=\"og:title\" content=\"Dedo VS Chupete &#8212; MIDSA\" \/>\n<meta property=\"og:description\" content=\"Todos los bebes se chupan el dedo en el \u00fatero, para perfeccionar los reflejos para el nacimiento. Es completamente normal, fisiol\u00f3gico y beneficioso. En esta [&hellip;]\" \/>\n<meta property=\"og:url\" content=\"https:\/\/midsa.es\/fr\/doigt-contre-tetine\/\" \/>\n<meta property=\"og:site_name\" content=\"MIDSA\" \/>\n<meta property=\"article:publisher\" content=\"https:\/\/www.facebook.com\/midsaodontologiavalencia\" \/>\n<meta property=\"article:published_time\" content=\"2019-02-11T08:44:55+00:00\" \/>\n<meta property=\"og:image\" content=\"https:\/\/midsa.es\/wp-content\/uploads\/2026\/02\/succion-dedo-pulgar.jpg\" \/>\n\t<meta property=\"og:image:width\" content=\"736\" \/>\n\t<meta property=\"og:image:height\" content=\"473\" \/>\n\t<meta property=\"og:image:type\" content=\"image\/jpeg\" \/>\n<meta name=\"author\" content=\"senda_midsa\" \/>\n<meta name=\"twitter:card\" content=\"summary_large_image\" \/>\n<meta name=\"twitter:label1\" content=\"\u00c9crit par\" \/>\n\t<meta name=\"twitter:data1\" content=\"senda_midsa\" \/>\n\t<meta name=\"twitter:label2\" content=\"Dur\u00e9e de lecture estim\u00e9e\" \/>\n\t<meta name=\"twitter:data2\" content=\"2 minutes\" \/>\n<script type=\"application\/ld+json\" class=\"yoast-schema-graph\">{\"@context\":\"https:\\\/\\\/schema.org\",\"@graph\":[{\"@type\":\"Article\",\"@id\":\"https:\\\/\\\/midsa.es\\\/dedo-vs-chupete\\\/#article\",\"isPartOf\":{\"@id\":\"https:\\\/\\\/midsa.es\\\/dedo-vs-chupete\\\/\"},\"author\":{\"name\":\"senda_midsa\",\"@id\":\"https:\\\/\\\/midsa.es\\\/#\\\/schema\\\/person\\\/2c8f0a79218dad8660f4eeb9876dfee7\"},\"headline\":\"Dedo VS Chupete\",\"datePublished\":\"2019-02-11T08:44:55+00:00\",\"mainEntityOfPage\":{\"@id\":\"https:\\\/\\\/midsa.es\\\/dedo-vs-chupete\\\/\"},\"wordCount\":427,\"commentCount\":0,\"publisher\":{\"@id\":\"https:\\\/\\\/midsa.es\\\/#organization\"},\"image\":{\"@id\":\"https:\\\/\\\/midsa.es\\\/dedo-vs-chupete\\\/#primaryimage\"},\"thumbnailUrl\":\"https:\\\/\\\/midsa.es\\\/wp-content\\\/uploads\\\/2026\\\/02\\\/succion-dedo-pulgar.jpg\",\"articleSection\":[\"ARTICULOS SALUD BUCAL\",\"CONSEJOS\",\"ODONTOPEDIATRIA\",\"ORTODONCIA MIOFUNCIONAL\"],\"inLanguage\":\"fr-FR\",\"potentialAction\":[{\"@type\":\"CommentAction\",\"name\":\"Comment\",\"target\":[\"https:\\\/\\\/midsa.es\\\/dedo-vs-chupete\\\/#respond\"]}]},{\"@type\":\"WebPage\",\"@id\":\"https:\\\/\\\/midsa.es\\\/dedo-vs-chupete\\\/\",\"url\":\"https:\\\/\\\/midsa.es\\\/dedo-vs-chupete\\\/\",\"name\":\"Dedo VS Chupete &#8212; MIDSA\",\"isPartOf\":{\"@id\":\"https:\\\/\\\/midsa.es\\\/#website\"},\"primaryImageOfPage\":{\"@id\":\"https:\\\/\\\/midsa.es\\\/dedo-vs-chupete\\\/#primaryimage\"},\"image\":{\"@id\":\"https:\\\/\\\/midsa.es\\\/dedo-vs-chupete\\\/#primaryimage\"},\"thumbnailUrl\":\"https:\\\/\\\/midsa.es\\\/wp-content\\\/uploads\\\/2026\\\/02\\\/succion-dedo-pulgar.jpg\",\"datePublished\":\"2019-02-11T08:44:55+00:00\",\"breadcrumb\":{\"@id\":\"https:\\\/\\\/midsa.es\\\/dedo-vs-chupete\\\/#breadcrumb\"},\"inLanguage\":\"fr-FR\",\"potentialAction\":[{\"@type\":\"ReadAction\",\"target\":[\"https:\\\/\\\/midsa.es\\\/dedo-vs-chupete\\\/\"]}]},{\"@type\":\"ImageObject\",\"inLanguage\":\"fr-FR\",\"@id\":\"https:\\\/\\\/midsa.es\\\/dedo-vs-chupete\\\/#primaryimage\",\"url\":\"https:\\\/\\\/midsa.es\\\/wp-content\\\/uploads\\\/2026\\\/02\\\/succion-dedo-pulgar.jpg\",\"contentUrl\":\"https:\\\/\\\/midsa.es\\\/wp-content\\\/uploads\\\/2026\\\/02\\\/succion-dedo-pulgar.jpg\",\"width\":736,\"height\":473},{\"@type\":\"BreadcrumbList\",\"@id\":\"https:\\\/\\\/midsa.es\\\/dedo-vs-chupete\\\/#breadcrumb\",\"itemListElement\":[{\"@type\":\"ListItem\",\"position\":1,\"name\":\"Portada\",\"item\":\"https:\\\/\\\/midsa.es\\\/\"},{\"@type\":\"ListItem\",\"position\":2,\"name\":\"Dedo VS Chupete\"}]},{\"@type\":\"WebSite\",\"@id\":\"https:\\\/\\\/midsa.es\\\/#website\",\"url\":\"https:\\\/\\\/midsa.es\\\/\",\"name\":\"Midsa Odontolog\u00eda & Co\",\"description\":\"Somos MIDSA, Cl\u00ednica Dental en L&#039;Eixample, Valencia. Odontolog\u00eda avanzada con trato cercano en el coraz\u00f3n de Valencia.\",\"publisher\":{\"@id\":\"https:\\\/\\\/midsa.es\\\/#organization\"},\"alternateName\":\"Midsa Odontolog\u00eda\",\"potentialAction\":[{\"@type\":\"SearchAction\",\"target\":{\"@type\":\"EntryPoint\",\"urlTemplate\":\"https:\\\/\\\/midsa.es\\\/?s={search_term_string}\"},\"query-input\":{\"@type\":\"PropertyValueSpecification\",\"valueRequired\":true,\"valueName\":\"search_term_string\"}}],\"inLanguage\":\"fr-FR\"},{\"@type\":\"Organization\",\"@id\":\"https:\\\/\\\/midsa.es\\\/#organization\",\"name\":\"Midsa Odontolog\u00eda & Co\",\"alternateName\":\"Midsa Odontolog\u00eda\",\"url\":\"https:\\\/\\\/midsa.es\\\/\",\"logo\":{\"@type\":\"ImageObject\",\"inLanguage\":\"fr-FR\",\"@id\":\"https:\\\/\\\/midsa.es\\\/#\\\/schema\\\/logo\\\/image\\\/\",\"url\":\"https:\\\/\\\/midsa.es\\\/wp-content\\\/uploads\\\/2026\\\/03\\\/logo_midsa.png\",\"contentUrl\":\"https:\\\/\\\/midsa.es\\\/wp-content\\\/uploads\\\/2026\\\/03\\\/logo_midsa.png\",\"width\":1080,\"height\":361,\"caption\":\"Midsa Odontolog\u00eda & Co\"},\"image\":{\"@id\":\"https:\\\/\\\/midsa.es\\\/#\\\/schema\\\/logo\\\/image\\\/\"},\"sameAs\":[\"https:\\\/\\\/www.facebook.com\\\/midsaodontologiavalencia\",\"https:\\\/\\\/www.instagram.com\\\/midsaodontologia\\\/\"]},{\"@type\":\"Person\",\"@id\":\"https:\\\/\\\/midsa.es\\\/#\\\/schema\\\/person\\\/2c8f0a79218dad8660f4eeb9876dfee7\",\"name\":\"senda_midsa\",\"image\":{\"@type\":\"ImageObject\",\"inLanguage\":\"fr-FR\",\"@id\":\"https:\\\/\\\/secure.gravatar.com\\\/avatar\\\/2ad25152d66ab68f233ff1e771f5f5b61808045f5b306f63250027046f2b84c4?s=96&d=mm&r=g\",\"url\":\"https:\\\/\\\/secure.gravatar.com\\\/avatar\\\/2ad25152d66ab68f233ff1e771f5f5b61808045f5b306f63250027046f2b84c4?s=96&d=mm&r=g\",\"contentUrl\":\"https:\\\/\\\/secure.gravatar.com\\\/avatar\\\/2ad25152d66ab68f233ff1e771f5f5b61808045f5b306f63250027046f2b84c4?s=96&d=mm&r=g\",\"caption\":\"senda_midsa\"},\"sameAs\":[\"https:\\\/\\\/midsa.es\"],\"url\":\"https:\\\/\\\/midsa.es\\\/fr\\\/author\\\/senda_midsa\\\/\"}]}<\/script>\n<!-- \/ Yoast SEO plugin. -->","yoast_head_json":{"title":"Doigt contre t\u00e9tine \u2014 MIDSA","robots":{"index":"index","follow":"follow","max-snippet":"max-snippet:-1","max-image-preview":"max-image-preview:large","max-video-preview":"max-video-preview:-1"},"canonical":"https:\/\/midsa.es\/fr\/doigt-contre-tetine\/","og_locale":"fr_FR","og_type":"article","og_title":"Dedo VS Chupete &#8212; MIDSA","og_description":"Todos los bebes se chupan el dedo en el \u00fatero, para perfeccionar los reflejos para el nacimiento. Es completamente normal, fisiol\u00f3gico y beneficioso. En esta [&hellip;]","og_url":"https:\/\/midsa.es\/fr\/doigt-contre-tetine\/","og_site_name":"MIDSA","article_publisher":"https:\/\/www.facebook.com\/midsaodontologiavalencia","article_published_time":"2019-02-11T08:44:55+00:00","og_image":[{"width":736,"height":473,"url":"https:\/\/midsa.es\/wp-content\/uploads\/2026\/02\/succion-dedo-pulgar.jpg","type":"image\/jpeg"}],"author":"senda_midsa","twitter_card":"summary_large_image","twitter_misc":{"\u00c9crit par":"senda_midsa","Dur\u00e9e de lecture estim\u00e9e":"2 minutes"},"schema":{"@context":"https:\/\/schema.org","@graph":[{"@type":"Article","@id":"https:\/\/midsa.es\/dedo-vs-chupete\/#article","isPartOf":{"@id":"https:\/\/midsa.es\/dedo-vs-chupete\/"},"author":{"name":"senda_midsa","@id":"https:\/\/midsa.es\/#\/schema\/person\/2c8f0a79218dad8660f4eeb9876dfee7"},"headline":"Dedo VS Chupete","datePublished":"2019-02-11T08:44:55+00:00","mainEntityOfPage":{"@id":"https:\/\/midsa.es\/dedo-vs-chupete\/"},"wordCount":427,"commentCount":0,"publisher":{"@id":"https:\/\/midsa.es\/#organization"},"image":{"@id":"https:\/\/midsa.es\/dedo-vs-chupete\/#primaryimage"},"thumbnailUrl":"https:\/\/midsa.es\/wp-content\/uploads\/2026\/02\/succion-dedo-pulgar.jpg","articleSection":["ARTICULOS SALUD BUCAL","CONSEJOS","ODONTOPEDIATRIA","ORTODONCIA MIOFUNCIONAL"],"inLanguage":"fr-FR","potentialAction":[{"@type":"CommentAction","name":"Comment","target":["https:\/\/midsa.es\/dedo-vs-chupete\/#respond"]}]},{"@type":"WebPage","@id":"https:\/\/midsa.es\/dedo-vs-chupete\/","url":"https:\/\/midsa.es\/dedo-vs-chupete\/","name":"Doigt contre t\u00e9tine \u2014 MIDSA","isPartOf":{"@id":"https:\/\/midsa.es\/#website"},"primaryImageOfPage":{"@id":"https:\/\/midsa.es\/dedo-vs-chupete\/#primaryimage"},"image":{"@id":"https:\/\/midsa.es\/dedo-vs-chupete\/#primaryimage"},"thumbnailUrl":"https:\/\/midsa.es\/wp-content\/uploads\/2026\/02\/succion-dedo-pulgar.jpg","datePublished":"2019-02-11T08:44:55+00:00","breadcrumb":{"@id":"https:\/\/midsa.es\/dedo-vs-chupete\/#breadcrumb"},"inLanguage":"fr-FR","potentialAction":[{"@type":"ReadAction","target":["https:\/\/midsa.es\/dedo-vs-chupete\/"]}]},{"@type":"ImageObject","inLanguage":"fr-FR","@id":"https:\/\/midsa.es\/dedo-vs-chupete\/#primaryimage","url":"https:\/\/midsa.es\/wp-content\/uploads\/2026\/02\/succion-dedo-pulgar.jpg","contentUrl":"https:\/\/midsa.es\/wp-content\/uploads\/2026\/02\/succion-dedo-pulgar.jpg","width":736,"height":473},{"@type":"BreadcrumbList","@id":"https:\/\/midsa.es\/dedo-vs-chupete\/#breadcrumb","itemListElement":[{"@type":"ListItem","position":1,"name":"Portada","item":"https:\/\/midsa.es\/"},{"@type":"ListItem","position":2,"name":"Dedo VS Chupete"}]},{"@type":"WebSite","@id":"https:\/\/midsa.es\/#website","url":"https:\/\/midsa.es\/","name":"Midsa Dentistry &amp; Co","description":"Nous sommes MIDSA, une clinique dentaire situ\u00e9e dans le quartier de l&#039;Eixample \u00e0 Valence. Des soins dentaires de pointe et un accompagnement personnalis\u00e9 au c\u0153ur de Valence.","publisher":{"@id":"https:\/\/midsa.es\/#organization"},"alternateName":"Midsa Odontolog\u00eda","potentialAction":[{"@type":"SearchAction","target":{"@type":"EntryPoint","urlTemplate":"https:\/\/midsa.es\/?s={search_term_string}"},"query-input":{"@type":"PropertyValueSpecification","valueRequired":true,"valueName":"search_term_string"}}],"inLanguage":"fr-FR"},{"@type":"Organization","@id":"https:\/\/midsa.es\/#organization","name":"Midsa Dentistry &amp; Co","alternateName":"Midsa Odontolog\u00eda","url":"https:\/\/midsa.es\/","logo":{"@type":"ImageObject","inLanguage":"fr-FR","@id":"https:\/\/midsa.es\/#\/schema\/logo\/image\/","url":"https:\/\/midsa.es\/wp-content\/uploads\/2026\/03\/logo_midsa.png","contentUrl":"https:\/\/midsa.es\/wp-content\/uploads\/2026\/03\/logo_midsa.png","width":1080,"height":361,"caption":"Midsa Odontolog\u00eda & Co"},"image":{"@id":"https:\/\/midsa.es\/#\/schema\/logo\/image\/"},"sameAs":["https:\/\/www.facebook.com\/midsaodontologiavalencia","https:\/\/www.instagram.com\/midsaodontologia\/"]},{"@type":"Person","@id":"https:\/\/midsa.es\/#\/schema\/person\/2c8f0a79218dad8660f4eeb9876dfee7","name":"senda_midsa","image":{"@type":"ImageObject","inLanguage":"fr-FR","@id":"https:\/\/secure.gravatar.com\/avatar\/2ad25152d66ab68f233ff1e771f5f5b61808045f5b306f63250027046f2b84c4?s=96&d=mm&r=g","url":"https:\/\/secure.gravatar.com\/avatar\/2ad25152d66ab68f233ff1e771f5f5b61808045f5b306f63250027046f2b84c4?s=96&d=mm&r=g","contentUrl":"https:\/\/secure.gravatar.com\/avatar\/2ad25152d66ab68f233ff1e771f5f5b61808045f5b306f63250027046f2b84c4?s=96&d=mm&r=g","caption":"senda_midsa"},"sameAs":["https:\/\/midsa.es"],"url":"https:\/\/midsa.es\/fr\/author\/senda_midsa\/"}]}},"_links":{"self":[{"href":"https:\/\/midsa.es\/fr\/wp-json\/wp\/v2\/posts\/212","targetHints":{"allow":["GET"]}}],"collection":[{"href":"https:\/\/midsa.es\/fr\/wp-json\/wp\/v2\/posts"}],"about":[{"href":"https:\/\/midsa.es\/fr\/wp-json\/wp\/v2\/types\/post"}],"author":[{"embeddable":true,"href":"https:\/\/midsa.es\/fr\/wp-json\/wp\/v2\/users\/1"}],"replies":[{"embeddable":true,"href":"https:\/\/midsa.es\/fr\/wp-json\/wp\/v2\/comments?post=212"}],"version-history":[{"count":0,"href":"https:\/\/midsa.es\/fr\/wp-json\/wp\/v2\/posts\/212\/revisions"}],"wp:featuredmedia":[{"embeddable":true,"href":"https:\/\/midsa.es\/fr\/wp-json\/wp\/v2\/media\/213"}],"wp:attachment":[{"href":"https:\/\/midsa.es\/fr\/wp-json\/wp\/v2\/media?parent=212"}],"wp:term":[{"taxonomy":"category","embeddable":true,"href":"https:\/\/midsa.es\/fr\/wp-json\/wp\/v2\/categories?post=212"},{"taxonomy":"post_tag","embeddable":true,"href":"https:\/\/midsa.es\/fr\/wp-json\/wp\/v2\/tags?post=212"}],"curies":[{"name":"wp","href":"https:\/\/api.w.org\/{rel}","templated":true}]}}