{"id":206,"date":"2019-02-04T10:38:15","date_gmt":"2019-02-04T09:38:15","guid":{"rendered":"https:\/\/midsa.es\/nueva\/index.php\/2019\/02\/04\/blanqueamiento-dental-si-no\/"},"modified":"2019-02-04T10:38:15","modified_gmt":"2019-02-04T09:38:15","slug":"blanchiment-des-dents-sinon","status":"publish","type":"post","link":"https:\/\/midsa.es\/fr\/blanqueamiento-dental-si-no\/","title":{"rendered":"Blanchiment dentaire\u00a0? Oui\/Non\u00a0?"},"content":{"rendered":"<p>Aujourd&#039;hui, nous allons dissiper tous les doutes que peuvent avoir de nombreux patients qui envisagent un blanchiment dentaire.<\/p>\n\n\n\n<p>De nombreux patients craignent que le blanchiment dentaire n&#039;ab\u00eeme leurs dents, eh bien, <strong>Ce n&#039;est pas le cas<\/strong>, \u00c0 condition d&#039;\u00eatre r\u00e9alis\u00e9 par un professionnel avec un produit de qualit\u00e9, le blanchiment dentaire peut \u00eatre effectu\u00e9 en clinique \u00e0 l&#039;aide d&#039;un gel ou avec un kit \u00e0 domicile comprenant des goutti\u00e8res sur mesure et le produit n\u00e9cessaire pour effectuer le traitement en 15 jours, ce qui donne d&#039;excellents r\u00e9sultats.<\/p>\n\n\n\n<p>M\u00e9fiez-vous des produits miracles, malgr\u00e9 toutes les publicit\u00e9s vantant les m\u00e9rites du blanchiment dentaire \u00e0 domicile. Le seul moyen efficace de blanchir les dents est d&#039;oxyder les substances responsables des taches de l&#039;int\u00e9rieur, \u00e0 l&#039;aide de produits professionnels.<\/p>\n\n\n\n<p>Le blanchiment dentaire provoque-t-il une sensibilit\u00e9 dentaire\u00a0? Apr\u00e8s un blanchiment dentaire, il est normal d\u2019avoir les dents sensibles pendant environ 24 \u00e0 72\u00a0heures. <\/p>\n\n\n\n<p>\u00c9tapes avant et apr\u00e8s le blanchiment\u00a0:<\/p>\n\n\n\n<ul class=\"wp-block-list\"><li>Avant tout traitement, un nettoyage buccal et un examen des gencives afin de d\u00e9tecter d&#039;\u00e9ventuelles caries doivent \u00eatre effectu\u00e9s. <\/li><li>Une fois le blanchiment effectu\u00e9, \u00e9vitez de consommer des aliments qui tachent les dents pendant les 15 jours suivants.<\/li><\/ul>\n\n\n\n<p>Si vous envisagez un blanchiment dentaire, n&#039;h\u00e9sitez pas \u00e0 venir nous voir et vous aurez des dents parfaites.<\/p>\n\n\n\n<p><\/p>","protected":false},"excerpt":{"rendered":"<p>Hoy vamos a aclarar todas esas dudas que rondan en la cabeza de muchos de los pacientes que est\u00e1n pensando en hacerse un blanqueamiento dental. [&hellip;]<\/p>\n","protected":false},"author":1,"featured_media":207,"comment_status":"open","ping_status":"open","sticky":false,"template":"","format":"standard","meta":{"_acf_changed":false,"footnotes":""},"categories":[3,5],"tags":[],"class_list":["post-206","post","type-post","status-publish","format-standard","has-post-thumbnail","hentry","category-articulos-salud-bucal","category-consejos"],"acf":[],"yoast_head":"<!-- This site is optimized with the Yoast SEO plugin v27.4 - https:\/\/yoast.com\/product\/yoast-seo-wordpress\/ -->\n<title>\u00bfBlanqueamiento dental? \u00bfSI\/No? &#8212; MIDSA<\/title>\n<meta name=\"robots\" content=\"index, follow, max-snippet:-1, max-image-preview:large, max-video-preview:-1\" \/>\n<link rel=\"canonical\" href=\"https:\/\/midsa.es\/fr\/blanchiment-des-dents-sinon\/\" \/>\n<meta property=\"og:locale\" content=\"fr_FR\" \/>\n<meta property=\"og:type\" content=\"article\" \/>\n<meta property=\"og:title\" content=\"\u00bfBlanqueamiento dental? \u00bfSI\/No? &#8212; MIDSA\" \/>\n<meta property=\"og:description\" content=\"Hoy vamos a aclarar todas esas dudas que rondan en la cabeza de muchos de los pacientes que est\u00e1n pensando en hacerse un blanqueamiento dental. [&hellip;]\" \/>\n<meta property=\"og:url\" content=\"https:\/\/midsa.es\/fr\/blanchiment-des-dents-sinon\/\" \/>\n<meta property=\"og:site_name\" content=\"MIDSA\" \/>\n<meta property=\"article:publisher\" content=\"https:\/\/www.facebook.com\/midsaodontologiavalencia\" \/>\n<meta property=\"article:published_time\" content=\"2019-02-04T09:38:15+00:00\" \/>\n<meta property=\"og:image\" content=\"https:\/\/midsa.es\/wp-content\/uploads\/2026\/02\/midsa-odontologia-1.jpg\" \/>\n\t<meta property=\"og:image:width\" content=\"1080\" \/>\n\t<meta property=\"og:image:height\" content=\"1080\" \/>\n\t<meta property=\"og:image:type\" content=\"image\/jpeg\" \/>\n<meta name=\"author\" content=\"senda_midsa\" \/>\n<meta name=\"twitter:card\" content=\"summary_large_image\" \/>\n<meta name=\"twitter:label1\" content=\"\u00c9crit par\" \/>\n\t<meta name=\"twitter:data1\" content=\"senda_midsa\" \/>\n\t<meta name=\"twitter:label2\" content=\"Dur\u00e9e de lecture estim\u00e9e\" \/>\n\t<meta name=\"twitter:data2\" content=\"1 minute\" \/>\n<script type=\"application\/ld+json\" class=\"yoast-schema-graph\">{\"@context\":\"https:\\\/\\\/schema.org\",\"@graph\":[{\"@type\":\"Article\",\"@id\":\"https:\\\/\\\/midsa.es\\\/blanqueamiento-dental-si-no\\\/#article\",\"isPartOf\":{\"@id\":\"https:\\\/\\\/midsa.es\\\/blanqueamiento-dental-si-no\\\/\"},\"author\":{\"name\":\"senda_midsa\",\"@id\":\"https:\\\/\\\/midsa.es\\\/#\\\/schema\\\/person\\\/2c8f0a79218dad8660f4eeb9876dfee7\"},\"headline\":\"\u00bfBlanqueamiento dental? \u00bfSI\\\/No?\",\"datePublished\":\"2019-02-04T09:38:15+00:00\",\"mainEntityOfPage\":{\"@id\":\"https:\\\/\\\/midsa.es\\\/blanqueamiento-dental-si-no\\\/\"},\"wordCount\":232,\"commentCount\":0,\"publisher\":{\"@id\":\"https:\\\/\\\/midsa.es\\\/#organization\"},\"image\":{\"@id\":\"https:\\\/\\\/midsa.es\\\/blanqueamiento-dental-si-no\\\/#primaryimage\"},\"thumbnailUrl\":\"https:\\\/\\\/midsa.es\\\/wp-content\\\/uploads\\\/2026\\\/02\\\/midsa-odontologia-1.jpg\",\"articleSection\":[\"ARTICULOS SALUD BUCAL\",\"CONSEJOS\"],\"inLanguage\":\"fr-FR\",\"potentialAction\":[{\"@type\":\"CommentAction\",\"name\":\"Comment\",\"target\":[\"https:\\\/\\\/midsa.es\\\/blanqueamiento-dental-si-no\\\/#respond\"]}]},{\"@type\":\"WebPage\",\"@id\":\"https:\\\/\\\/midsa.es\\\/blanqueamiento-dental-si-no\\\/\",\"url\":\"https:\\\/\\\/midsa.es\\\/blanqueamiento-dental-si-no\\\/\",\"name\":\"\u00bfBlanqueamiento dental? \u00bfSI\\\/No? &#8212; MIDSA\",\"isPartOf\":{\"@id\":\"https:\\\/\\\/midsa.es\\\/#website\"},\"primaryImageOfPage\":{\"@id\":\"https:\\\/\\\/midsa.es\\\/blanqueamiento-dental-si-no\\\/#primaryimage\"},\"image\":{\"@id\":\"https:\\\/\\\/midsa.es\\\/blanqueamiento-dental-si-no\\\/#primaryimage\"},\"thumbnailUrl\":\"https:\\\/\\\/midsa.es\\\/wp-content\\\/uploads\\\/2026\\\/02\\\/midsa-odontologia-1.jpg\",\"datePublished\":\"2019-02-04T09:38:15+00:00\",\"breadcrumb\":{\"@id\":\"https:\\\/\\\/midsa.es\\\/blanqueamiento-dental-si-no\\\/#breadcrumb\"},\"inLanguage\":\"fr-FR\",\"potentialAction\":[{\"@type\":\"ReadAction\",\"target\":[\"https:\\\/\\\/midsa.es\\\/blanqueamiento-dental-si-no\\\/\"]}]},{\"@type\":\"ImageObject\",\"inLanguage\":\"fr-FR\",\"@id\":\"https:\\\/\\\/midsa.es\\\/blanqueamiento-dental-si-no\\\/#primaryimage\",\"url\":\"https:\\\/\\\/midsa.es\\\/wp-content\\\/uploads\\\/2026\\\/02\\\/midsa-odontologia-1.jpg\",\"contentUrl\":\"https:\\\/\\\/midsa.es\\\/wp-content\\\/uploads\\\/2026\\\/02\\\/midsa-odontologia-1.jpg\",\"width\":1080,\"height\":1080},{\"@type\":\"BreadcrumbList\",\"@id\":\"https:\\\/\\\/midsa.es\\\/blanqueamiento-dental-si-no\\\/#breadcrumb\",\"itemListElement\":[{\"@type\":\"ListItem\",\"position\":1,\"name\":\"Portada\",\"item\":\"https:\\\/\\\/midsa.es\\\/\"},{\"@type\":\"ListItem\",\"position\":2,\"name\":\"\u00bfBlanqueamiento dental? \u00bfSI\\\/No?\"}]},{\"@type\":\"WebSite\",\"@id\":\"https:\\\/\\\/midsa.es\\\/#website\",\"url\":\"https:\\\/\\\/midsa.es\\\/\",\"name\":\"Midsa Odontolog\u00eda & Co\",\"description\":\"Somos MIDSA, Cl\u00ednica Dental en L&#039;Eixample, Valencia. Odontolog\u00eda avanzada con trato cercano en el coraz\u00f3n de Valencia.\",\"publisher\":{\"@id\":\"https:\\\/\\\/midsa.es\\\/#organization\"},\"alternateName\":\"Midsa Odontolog\u00eda\",\"potentialAction\":[{\"@type\":\"SearchAction\",\"target\":{\"@type\":\"EntryPoint\",\"urlTemplate\":\"https:\\\/\\\/midsa.es\\\/?s={search_term_string}\"},\"query-input\":{\"@type\":\"PropertyValueSpecification\",\"valueRequired\":true,\"valueName\":\"search_term_string\"}}],\"inLanguage\":\"fr-FR\"},{\"@type\":\"Organization\",\"@id\":\"https:\\\/\\\/midsa.es\\\/#organization\",\"name\":\"Midsa Odontolog\u00eda & Co\",\"alternateName\":\"Midsa Odontolog\u00eda\",\"url\":\"https:\\\/\\\/midsa.es\\\/\",\"logo\":{\"@type\":\"ImageObject\",\"inLanguage\":\"fr-FR\",\"@id\":\"https:\\\/\\\/midsa.es\\\/#\\\/schema\\\/logo\\\/image\\\/\",\"url\":\"https:\\\/\\\/midsa.es\\\/wp-content\\\/uploads\\\/2026\\\/03\\\/logo_midsa.png\",\"contentUrl\":\"https:\\\/\\\/midsa.es\\\/wp-content\\\/uploads\\\/2026\\\/03\\\/logo_midsa.png\",\"width\":1080,\"height\":361,\"caption\":\"Midsa Odontolog\u00eda & Co\"},\"image\":{\"@id\":\"https:\\\/\\\/midsa.es\\\/#\\\/schema\\\/logo\\\/image\\\/\"},\"sameAs\":[\"https:\\\/\\\/www.facebook.com\\\/midsaodontologiavalencia\",\"https:\\\/\\\/www.instagram.com\\\/midsaodontologia\\\/\"]},{\"@type\":\"Person\",\"@id\":\"https:\\\/\\\/midsa.es\\\/#\\\/schema\\\/person\\\/2c8f0a79218dad8660f4eeb9876dfee7\",\"name\":\"senda_midsa\",\"image\":{\"@type\":\"ImageObject\",\"inLanguage\":\"fr-FR\",\"@id\":\"https:\\\/\\\/secure.gravatar.com\\\/avatar\\\/2ad25152d66ab68f233ff1e771f5f5b61808045f5b306f63250027046f2b84c4?s=96&d=mm&r=g\",\"url\":\"https:\\\/\\\/secure.gravatar.com\\\/avatar\\\/2ad25152d66ab68f233ff1e771f5f5b61808045f5b306f63250027046f2b84c4?s=96&d=mm&r=g\",\"contentUrl\":\"https:\\\/\\\/secure.gravatar.com\\\/avatar\\\/2ad25152d66ab68f233ff1e771f5f5b61808045f5b306f63250027046f2b84c4?s=96&d=mm&r=g\",\"caption\":\"senda_midsa\"},\"sameAs\":[\"https:\\\/\\\/midsa.es\"],\"url\":\"https:\\\/\\\/midsa.es\\\/fr\\\/author\\\/senda_midsa\\\/\"}]}<\/script>\n<!-- \/ Yoast SEO plugin. -->","yoast_head_json":{"title":"Blanchiment dentaire\u00a0? Oui\/Non\u00a0? \u2014 MIDSA","robots":{"index":"index","follow":"follow","max-snippet":"max-snippet:-1","max-image-preview":"max-image-preview:large","max-video-preview":"max-video-preview:-1"},"canonical":"https:\/\/midsa.es\/fr\/blanchiment-des-dents-sinon\/","og_locale":"fr_FR","og_type":"article","og_title":"\u00bfBlanqueamiento dental? \u00bfSI\/No? &#8212; MIDSA","og_description":"Hoy vamos a aclarar todas esas dudas que rondan en la cabeza de muchos de los pacientes que est\u00e1n pensando en hacerse un blanqueamiento dental. [&hellip;]","og_url":"https:\/\/midsa.es\/fr\/blanchiment-des-dents-sinon\/","og_site_name":"MIDSA","article_publisher":"https:\/\/www.facebook.com\/midsaodontologiavalencia","article_published_time":"2019-02-04T09:38:15+00:00","og_image":[{"width":1080,"height":1080,"url":"https:\/\/midsa.es\/wp-content\/uploads\/2026\/02\/midsa-odontologia-1.jpg","type":"image\/jpeg"}],"author":"senda_midsa","twitter_card":"summary_large_image","twitter_misc":{"\u00c9crit par":"senda_midsa","Dur\u00e9e de lecture estim\u00e9e":"1 minute"},"schema":{"@context":"https:\/\/schema.org","@graph":[{"@type":"Article","@id":"https:\/\/midsa.es\/blanqueamiento-dental-si-no\/#article","isPartOf":{"@id":"https:\/\/midsa.es\/blanqueamiento-dental-si-no\/"},"author":{"name":"senda_midsa","@id":"https:\/\/midsa.es\/#\/schema\/person\/2c8f0a79218dad8660f4eeb9876dfee7"},"headline":"\u00bfBlanqueamiento dental? \u00bfSI\/No?","datePublished":"2019-02-04T09:38:15+00:00","mainEntityOfPage":{"@id":"https:\/\/midsa.es\/blanqueamiento-dental-si-no\/"},"wordCount":232,"commentCount":0,"publisher":{"@id":"https:\/\/midsa.es\/#organization"},"image":{"@id":"https:\/\/midsa.es\/blanqueamiento-dental-si-no\/#primaryimage"},"thumbnailUrl":"https:\/\/midsa.es\/wp-content\/uploads\/2026\/02\/midsa-odontologia-1.jpg","articleSection":["ARTICULOS SALUD BUCAL","CONSEJOS"],"inLanguage":"fr-FR","potentialAction":[{"@type":"CommentAction","name":"Comment","target":["https:\/\/midsa.es\/blanqueamiento-dental-si-no\/#respond"]}]},{"@type":"WebPage","@id":"https:\/\/midsa.es\/blanqueamiento-dental-si-no\/","url":"https:\/\/midsa.es\/blanqueamiento-dental-si-no\/","name":"Blanchiment dentaire\u00a0? Oui\/Non\u00a0? \u2014 MIDSA","isPartOf":{"@id":"https:\/\/midsa.es\/#website"},"primaryImageOfPage":{"@id":"https:\/\/midsa.es\/blanqueamiento-dental-si-no\/#primaryimage"},"image":{"@id":"https:\/\/midsa.es\/blanqueamiento-dental-si-no\/#primaryimage"},"thumbnailUrl":"https:\/\/midsa.es\/wp-content\/uploads\/2026\/02\/midsa-odontologia-1.jpg","datePublished":"2019-02-04T09:38:15+00:00","breadcrumb":{"@id":"https:\/\/midsa.es\/blanqueamiento-dental-si-no\/#breadcrumb"},"inLanguage":"fr-FR","potentialAction":[{"@type":"ReadAction","target":["https:\/\/midsa.es\/blanqueamiento-dental-si-no\/"]}]},{"@type":"ImageObject","inLanguage":"fr-FR","@id":"https:\/\/midsa.es\/blanqueamiento-dental-si-no\/#primaryimage","url":"https:\/\/midsa.es\/wp-content\/uploads\/2026\/02\/midsa-odontologia-1.jpg","contentUrl":"https:\/\/midsa.es\/wp-content\/uploads\/2026\/02\/midsa-odontologia-1.jpg","width":1080,"height":1080},{"@type":"BreadcrumbList","@id":"https:\/\/midsa.es\/blanqueamiento-dental-si-no\/#breadcrumb","itemListElement":[{"@type":"ListItem","position":1,"name":"Portada","item":"https:\/\/midsa.es\/"},{"@type":"ListItem","position":2,"name":"\u00bfBlanqueamiento dental? \u00bfSI\/No?"}]},{"@type":"WebSite","@id":"https:\/\/midsa.es\/#website","url":"https:\/\/midsa.es\/","name":"Midsa Dentistry &amp; Co","description":"Nous sommes MIDSA, une clinique dentaire situ\u00e9e dans le quartier de l&#039;Eixample \u00e0 Valence. Des soins dentaires de pointe et un accompagnement personnalis\u00e9 au c\u0153ur de Valence.","publisher":{"@id":"https:\/\/midsa.es\/#organization"},"alternateName":"Midsa Odontolog\u00eda","potentialAction":[{"@type":"SearchAction","target":{"@type":"EntryPoint","urlTemplate":"https:\/\/midsa.es\/?s={search_term_string}"},"query-input":{"@type":"PropertyValueSpecification","valueRequired":true,"valueName":"search_term_string"}}],"inLanguage":"fr-FR"},{"@type":"Organization","@id":"https:\/\/midsa.es\/#organization","name":"Midsa Dentistry &amp; Co","alternateName":"Midsa Odontolog\u00eda","url":"https:\/\/midsa.es\/","logo":{"@type":"ImageObject","inLanguage":"fr-FR","@id":"https:\/\/midsa.es\/#\/schema\/logo\/image\/","url":"https:\/\/midsa.es\/wp-content\/uploads\/2026\/03\/logo_midsa.png","contentUrl":"https:\/\/midsa.es\/wp-content\/uploads\/2026\/03\/logo_midsa.png","width":1080,"height":361,"caption":"Midsa Odontolog\u00eda & Co"},"image":{"@id":"https:\/\/midsa.es\/#\/schema\/logo\/image\/"},"sameAs":["https:\/\/www.facebook.com\/midsaodontologiavalencia","https:\/\/www.instagram.com\/midsaodontologia\/"]},{"@type":"Person","@id":"https:\/\/midsa.es\/#\/schema\/person\/2c8f0a79218dad8660f4eeb9876dfee7","name":"senda_midsa","image":{"@type":"ImageObject","inLanguage":"fr-FR","@id":"https:\/\/secure.gravatar.com\/avatar\/2ad25152d66ab68f233ff1e771f5f5b61808045f5b306f63250027046f2b84c4?s=96&d=mm&r=g","url":"https:\/\/secure.gravatar.com\/avatar\/2ad25152d66ab68f233ff1e771f5f5b61808045f5b306f63250027046f2b84c4?s=96&d=mm&r=g","contentUrl":"https:\/\/secure.gravatar.com\/avatar\/2ad25152d66ab68f233ff1e771f5f5b61808045f5b306f63250027046f2b84c4?s=96&d=mm&r=g","caption":"senda_midsa"},"sameAs":["https:\/\/midsa.es"],"url":"https:\/\/midsa.es\/fr\/author\/senda_midsa\/"}]}},"_links":{"self":[{"href":"https:\/\/midsa.es\/fr\/wp-json\/wp\/v2\/posts\/206","targetHints":{"allow":["GET"]}}],"collection":[{"href":"https:\/\/midsa.es\/fr\/wp-json\/wp\/v2\/posts"}],"about":[{"href":"https:\/\/midsa.es\/fr\/wp-json\/wp\/v2\/types\/post"}],"author":[{"embeddable":true,"href":"https:\/\/midsa.es\/fr\/wp-json\/wp\/v2\/users\/1"}],"replies":[{"embeddable":true,"href":"https:\/\/midsa.es\/fr\/wp-json\/wp\/v2\/comments?post=206"}],"version-history":[{"count":0,"href":"https:\/\/midsa.es\/fr\/wp-json\/wp\/v2\/posts\/206\/revisions"}],"wp:featuredmedia":[{"embeddable":true,"href":"https:\/\/midsa.es\/fr\/wp-json\/wp\/v2\/media\/207"}],"wp:attachment":[{"href":"https:\/\/midsa.es\/fr\/wp-json\/wp\/v2\/media?parent=206"}],"wp:term":[{"taxonomy":"category","embeddable":true,"href":"https:\/\/midsa.es\/fr\/wp-json\/wp\/v2\/categories?post=206"},{"taxonomy":"post_tag","embeddable":true,"href":"https:\/\/midsa.es\/fr\/wp-json\/wp\/v2\/tags?post=206"}],"curies":[{"name":"wp","href":"https:\/\/api.w.org\/{rel}","templated":true}]}}