{"id":202,"date":"2019-01-28T11:28:03","date_gmt":"2019-01-28T10:28:03","guid":{"rendered":"https:\/\/midsa.es\/nueva\/index.php\/2019\/01\/28\/primera-visita-al-odontopediatra\/"},"modified":"2019-01-28T11:28:03","modified_gmt":"2019-01-28T10:28:03","slug":"premiere-visite-chez-le-dentiste-pediatrique","status":"publish","type":"post","link":"https:\/\/midsa.es\/fr\/primera-visita-al-odontopediatra\/","title":{"rendered":"Premi\u00e8re visite chez le dentiste p\u00e9diatrique"},"content":{"rendered":"<p>L\u2019objectif de cet article est de d\u00e9mystifier la premi\u00e8re visite chez le dentiste pour un enfant, en pr\u00e9cisant le moment id\u00e9al, le d\u00e9roulement de la consultation et son importance.<\/p>\n\n\n\n<p>La premi\u00e8re visite chez le dentiste p\u00e9diatrique doit avoir lieu avant que l&#039;enfant n&#039;ait atteint la fin de sa premi\u00e8re ann\u00e9e de vie, aux alentours de l&#039;\u00e9ruption de la premi\u00e8re dent. <\/p>\n\n\n\n<p><strong>Parce que?<\/strong><\/p>\n\n\n\n<p>Il est essentiel d&#039;aider la famille \u00e0 adopter des habitudes d&#039;hygi\u00e8ne bucco-dentaire favorables. Une fois acquises, ces habitudes ont tendance \u00e0 \u00eatre conserv\u00e9es. La premi\u00e8re consultation est importante pour commencer \u00e0 suivre le d\u00e9veloppement des fonctions buccales et la croissance craniofaciale du b\u00e9b\u00e9. Elle permet \u00e9galement \u00e0 l&#039;enfant de se familiariser avec le cabinet du dentiste p\u00e9diatrique.<\/p>\n\n\n\n<p><strong>Lignes directrices<\/strong><\/p>\n\n\n\n<p>Les recommandations de base portent sur la carie dentaire, l&#039;hygi\u00e8ne bucco-dentaire, l&#039;alimentation transitoire, les habitudes de succion et l&#039;\u00e9ruption des dents. L&#039;un des principaux objectifs de la premi\u00e8re consultation est la pr\u00e9vention de la carie dentaire, une des maladies les plus fr\u00e9quentes. <\/p>\n\n\n\n<p>Le <strong>carie<\/strong> Chez les jeunes enfants, les caries de la petite enfance peuvent progresser rapidement, provoquant douleur, infection et alt\u00e9rant leur nutrition et leur qualit\u00e9 de vie. Elles peuvent souvent n\u00e9cessiter un traitement endodontique (traitement de canal) et m\u00eame des extractions dentaires. Initialement, une l\u00e9sion carieuse se pr\u00e9sente comme une zone d\u00e9min\u00e9ralis\u00e9e sur la dent, formant une tache blanche. Un diagnostic pr\u00e9coce permet de stopper la progression de la maladie et de pr\u00e9venir cette phase aigu\u00eb. L&#039;introduction pr\u00e9coce du sucre dans l&#039;alimentation est l&#039;un des facteurs contribuant aux caries de la petite enfance. Il est donc essentiel de fournir des conseils sur l&#039;introduction du sucre dans l&#039;alimentation. <strong>sucre<\/strong> Il convient de souligner l&#039;importance des bonnes habitudes d&#039;hygi\u00e8ne bucco-dentaire dans l&#039;alimentation d&#039;un enfant afin de minimiser le risque de caries pr\u00e9coces, en commen\u00e7ant par l&#039;utilisation d&#039;une brosse \u00e0 dents \u00e0 poils souples et d&#039;un dentifrice fluor\u00e9.<\/p>\n\n\n\n<p>D&#039;autres facteurs importants pour la croissance et le d\u00e9veloppement du visage d&#039;un enfant sont\u00a0:<strong> m\u00e2cher et respirer par le nez. <\/strong><\/p>\n\n\n\n<p>L&#039;introduction appropri\u00e9e d&#039;aliments compl\u00e9mentaires favorise le d\u00e9veloppement de la mastication. Id\u00e9alement, tout changement d&#039;occlusion, de mastication et de respiration devrait \u00eatre diagnostiqu\u00e9 pr\u00e9cocement, car certains probl\u00e8mes d&#039;occlusion dentaire peuvent \u00eatre corrig\u00e9s d\u00e8s le plus jeune \u00e2ge afin de permettre une mastication \u00e9quilibr\u00e9e et une croissance faciale harmonieuse.<\/p>\n\n\n\n<p>Une visite chez un dentiste p\u00e9diatrique avant l&#039;\u00e2ge d&#039;un an permet d&#039;instaurer des habitudes pr\u00e9ventives favorisant une bonne sant\u00e9 bucco-dentaire. N&#039;oubliez pas que la sant\u00e9 bucco-dentaire est directement li\u00e9e \u00e0 la sant\u00e9 g\u00e9n\u00e9rale et \u00e0 la qualit\u00e9 de vie de l&#039;enfant.<\/p>\n\n\n\n<p><\/p>","protected":false},"excerpt":{"rendered":"<p>El objetivo de este post es desmitificar la primera consulta odontol\u00f3gica del ni\u00f1o, aclarando el per\u00edodo ideal para su realizaci\u00f3n, como se ejecuta y porque. [&hellip;]<\/p>\n","protected":false},"author":1,"featured_media":203,"comment_status":"open","ping_status":"open","sticky":false,"template":"","format":"standard","meta":{"_acf_changed":false,"footnotes":""},"categories":[5,6],"tags":[],"class_list":["post-202","post","type-post","status-publish","format-standard","has-post-thumbnail","hentry","category-consejos","category-odontopediatria"],"acf":[],"yoast_head":"<!-- This site is optimized with the Yoast SEO plugin v27.5 - https:\/\/yoast.com\/product\/yoast-seo-wordpress\/ -->\n<title>Primera visita al odontopediatra &#8212; MIDSA<\/title>\n<meta name=\"robots\" content=\"index, follow, max-snippet:-1, max-image-preview:large, max-video-preview:-1\" \/>\n<link rel=\"canonical\" href=\"https:\/\/midsa.es\/fr\/premiere-visite-chez-le-dentiste-pediatrique\/\" \/>\n<meta property=\"og:locale\" content=\"fr_FR\" \/>\n<meta property=\"og:type\" content=\"article\" \/>\n<meta property=\"og:title\" content=\"Primera visita al odontopediatra &#8212; MIDSA\" \/>\n<meta property=\"og:description\" content=\"El objetivo de este post es desmitificar la primera consulta odontol\u00f3gica del ni\u00f1o, aclarando el per\u00edodo ideal para su realizaci\u00f3n, como se ejecuta y porque. [&hellip;]\" \/>\n<meta property=\"og:url\" content=\"https:\/\/midsa.es\/fr\/premiere-visite-chez-le-dentiste-pediatrique\/\" \/>\n<meta property=\"og:site_name\" content=\"MIDSA\" \/>\n<meta property=\"article:publisher\" content=\"https:\/\/www.facebook.com\/midsaodontologiavalencia\" \/>\n<meta property=\"article:published_time\" content=\"2019-01-28T10:28:03+00:00\" \/>\n<meta property=\"og:image\" content=\"https:\/\/midsa.es\/wp-content\/uploads\/2026\/02\/dentist.jpg\" \/>\n\t<meta property=\"og:image:width\" content=\"499\" \/>\n\t<meta property=\"og:image:height\" content=\"499\" \/>\n\t<meta property=\"og:image:type\" content=\"image\/jpeg\" \/>\n<meta name=\"author\" content=\"senda_midsa\" \/>\n<meta name=\"twitter:card\" content=\"summary_large_image\" \/>\n<meta name=\"twitter:label1\" content=\"\u00c9crit par\" \/>\n\t<meta name=\"twitter:data1\" content=\"senda_midsa\" \/>\n\t<meta name=\"twitter:label2\" content=\"Dur\u00e9e de lecture estim\u00e9e\" \/>\n\t<meta name=\"twitter:data2\" content=\"2 minutes\" \/>\n<script type=\"application\/ld+json\" class=\"yoast-schema-graph\">{\"@context\":\"https:\\\/\\\/schema.org\",\"@graph\":[{\"@type\":\"Article\",\"@id\":\"https:\\\/\\\/midsa.es\\\/primera-visita-al-odontopediatra\\\/#article\",\"isPartOf\":{\"@id\":\"https:\\\/\\\/midsa.es\\\/primera-visita-al-odontopediatra\\\/\"},\"author\":{\"name\":\"senda_midsa\",\"@id\":\"https:\\\/\\\/midsa.es\\\/#\\\/schema\\\/person\\\/2c8f0a79218dad8660f4eeb9876dfee7\"},\"headline\":\"Primera visita al odontopediatra\",\"datePublished\":\"2019-01-28T10:28:03+00:00\",\"mainEntityOfPage\":{\"@id\":\"https:\\\/\\\/midsa.es\\\/primera-visita-al-odontopediatra\\\/\"},\"wordCount\":480,\"commentCount\":0,\"publisher\":{\"@id\":\"https:\\\/\\\/midsa.es\\\/#organization\"},\"image\":{\"@id\":\"https:\\\/\\\/midsa.es\\\/primera-visita-al-odontopediatra\\\/#primaryimage\"},\"thumbnailUrl\":\"https:\\\/\\\/midsa.es\\\/wp-content\\\/uploads\\\/2026\\\/02\\\/dentist.jpg\",\"articleSection\":[\"CONSEJOS\",\"ODONTOPEDIATRIA\"],\"inLanguage\":\"fr-FR\",\"potentialAction\":[{\"@type\":\"CommentAction\",\"name\":\"Comment\",\"target\":[\"https:\\\/\\\/midsa.es\\\/primera-visita-al-odontopediatra\\\/#respond\"]}]},{\"@type\":\"WebPage\",\"@id\":\"https:\\\/\\\/midsa.es\\\/primera-visita-al-odontopediatra\\\/\",\"url\":\"https:\\\/\\\/midsa.es\\\/primera-visita-al-odontopediatra\\\/\",\"name\":\"Primera visita al odontopediatra &#8212; MIDSA\",\"isPartOf\":{\"@id\":\"https:\\\/\\\/midsa.es\\\/#website\"},\"primaryImageOfPage\":{\"@id\":\"https:\\\/\\\/midsa.es\\\/primera-visita-al-odontopediatra\\\/#primaryimage\"},\"image\":{\"@id\":\"https:\\\/\\\/midsa.es\\\/primera-visita-al-odontopediatra\\\/#primaryimage\"},\"thumbnailUrl\":\"https:\\\/\\\/midsa.es\\\/wp-content\\\/uploads\\\/2026\\\/02\\\/dentist.jpg\",\"datePublished\":\"2019-01-28T10:28:03+00:00\",\"breadcrumb\":{\"@id\":\"https:\\\/\\\/midsa.es\\\/primera-visita-al-odontopediatra\\\/#breadcrumb\"},\"inLanguage\":\"fr-FR\",\"potentialAction\":[{\"@type\":\"ReadAction\",\"target\":[\"https:\\\/\\\/midsa.es\\\/primera-visita-al-odontopediatra\\\/\"]}]},{\"@type\":\"ImageObject\",\"inLanguage\":\"fr-FR\",\"@id\":\"https:\\\/\\\/midsa.es\\\/primera-visita-al-odontopediatra\\\/#primaryimage\",\"url\":\"https:\\\/\\\/midsa.es\\\/wp-content\\\/uploads\\\/2026\\\/02\\\/dentist.jpg\",\"contentUrl\":\"https:\\\/\\\/midsa.es\\\/wp-content\\\/uploads\\\/2026\\\/02\\\/dentist.jpg\",\"width\":499,\"height\":499},{\"@type\":\"BreadcrumbList\",\"@id\":\"https:\\\/\\\/midsa.es\\\/primera-visita-al-odontopediatra\\\/#breadcrumb\",\"itemListElement\":[{\"@type\":\"ListItem\",\"position\":1,\"name\":\"Portada\",\"item\":\"https:\\\/\\\/midsa.es\\\/\"},{\"@type\":\"ListItem\",\"position\":2,\"name\":\"Primera visita al odontopediatra\"}]},{\"@type\":\"WebSite\",\"@id\":\"https:\\\/\\\/midsa.es\\\/#website\",\"url\":\"https:\\\/\\\/midsa.es\\\/\",\"name\":\"Midsa Odontolog\u00eda & Co\",\"description\":\"Somos MIDSA, Cl\u00ednica Dental en L&#039;Eixample, Valencia. Odontolog\u00eda avanzada con trato cercano en el coraz\u00f3n de Valencia.\",\"publisher\":{\"@id\":\"https:\\\/\\\/midsa.es\\\/#organization\"},\"alternateName\":\"Midsa Odontolog\u00eda\",\"potentialAction\":[{\"@type\":\"SearchAction\",\"target\":{\"@type\":\"EntryPoint\",\"urlTemplate\":\"https:\\\/\\\/midsa.es\\\/?s={search_term_string}\"},\"query-input\":{\"@type\":\"PropertyValueSpecification\",\"valueRequired\":true,\"valueName\":\"search_term_string\"}}],\"inLanguage\":\"fr-FR\"},{\"@type\":\"Organization\",\"@id\":\"https:\\\/\\\/midsa.es\\\/#organization\",\"name\":\"Midsa Odontolog\u00eda & Co\",\"alternateName\":\"Midsa Odontolog\u00eda\",\"url\":\"https:\\\/\\\/midsa.es\\\/\",\"logo\":{\"@type\":\"ImageObject\",\"inLanguage\":\"fr-FR\",\"@id\":\"https:\\\/\\\/midsa.es\\\/#\\\/schema\\\/logo\\\/image\\\/\",\"url\":\"https:\\\/\\\/midsa.es\\\/wp-content\\\/uploads\\\/2026\\\/03\\\/logo_midsa.png\",\"contentUrl\":\"https:\\\/\\\/midsa.es\\\/wp-content\\\/uploads\\\/2026\\\/03\\\/logo_midsa.png\",\"width\":1080,\"height\":361,\"caption\":\"Midsa Odontolog\u00eda & Co\"},\"image\":{\"@id\":\"https:\\\/\\\/midsa.es\\\/#\\\/schema\\\/logo\\\/image\\\/\"},\"sameAs\":[\"https:\\\/\\\/www.facebook.com\\\/midsaodontologiavalencia\",\"https:\\\/\\\/www.instagram.com\\\/midsaodontologia\\\/\"]},{\"@type\":\"Person\",\"@id\":\"https:\\\/\\\/midsa.es\\\/#\\\/schema\\\/person\\\/2c8f0a79218dad8660f4eeb9876dfee7\",\"name\":\"senda_midsa\",\"image\":{\"@type\":\"ImageObject\",\"inLanguage\":\"fr-FR\",\"@id\":\"https:\\\/\\\/secure.gravatar.com\\\/avatar\\\/2ad25152d66ab68f233ff1e771f5f5b61808045f5b306f63250027046f2b84c4?s=96&d=mm&r=g\",\"url\":\"https:\\\/\\\/secure.gravatar.com\\\/avatar\\\/2ad25152d66ab68f233ff1e771f5f5b61808045f5b306f63250027046f2b84c4?s=96&d=mm&r=g\",\"contentUrl\":\"https:\\\/\\\/secure.gravatar.com\\\/avatar\\\/2ad25152d66ab68f233ff1e771f5f5b61808045f5b306f63250027046f2b84c4?s=96&d=mm&r=g\",\"caption\":\"senda_midsa\"},\"sameAs\":[\"https:\\\/\\\/midsa.es\"],\"url\":\"https:\\\/\\\/midsa.es\\\/fr\\\/author\\\/senda_midsa\\\/\"}]}<\/script>\n<!-- \/ Yoast SEO plugin. -->","yoast_head_json":{"title":"Premi\u00e8re visite chez le dentiste p\u00e9diatrique \u2014 MIDSA","robots":{"index":"index","follow":"follow","max-snippet":"max-snippet:-1","max-image-preview":"max-image-preview:large","max-video-preview":"max-video-preview:-1"},"canonical":"https:\/\/midsa.es\/fr\/premiere-visite-chez-le-dentiste-pediatrique\/","og_locale":"fr_FR","og_type":"article","og_title":"Primera visita al odontopediatra &#8212; MIDSA","og_description":"El objetivo de este post es desmitificar la primera consulta odontol\u00f3gica del ni\u00f1o, aclarando el per\u00edodo ideal para su realizaci\u00f3n, como se ejecuta y porque. [&hellip;]","og_url":"https:\/\/midsa.es\/fr\/premiere-visite-chez-le-dentiste-pediatrique\/","og_site_name":"MIDSA","article_publisher":"https:\/\/www.facebook.com\/midsaodontologiavalencia","article_published_time":"2019-01-28T10:28:03+00:00","og_image":[{"width":499,"height":499,"url":"https:\/\/midsa.es\/wp-content\/uploads\/2026\/02\/dentist.jpg","type":"image\/jpeg"}],"author":"senda_midsa","twitter_card":"summary_large_image","twitter_misc":{"\u00c9crit par":"senda_midsa","Dur\u00e9e de lecture estim\u00e9e":"2 minutes"},"schema":{"@context":"https:\/\/schema.org","@graph":[{"@type":"Article","@id":"https:\/\/midsa.es\/primera-visita-al-odontopediatra\/#article","isPartOf":{"@id":"https:\/\/midsa.es\/primera-visita-al-odontopediatra\/"},"author":{"name":"senda_midsa","@id":"https:\/\/midsa.es\/#\/schema\/person\/2c8f0a79218dad8660f4eeb9876dfee7"},"headline":"Primera visita al odontopediatra","datePublished":"2019-01-28T10:28:03+00:00","mainEntityOfPage":{"@id":"https:\/\/midsa.es\/primera-visita-al-odontopediatra\/"},"wordCount":480,"commentCount":0,"publisher":{"@id":"https:\/\/midsa.es\/#organization"},"image":{"@id":"https:\/\/midsa.es\/primera-visita-al-odontopediatra\/#primaryimage"},"thumbnailUrl":"https:\/\/midsa.es\/wp-content\/uploads\/2026\/02\/dentist.jpg","articleSection":["CONSEJOS","ODONTOPEDIATRIA"],"inLanguage":"fr-FR","potentialAction":[{"@type":"CommentAction","name":"Comment","target":["https:\/\/midsa.es\/primera-visita-al-odontopediatra\/#respond"]}]},{"@type":"WebPage","@id":"https:\/\/midsa.es\/primera-visita-al-odontopediatra\/","url":"https:\/\/midsa.es\/primera-visita-al-odontopediatra\/","name":"Premi\u00e8re visite chez le dentiste p\u00e9diatrique \u2014 MIDSA","isPartOf":{"@id":"https:\/\/midsa.es\/#website"},"primaryImageOfPage":{"@id":"https:\/\/midsa.es\/primera-visita-al-odontopediatra\/#primaryimage"},"image":{"@id":"https:\/\/midsa.es\/primera-visita-al-odontopediatra\/#primaryimage"},"thumbnailUrl":"https:\/\/midsa.es\/wp-content\/uploads\/2026\/02\/dentist.jpg","datePublished":"2019-01-28T10:28:03+00:00","breadcrumb":{"@id":"https:\/\/midsa.es\/primera-visita-al-odontopediatra\/#breadcrumb"},"inLanguage":"fr-FR","potentialAction":[{"@type":"ReadAction","target":["https:\/\/midsa.es\/primera-visita-al-odontopediatra\/"]}]},{"@type":"ImageObject","inLanguage":"fr-FR","@id":"https:\/\/midsa.es\/primera-visita-al-odontopediatra\/#primaryimage","url":"https:\/\/midsa.es\/wp-content\/uploads\/2026\/02\/dentist.jpg","contentUrl":"https:\/\/midsa.es\/wp-content\/uploads\/2026\/02\/dentist.jpg","width":499,"height":499},{"@type":"BreadcrumbList","@id":"https:\/\/midsa.es\/primera-visita-al-odontopediatra\/#breadcrumb","itemListElement":[{"@type":"ListItem","position":1,"name":"Portada","item":"https:\/\/midsa.es\/"},{"@type":"ListItem","position":2,"name":"Primera visita al odontopediatra"}]},{"@type":"WebSite","@id":"https:\/\/midsa.es\/#website","url":"https:\/\/midsa.es\/","name":"Midsa Dentistry &amp; Co","description":"Nous sommes MIDSA, une clinique dentaire situ\u00e9e dans le quartier de l&#039;Eixample \u00e0 Valence. Des soins dentaires de pointe et un accompagnement personnalis\u00e9 au c\u0153ur de Valence.","publisher":{"@id":"https:\/\/midsa.es\/#organization"},"alternateName":"Midsa Odontolog\u00eda","potentialAction":[{"@type":"SearchAction","target":{"@type":"EntryPoint","urlTemplate":"https:\/\/midsa.es\/?s={search_term_string}"},"query-input":{"@type":"PropertyValueSpecification","valueRequired":true,"valueName":"search_term_string"}}],"inLanguage":"fr-FR"},{"@type":"Organization","@id":"https:\/\/midsa.es\/#organization","name":"Midsa Dentistry &amp; Co","alternateName":"Midsa Odontolog\u00eda","url":"https:\/\/midsa.es\/","logo":{"@type":"ImageObject","inLanguage":"fr-FR","@id":"https:\/\/midsa.es\/#\/schema\/logo\/image\/","url":"https:\/\/midsa.es\/wp-content\/uploads\/2026\/03\/logo_midsa.png","contentUrl":"https:\/\/midsa.es\/wp-content\/uploads\/2026\/03\/logo_midsa.png","width":1080,"height":361,"caption":"Midsa Odontolog\u00eda & Co"},"image":{"@id":"https:\/\/midsa.es\/#\/schema\/logo\/image\/"},"sameAs":["https:\/\/www.facebook.com\/midsaodontologiavalencia","https:\/\/www.instagram.com\/midsaodontologia\/"]},{"@type":"Person","@id":"https:\/\/midsa.es\/#\/schema\/person\/2c8f0a79218dad8660f4eeb9876dfee7","name":"senda_midsa","image":{"@type":"ImageObject","inLanguage":"fr-FR","@id":"https:\/\/secure.gravatar.com\/avatar\/2ad25152d66ab68f233ff1e771f5f5b61808045f5b306f63250027046f2b84c4?s=96&d=mm&r=g","url":"https:\/\/secure.gravatar.com\/avatar\/2ad25152d66ab68f233ff1e771f5f5b61808045f5b306f63250027046f2b84c4?s=96&d=mm&r=g","contentUrl":"https:\/\/secure.gravatar.com\/avatar\/2ad25152d66ab68f233ff1e771f5f5b61808045f5b306f63250027046f2b84c4?s=96&d=mm&r=g","caption":"senda_midsa"},"sameAs":["https:\/\/midsa.es"],"url":"https:\/\/midsa.es\/fr\/author\/senda_midsa\/"}]}},"_links":{"self":[{"href":"https:\/\/midsa.es\/fr\/wp-json\/wp\/v2\/posts\/202","targetHints":{"allow":["GET"]}}],"collection":[{"href":"https:\/\/midsa.es\/fr\/wp-json\/wp\/v2\/posts"}],"about":[{"href":"https:\/\/midsa.es\/fr\/wp-json\/wp\/v2\/types\/post"}],"author":[{"embeddable":true,"href":"https:\/\/midsa.es\/fr\/wp-json\/wp\/v2\/users\/1"}],"replies":[{"embeddable":true,"href":"https:\/\/midsa.es\/fr\/wp-json\/wp\/v2\/comments?post=202"}],"version-history":[{"count":0,"href":"https:\/\/midsa.es\/fr\/wp-json\/wp\/v2\/posts\/202\/revisions"}],"wp:featuredmedia":[{"embeddable":true,"href":"https:\/\/midsa.es\/fr\/wp-json\/wp\/v2\/media\/203"}],"wp:attachment":[{"href":"https:\/\/midsa.es\/fr\/wp-json\/wp\/v2\/media?parent=202"}],"wp:term":[{"taxonomy":"category","embeddable":true,"href":"https:\/\/midsa.es\/fr\/wp-json\/wp\/v2\/categories?post=202"},{"taxonomy":"post_tag","embeddable":true,"href":"https:\/\/midsa.es\/fr\/wp-json\/wp\/v2\/tags?post=202"}],"curies":[{"name":"wp","href":"https:\/\/api.w.org\/{rel}","templated":true}]}}