{"id":200,"date":"2019-01-25T11:16:42","date_gmt":"2019-01-25T10:16:42","guid":{"rendered":"https:\/\/midsa.es\/nueva\/index.php\/2019\/01\/25\/respiracion-bucal-alergias\/"},"modified":"2019-01-25T11:16:42","modified_gmt":"2019-01-25T10:16:42","slug":"allergies-respiratoires-buccales","status":"publish","type":"post","link":"https:\/\/midsa.es\/fr\/respiracion-bucal-alergias\/","title":{"rendered":"Respiration buccale, allergies et troubles respiratoires."},"content":{"rendered":"<p>Votre enfant souffre-t-il de probl\u00e8mes respiratoires, d&#039;allergies...?<\/p>\n\n\n\n<p>Cela peut \u00eatre d\u00fb au fait de respirer par la bouche.<\/p>\n\n\n\n<p>L\u2019\u00e9tablissement d\u2019une respiration nasale d\u00e8s la naissance, avec fermeture des l\u00e8vres au repos et langue positionn\u00e9e sur le palais aussi bien pendant la d\u00e9glutition qu\u2019au repos, est d\u2019une importance vitale. <\/p>\n\n\n\n<p>Pourquoi ? Nous partageons un commentaire du Dr Wilson Arag\u00e3o sur l&#039;importance de la respiration nasale, par rapport \u00e0 la respiration buccale, pour la sant\u00e9 globale d&#039;un enfant, et m\u00eame pour celle de chacun : lors de la respiration nasale, l&#039;air qui p\u00e9n\u00e8tre dans les poumons par les narines est enrichi en larmes, qui contiennent plus de 94 \u00e9l\u00e9ments chimiques. Une fois dans les poumons, d&#039;importantes modifications m\u00e9taboliques se produisent, responsables de la production d&#039;\u00e9l\u00e9ments auto-immuns qui renforcent la r\u00e9sistance aux allergies. <\/p>\n\n\n\n<p>Lorsqu&#039;une personne respire par la bouche plut\u00f4t que par le nez, les larmes s&#039;\u00e9coulent dans les narines, irritant les muqueuses et provoquant une rhinite. De plus, comme l&#039;expiration ne se fait pas par le nez, les s\u00e9cr\u00e9tions s&#039;accumulent dans les sinus. <\/p>\n\n\n\n<p>Cet environnement, d\u00e9pourvu de l&#039;\u00e9puration naturelle assur\u00e9e par une respiration ad\u00e9quate, cr\u00e9e des conditions propices \u00e0 la prolif\u00e9ration bact\u00e9rienne et, par cons\u00e9quent, \u00e0 des infections telles que sinusite, otite et masto\u00efdite. Inhal\u00e9 par la bouche, l&#039;air n&#039;est ni humidifi\u00e9, ni filtr\u00e9, ni \u00e0 une temp\u00e9rature stable. Ceci irrite les bronches et les bronchioles, d\u00e9clenchant bronchite et asthme. <\/p>\n\n\n\n<p>Lorsqu&#039;une personne respire par la bouche, elle ne peut pas mastiquer bilat\u00e9ralement, c&#039;est-\u00e0-dire en alternant les c\u00f4t\u00e9s de la dentition, car elle doit laisser passer l&#039;air pendant qu&#039;elle mange. De ce fait, sa mastication devient unilat\u00e9rale. Cette mastication unilat\u00e9rale entra\u00eene une hypertrophie et un raccourcissement des muscles du cou, de la ceinture scapulaire (omoplate et clavicule) et de l&#039;arri\u00e8re de la t\u00eate. Il en r\u00e9sulte une \u00e9l\u00e9vation de l&#039;\u00e9paule du c\u00f4t\u00e9 de la mastication, cr\u00e9ant un effet domino. <\/p>\n\n\n\n<p>Au fil des ann\u00e9es, cela entra\u00eene une d\u00e9viation posturale, aboutissant \u00e0 une scoliose. L&#039;hypertrophie musculaire d&#039;un seul c\u00f4t\u00e9 provoque une rotation anormale de la t\u00eate, affectant l&#039;ensemble des os du cr\u00e2ne. Ce d\u00e9salignement entra\u00eene la compression des nerfs cr\u00e2niens, causant des maux de t\u00eate et des migraines chroniques.<\/p>\n\n\n\n<p>Un enfant qui respire par la bouche est souvent <strong>\u00e9tiquetage erron\u00e9<\/strong>. Si vous soup\u00e7onnez que votre enfant respire par la bouche, n&#039;h\u00e9sitez pas \u00e0 nous contacter et nous vous conseillerons sur le traitement le plus appropri\u00e9.<\/p>","protected":false},"excerpt":{"rendered":"<p>\u00bfTu hijo sufre problemas respiratorios alergias&#8230;.? Puede estar causado por que sea respirador bucal. Instaurar desde el nacimiento la RESPIRACI\u00d3N NASAL, con sellado labial en [&hellip;]<\/p>\n","protected":false},"author":1,"featured_media":201,"comment_status":"open","ping_status":"open","sticky":false,"template":"","format":"standard","meta":{"_acf_changed":false,"footnotes":""},"categories":[6,7],"tags":[],"class_list":["post-200","post","type-post","status-publish","format-standard","has-post-thumbnail","hentry","category-odontopediatria","category-ortodoncia-miofuncional"],"acf":[],"yoast_head":"<!-- This site is optimized with the Yoast SEO plugin v27.5 - https:\/\/yoast.com\/product\/yoast-seo-wordpress\/ -->\n<title>Respiraci\u00f3n bucal, alergias y trastornos respiratorios. &#8212; MIDSA<\/title>\n<meta name=\"robots\" content=\"index, follow, max-snippet:-1, max-image-preview:large, max-video-preview:-1\" \/>\n<link rel=\"canonical\" href=\"https:\/\/midsa.es\/fr\/allergies-respiratoires-buccales\/\" \/>\n<meta property=\"og:locale\" content=\"fr_FR\" \/>\n<meta property=\"og:type\" content=\"article\" \/>\n<meta property=\"og:title\" content=\"Respiraci\u00f3n bucal, alergias y trastornos respiratorios. &#8212; MIDSA\" \/>\n<meta property=\"og:description\" content=\"\u00bfTu hijo sufre problemas respiratorios alergias&#8230;.? Puede estar causado por que sea respirador bucal. Instaurar desde el nacimiento la RESPIRACI\u00d3N NASAL, con sellado labial en [&hellip;]\" \/>\n<meta property=\"og:url\" content=\"https:\/\/midsa.es\/fr\/allergies-respiratoires-buccales\/\" \/>\n<meta property=\"og:site_name\" content=\"MIDSA\" \/>\n<meta property=\"article:publisher\" content=\"https:\/\/www.facebook.com\/midsaodontologiavalencia\" \/>\n<meta property=\"article:published_time\" content=\"2019-01-25T10:16:42+00:00\" \/>\n<meta property=\"og:image\" content=\"https:\/\/midsa.es\/wp-content\/uploads\/2026\/02\/Flores-de-Bach-para-ninos.jpg\" \/>\n\t<meta property=\"og:image:width\" content=\"590\" \/>\n\t<meta property=\"og:image:height\" content=\"279\" \/>\n\t<meta property=\"og:image:type\" content=\"image\/jpeg\" \/>\n<meta name=\"author\" content=\"senda_midsa\" \/>\n<meta name=\"twitter:card\" content=\"summary_large_image\" \/>\n<meta name=\"twitter:label1\" content=\"\u00c9crit par\" \/>\n\t<meta name=\"twitter:data1\" content=\"senda_midsa\" \/>\n\t<meta name=\"twitter:label2\" content=\"Dur\u00e9e de lecture estim\u00e9e\" \/>\n\t<meta name=\"twitter:data2\" content=\"2 minutes\" \/>\n<script type=\"application\/ld+json\" class=\"yoast-schema-graph\">{\"@context\":\"https:\\\/\\\/schema.org\",\"@graph\":[{\"@type\":\"Article\",\"@id\":\"https:\\\/\\\/midsa.es\\\/respiracion-bucal-alergias\\\/#article\",\"isPartOf\":{\"@id\":\"https:\\\/\\\/midsa.es\\\/respiracion-bucal-alergias\\\/\"},\"author\":{\"name\":\"senda_midsa\",\"@id\":\"https:\\\/\\\/midsa.es\\\/#\\\/schema\\\/person\\\/2c8f0a79218dad8660f4eeb9876dfee7\"},\"headline\":\"Respiraci\u00f3n bucal, alergias y trastornos respiratorios.\",\"datePublished\":\"2019-01-25T10:16:42+00:00\",\"mainEntityOfPage\":{\"@id\":\"https:\\\/\\\/midsa.es\\\/respiracion-bucal-alergias\\\/\"},\"wordCount\":455,\"commentCount\":0,\"publisher\":{\"@id\":\"https:\\\/\\\/midsa.es\\\/#organization\"},\"image\":{\"@id\":\"https:\\\/\\\/midsa.es\\\/respiracion-bucal-alergias\\\/#primaryimage\"},\"thumbnailUrl\":\"https:\\\/\\\/midsa.es\\\/wp-content\\\/uploads\\\/2026\\\/02\\\/Flores-de-Bach-para-ninos.jpg\",\"articleSection\":[\"ODONTOPEDIATRIA\",\"ORTODONCIA MIOFUNCIONAL\"],\"inLanguage\":\"fr-FR\",\"potentialAction\":[{\"@type\":\"CommentAction\",\"name\":\"Comment\",\"target\":[\"https:\\\/\\\/midsa.es\\\/respiracion-bucal-alergias\\\/#respond\"]}]},{\"@type\":\"WebPage\",\"@id\":\"https:\\\/\\\/midsa.es\\\/respiracion-bucal-alergias\\\/\",\"url\":\"https:\\\/\\\/midsa.es\\\/respiracion-bucal-alergias\\\/\",\"name\":\"Respiraci\u00f3n bucal, alergias y trastornos respiratorios. &#8212; MIDSA\",\"isPartOf\":{\"@id\":\"https:\\\/\\\/midsa.es\\\/#website\"},\"primaryImageOfPage\":{\"@id\":\"https:\\\/\\\/midsa.es\\\/respiracion-bucal-alergias\\\/#primaryimage\"},\"image\":{\"@id\":\"https:\\\/\\\/midsa.es\\\/respiracion-bucal-alergias\\\/#primaryimage\"},\"thumbnailUrl\":\"https:\\\/\\\/midsa.es\\\/wp-content\\\/uploads\\\/2026\\\/02\\\/Flores-de-Bach-para-ninos.jpg\",\"datePublished\":\"2019-01-25T10:16:42+00:00\",\"breadcrumb\":{\"@id\":\"https:\\\/\\\/midsa.es\\\/respiracion-bucal-alergias\\\/#breadcrumb\"},\"inLanguage\":\"fr-FR\",\"potentialAction\":[{\"@type\":\"ReadAction\",\"target\":[\"https:\\\/\\\/midsa.es\\\/respiracion-bucal-alergias\\\/\"]}]},{\"@type\":\"ImageObject\",\"inLanguage\":\"fr-FR\",\"@id\":\"https:\\\/\\\/midsa.es\\\/respiracion-bucal-alergias\\\/#primaryimage\",\"url\":\"https:\\\/\\\/midsa.es\\\/wp-content\\\/uploads\\\/2026\\\/02\\\/Flores-de-Bach-para-ninos.jpg\",\"contentUrl\":\"https:\\\/\\\/midsa.es\\\/wp-content\\\/uploads\\\/2026\\\/02\\\/Flores-de-Bach-para-ninos.jpg\",\"width\":590,\"height\":279},{\"@type\":\"BreadcrumbList\",\"@id\":\"https:\\\/\\\/midsa.es\\\/respiracion-bucal-alergias\\\/#breadcrumb\",\"itemListElement\":[{\"@type\":\"ListItem\",\"position\":1,\"name\":\"Portada\",\"item\":\"https:\\\/\\\/midsa.es\\\/\"},{\"@type\":\"ListItem\",\"position\":2,\"name\":\"Respiraci\u00f3n bucal, alergias y trastornos respiratorios.\"}]},{\"@type\":\"WebSite\",\"@id\":\"https:\\\/\\\/midsa.es\\\/#website\",\"url\":\"https:\\\/\\\/midsa.es\\\/\",\"name\":\"Midsa Odontolog\u00eda & Co\",\"description\":\"Somos MIDSA, Cl\u00ednica Dental en L&#039;Eixample, Valencia. Odontolog\u00eda avanzada con trato cercano en el coraz\u00f3n de Valencia.\",\"publisher\":{\"@id\":\"https:\\\/\\\/midsa.es\\\/#organization\"},\"alternateName\":\"Midsa Odontolog\u00eda\",\"potentialAction\":[{\"@type\":\"SearchAction\",\"target\":{\"@type\":\"EntryPoint\",\"urlTemplate\":\"https:\\\/\\\/midsa.es\\\/?s={search_term_string}\"},\"query-input\":{\"@type\":\"PropertyValueSpecification\",\"valueRequired\":true,\"valueName\":\"search_term_string\"}}],\"inLanguage\":\"fr-FR\"},{\"@type\":\"Organization\",\"@id\":\"https:\\\/\\\/midsa.es\\\/#organization\",\"name\":\"Midsa Odontolog\u00eda & Co\",\"alternateName\":\"Midsa Odontolog\u00eda\",\"url\":\"https:\\\/\\\/midsa.es\\\/\",\"logo\":{\"@type\":\"ImageObject\",\"inLanguage\":\"fr-FR\",\"@id\":\"https:\\\/\\\/midsa.es\\\/#\\\/schema\\\/logo\\\/image\\\/\",\"url\":\"https:\\\/\\\/midsa.es\\\/wp-content\\\/uploads\\\/2026\\\/03\\\/logo_midsa.png\",\"contentUrl\":\"https:\\\/\\\/midsa.es\\\/wp-content\\\/uploads\\\/2026\\\/03\\\/logo_midsa.png\",\"width\":1080,\"height\":361,\"caption\":\"Midsa Odontolog\u00eda & Co\"},\"image\":{\"@id\":\"https:\\\/\\\/midsa.es\\\/#\\\/schema\\\/logo\\\/image\\\/\"},\"sameAs\":[\"https:\\\/\\\/www.facebook.com\\\/midsaodontologiavalencia\",\"https:\\\/\\\/www.instagram.com\\\/midsaodontologia\\\/\"]},{\"@type\":\"Person\",\"@id\":\"https:\\\/\\\/midsa.es\\\/#\\\/schema\\\/person\\\/2c8f0a79218dad8660f4eeb9876dfee7\",\"name\":\"senda_midsa\",\"image\":{\"@type\":\"ImageObject\",\"inLanguage\":\"fr-FR\",\"@id\":\"https:\\\/\\\/secure.gravatar.com\\\/avatar\\\/2ad25152d66ab68f233ff1e771f5f5b61808045f5b306f63250027046f2b84c4?s=96&d=mm&r=g\",\"url\":\"https:\\\/\\\/secure.gravatar.com\\\/avatar\\\/2ad25152d66ab68f233ff1e771f5f5b61808045f5b306f63250027046f2b84c4?s=96&d=mm&r=g\",\"contentUrl\":\"https:\\\/\\\/secure.gravatar.com\\\/avatar\\\/2ad25152d66ab68f233ff1e771f5f5b61808045f5b306f63250027046f2b84c4?s=96&d=mm&r=g\",\"caption\":\"senda_midsa\"},\"sameAs\":[\"https:\\\/\\\/midsa.es\"],\"url\":\"https:\\\/\\\/midsa.es\\\/fr\\\/author\\\/senda_midsa\\\/\"}]}<\/script>\n<!-- \/ Yoast SEO plugin. -->","yoast_head_json":{"title":"Respiration buccale, allergies et troubles respiratoires. \u2014 MIDSA","robots":{"index":"index","follow":"follow","max-snippet":"max-snippet:-1","max-image-preview":"max-image-preview:large","max-video-preview":"max-video-preview:-1"},"canonical":"https:\/\/midsa.es\/fr\/allergies-respiratoires-buccales\/","og_locale":"fr_FR","og_type":"article","og_title":"Respiraci\u00f3n bucal, alergias y trastornos respiratorios. &#8212; MIDSA","og_description":"\u00bfTu hijo sufre problemas respiratorios alergias&#8230;.? Puede estar causado por que sea respirador bucal. Instaurar desde el nacimiento la RESPIRACI\u00d3N NASAL, con sellado labial en [&hellip;]","og_url":"https:\/\/midsa.es\/fr\/allergies-respiratoires-buccales\/","og_site_name":"MIDSA","article_publisher":"https:\/\/www.facebook.com\/midsaodontologiavalencia","article_published_time":"2019-01-25T10:16:42+00:00","og_image":[{"width":590,"height":279,"url":"https:\/\/midsa.es\/wp-content\/uploads\/2026\/02\/Flores-de-Bach-para-ninos.jpg","type":"image\/jpeg"}],"author":"senda_midsa","twitter_card":"summary_large_image","twitter_misc":{"\u00c9crit par":"senda_midsa","Dur\u00e9e de lecture estim\u00e9e":"2 minutes"},"schema":{"@context":"https:\/\/schema.org","@graph":[{"@type":"Article","@id":"https:\/\/midsa.es\/respiracion-bucal-alergias\/#article","isPartOf":{"@id":"https:\/\/midsa.es\/respiracion-bucal-alergias\/"},"author":{"name":"senda_midsa","@id":"https:\/\/midsa.es\/#\/schema\/person\/2c8f0a79218dad8660f4eeb9876dfee7"},"headline":"Respiraci\u00f3n bucal, alergias y trastornos respiratorios.","datePublished":"2019-01-25T10:16:42+00:00","mainEntityOfPage":{"@id":"https:\/\/midsa.es\/respiracion-bucal-alergias\/"},"wordCount":455,"commentCount":0,"publisher":{"@id":"https:\/\/midsa.es\/#organization"},"image":{"@id":"https:\/\/midsa.es\/respiracion-bucal-alergias\/#primaryimage"},"thumbnailUrl":"https:\/\/midsa.es\/wp-content\/uploads\/2026\/02\/Flores-de-Bach-para-ninos.jpg","articleSection":["ODONTOPEDIATRIA","ORTODONCIA MIOFUNCIONAL"],"inLanguage":"fr-FR","potentialAction":[{"@type":"CommentAction","name":"Comment","target":["https:\/\/midsa.es\/respiracion-bucal-alergias\/#respond"]}]},{"@type":"WebPage","@id":"https:\/\/midsa.es\/respiracion-bucal-alergias\/","url":"https:\/\/midsa.es\/respiracion-bucal-alergias\/","name":"Respiration buccale, allergies et troubles respiratoires. \u2014 MIDSA","isPartOf":{"@id":"https:\/\/midsa.es\/#website"},"primaryImageOfPage":{"@id":"https:\/\/midsa.es\/respiracion-bucal-alergias\/#primaryimage"},"image":{"@id":"https:\/\/midsa.es\/respiracion-bucal-alergias\/#primaryimage"},"thumbnailUrl":"https:\/\/midsa.es\/wp-content\/uploads\/2026\/02\/Flores-de-Bach-para-ninos.jpg","datePublished":"2019-01-25T10:16:42+00:00","breadcrumb":{"@id":"https:\/\/midsa.es\/respiracion-bucal-alergias\/#breadcrumb"},"inLanguage":"fr-FR","potentialAction":[{"@type":"ReadAction","target":["https:\/\/midsa.es\/respiracion-bucal-alergias\/"]}]},{"@type":"ImageObject","inLanguage":"fr-FR","@id":"https:\/\/midsa.es\/respiracion-bucal-alergias\/#primaryimage","url":"https:\/\/midsa.es\/wp-content\/uploads\/2026\/02\/Flores-de-Bach-para-ninos.jpg","contentUrl":"https:\/\/midsa.es\/wp-content\/uploads\/2026\/02\/Flores-de-Bach-para-ninos.jpg","width":590,"height":279},{"@type":"BreadcrumbList","@id":"https:\/\/midsa.es\/respiracion-bucal-alergias\/#breadcrumb","itemListElement":[{"@type":"ListItem","position":1,"name":"Portada","item":"https:\/\/midsa.es\/"},{"@type":"ListItem","position":2,"name":"Respiraci\u00f3n bucal, alergias y trastornos respiratorios."}]},{"@type":"WebSite","@id":"https:\/\/midsa.es\/#website","url":"https:\/\/midsa.es\/","name":"Midsa Dentistry &amp; Co","description":"Nous sommes MIDSA, une clinique dentaire situ\u00e9e dans le quartier de l&#039;Eixample \u00e0 Valence. Des soins dentaires de pointe et un accompagnement personnalis\u00e9 au c\u0153ur de Valence.","publisher":{"@id":"https:\/\/midsa.es\/#organization"},"alternateName":"Midsa Odontolog\u00eda","potentialAction":[{"@type":"SearchAction","target":{"@type":"EntryPoint","urlTemplate":"https:\/\/midsa.es\/?s={search_term_string}"},"query-input":{"@type":"PropertyValueSpecification","valueRequired":true,"valueName":"search_term_string"}}],"inLanguage":"fr-FR"},{"@type":"Organization","@id":"https:\/\/midsa.es\/#organization","name":"Midsa Dentistry &amp; Co","alternateName":"Midsa Odontolog\u00eda","url":"https:\/\/midsa.es\/","logo":{"@type":"ImageObject","inLanguage":"fr-FR","@id":"https:\/\/midsa.es\/#\/schema\/logo\/image\/","url":"https:\/\/midsa.es\/wp-content\/uploads\/2026\/03\/logo_midsa.png","contentUrl":"https:\/\/midsa.es\/wp-content\/uploads\/2026\/03\/logo_midsa.png","width":1080,"height":361,"caption":"Midsa Odontolog\u00eda & Co"},"image":{"@id":"https:\/\/midsa.es\/#\/schema\/logo\/image\/"},"sameAs":["https:\/\/www.facebook.com\/midsaodontologiavalencia","https:\/\/www.instagram.com\/midsaodontologia\/"]},{"@type":"Person","@id":"https:\/\/midsa.es\/#\/schema\/person\/2c8f0a79218dad8660f4eeb9876dfee7","name":"senda_midsa","image":{"@type":"ImageObject","inLanguage":"fr-FR","@id":"https:\/\/secure.gravatar.com\/avatar\/2ad25152d66ab68f233ff1e771f5f5b61808045f5b306f63250027046f2b84c4?s=96&d=mm&r=g","url":"https:\/\/secure.gravatar.com\/avatar\/2ad25152d66ab68f233ff1e771f5f5b61808045f5b306f63250027046f2b84c4?s=96&d=mm&r=g","contentUrl":"https:\/\/secure.gravatar.com\/avatar\/2ad25152d66ab68f233ff1e771f5f5b61808045f5b306f63250027046f2b84c4?s=96&d=mm&r=g","caption":"senda_midsa"},"sameAs":["https:\/\/midsa.es"],"url":"https:\/\/midsa.es\/fr\/author\/senda_midsa\/"}]}},"_links":{"self":[{"href":"https:\/\/midsa.es\/fr\/wp-json\/wp\/v2\/posts\/200","targetHints":{"allow":["GET"]}}],"collection":[{"href":"https:\/\/midsa.es\/fr\/wp-json\/wp\/v2\/posts"}],"about":[{"href":"https:\/\/midsa.es\/fr\/wp-json\/wp\/v2\/types\/post"}],"author":[{"embeddable":true,"href":"https:\/\/midsa.es\/fr\/wp-json\/wp\/v2\/users\/1"}],"replies":[{"embeddable":true,"href":"https:\/\/midsa.es\/fr\/wp-json\/wp\/v2\/comments?post=200"}],"version-history":[{"count":0,"href":"https:\/\/midsa.es\/fr\/wp-json\/wp\/v2\/posts\/200\/revisions"}],"wp:featuredmedia":[{"embeddable":true,"href":"https:\/\/midsa.es\/fr\/wp-json\/wp\/v2\/media\/201"}],"wp:attachment":[{"href":"https:\/\/midsa.es\/fr\/wp-json\/wp\/v2\/media?parent=200"}],"wp:term":[{"taxonomy":"category","embeddable":true,"href":"https:\/\/midsa.es\/fr\/wp-json\/wp\/v2\/categories?post=200"},{"taxonomy":"post_tag","embeddable":true,"href":"https:\/\/midsa.es\/fr\/wp-json\/wp\/v2\/tags?post=200"}],"curies":[{"name":"wp","href":"https:\/\/api.w.org\/{rel}","templated":true}]}}