{"id":198,"date":"2019-01-17T10:44:57","date_gmt":"2019-01-17T09:44:57","guid":{"rendered":"https:\/\/midsa.es\/nueva\/index.php\/2019\/01\/17\/respiracion-bucal-problemas-posturales\/"},"modified":"2019-01-17T10:44:57","modified_gmt":"2019-01-17T09:44:57","slug":"problemes-posturaux-lies-a-la-respiration-buccale","status":"publish","type":"post","link":"https:\/\/midsa.es\/fr\/respiracion-bucal-problemas-posturales\/","title":{"rendered":"Respiration buccale, malocclusion et probl\u00e8mes posturaux"},"content":{"rendered":"<p>La respiration est l&#039;une des fonctions vitales de l&#039;organisme. Physiologiquement, elle s&#039;effectue par le nez, assurant ainsi la croissance et le d\u00e9veloppement normaux du complexe craniofacial. Une simple obstruction m\u00e9canique des voies respiratoires suffit \u00e0 contraindre une personne \u00e0 respirer par la bouche afin de maintenir ses fonctions vitales. Le syndrome de respiration buccale survient lorsqu&#039;un enfant remplace sa respiration nasale par une respiration mixte. <\/p>\n\n\n\n<p>La respiration nasale est essentielle et favorise une croissance et un d\u00e9veloppement cranio-faciaux harmonieux, en interaction avec d&#039;autres fonctions comme la mastication et la d\u00e9glutition. La respiration buccale est une pathologie qui prive l&#039;individu de tous les bienfaits de la respiration nasale. Le nez filtre, r\u00e9chauffe et humidifie l&#039;air inhal\u00e9 avant m\u00eame qu&#039;il n&#039;atteigne les poumons, et participe \u00e9galement \u00e0 l&#039;odorat et \u00e0 la r\u00e9sonance sonore lors de la phonation. <\/p>\n\n\n\n<p>Lorsqu&#039;une personne respire par le nez, l&#039;ensemble du syst\u00e8me stomatognathique fonctionne normalement. Cela signifie que la proprioception des membranes parodontales et dentaires, ainsi que des articulations temporo-mandibulaires (ATM), envoie des messages au syst\u00e8me nerveux central indiquant qu&#039;ils fonctionnent dans des conditions normales, avec une pression interne inf\u00e9rieure \u00e0 la pression atmosph\u00e9rique, qui correspond \u00e0 la pression externe. Ce fonctionnement en pression inf\u00e9rieure \u00e0 la pression atmosph\u00e9rique permet une \u00e9tanch\u00e9it\u00e9 des l\u00e8vres, maintenue \u00e0 chaque d\u00e9glutition. Lors de l&#039;alimentation, \u00e0 chaque aliment introduit dans la bouche, les l\u00e8vres se scellent et une mastication bilat\u00e9rale, synchrone et harmonieuse commence.<\/p>\n\n\n\n<p>Lorsque nous respirons par la bouche, des probl\u00e8mes posturaux et faciaux apparaissent, car la t\u00eate est inclin\u00e9e vers l&#039;avant pour compenser le flux d&#039;air restreint et permettre \u00e0 l&#039;air de traverser le pharynx. Si la respiration buccale devient chronique, que ce soit par habitude ou \u00e0 cause d&#039;une obstruction nasale, de nombreuses modifications morphologiques surviennent, compromettant la croissance et le d\u00e9veloppement de l&#039;enfant.<\/p>\n\n\n\n<p>Si vous et votre enfant souffrez de respiration buccale, n&#039;h\u00e9sitez pas \u00e0 prendre rendez-vous avec nous et nous vous aiderons.<\/p>","protected":false},"excerpt":{"rendered":"<p>La respiraci\u00f3n es una de las funciones principales del cuerpo, y ocurre fisiol\u00f3gicamente a trav\u00e9s de la nariz, proporcionando crecimiento y el desarrollo normal del [&hellip;]<\/p>\n","protected":false},"author":1,"featured_media":199,"comment_status":"open","ping_status":"open","sticky":false,"template":"","format":"standard","meta":{"_acf_changed":false,"footnotes":""},"categories":[7],"tags":[],"class_list":["post-198","post","type-post","status-publish","format-standard","has-post-thumbnail","hentry","category-ortodoncia-miofuncional"],"acf":[],"yoast_head":"<!-- This site is optimized with the Yoast SEO plugin v27.4 - https:\/\/yoast.com\/product\/yoast-seo-wordpress\/ -->\n<title>Respiraci\u00f3n bucal, maloclusi\u00f3n y problemas posturales &#8212; MIDSA<\/title>\n<meta name=\"robots\" content=\"index, follow, max-snippet:-1, max-image-preview:large, max-video-preview:-1\" \/>\n<link rel=\"canonical\" href=\"https:\/\/midsa.es\/fr\/problemes-posturaux-lies-a-la-respiration-buccale\/\" \/>\n<meta property=\"og:locale\" content=\"fr_FR\" \/>\n<meta property=\"og:type\" content=\"article\" \/>\n<meta property=\"og:title\" content=\"Respiraci\u00f3n bucal, maloclusi\u00f3n y problemas posturales &#8212; MIDSA\" \/>\n<meta property=\"og:description\" content=\"La respiraci\u00f3n es una de las funciones principales del cuerpo, y ocurre fisiol\u00f3gicamente a trav\u00e9s de la nariz, proporcionando crecimiento y el desarrollo normal del [&hellip;]\" \/>\n<meta property=\"og:url\" content=\"https:\/\/midsa.es\/fr\/problemes-posturaux-lies-a-la-respiration-buccale\/\" \/>\n<meta property=\"og:site_name\" content=\"MIDSA\" \/>\n<meta property=\"article:publisher\" content=\"https:\/\/www.facebook.com\/midsaodontologiavalencia\" \/>\n<meta property=\"article:published_time\" content=\"2019-01-17T09:44:57+00:00\" \/>\n<meta property=\"og:image\" content=\"https:\/\/midsa.es\/wp-content\/uploads\/2026\/02\/sunrise.jpg\" \/>\n\t<meta property=\"og:image:width\" content=\"1080\" \/>\n\t<meta property=\"og:image:height\" content=\"1080\" \/>\n\t<meta property=\"og:image:type\" content=\"image\/jpeg\" \/>\n<meta name=\"author\" content=\"senda_midsa\" \/>\n<meta name=\"twitter:card\" content=\"summary_large_image\" \/>\n<meta name=\"twitter:label1\" content=\"\u00c9crit par\" \/>\n\t<meta name=\"twitter:data1\" content=\"senda_midsa\" \/>\n\t<meta name=\"twitter:label2\" content=\"Dur\u00e9e de lecture estim\u00e9e\" \/>\n\t<meta name=\"twitter:data2\" content=\"2 minutes\" \/>\n<script type=\"application\/ld+json\" class=\"yoast-schema-graph\">{\"@context\":\"https:\\\/\\\/schema.org\",\"@graph\":[{\"@type\":\"Article\",\"@id\":\"https:\\\/\\\/midsa.es\\\/respiracion-bucal-problemas-posturales\\\/#article\",\"isPartOf\":{\"@id\":\"https:\\\/\\\/midsa.es\\\/respiracion-bucal-problemas-posturales\\\/\"},\"author\":{\"name\":\"senda_midsa\",\"@id\":\"https:\\\/\\\/midsa.es\\\/#\\\/schema\\\/person\\\/2c8f0a79218dad8660f4eeb9876dfee7\"},\"headline\":\"Respiraci\u00f3n bucal, maloclusi\u00f3n y problemas posturales\",\"datePublished\":\"2019-01-17T09:44:57+00:00\",\"mainEntityOfPage\":{\"@id\":\"https:\\\/\\\/midsa.es\\\/respiracion-bucal-problemas-posturales\\\/\"},\"wordCount\":391,\"commentCount\":0,\"publisher\":{\"@id\":\"https:\\\/\\\/midsa.es\\\/#organization\"},\"image\":{\"@id\":\"https:\\\/\\\/midsa.es\\\/respiracion-bucal-problemas-posturales\\\/#primaryimage\"},\"thumbnailUrl\":\"https:\\\/\\\/midsa.es\\\/wp-content\\\/uploads\\\/2026\\\/02\\\/sunrise.jpg\",\"articleSection\":[\"ORTODONCIA MIOFUNCIONAL\"],\"inLanguage\":\"fr-FR\",\"potentialAction\":[{\"@type\":\"CommentAction\",\"name\":\"Comment\",\"target\":[\"https:\\\/\\\/midsa.es\\\/respiracion-bucal-problemas-posturales\\\/#respond\"]}]},{\"@type\":\"WebPage\",\"@id\":\"https:\\\/\\\/midsa.es\\\/respiracion-bucal-problemas-posturales\\\/\",\"url\":\"https:\\\/\\\/midsa.es\\\/respiracion-bucal-problemas-posturales\\\/\",\"name\":\"Respiraci\u00f3n bucal, maloclusi\u00f3n y problemas posturales &#8212; MIDSA\",\"isPartOf\":{\"@id\":\"https:\\\/\\\/midsa.es\\\/#website\"},\"primaryImageOfPage\":{\"@id\":\"https:\\\/\\\/midsa.es\\\/respiracion-bucal-problemas-posturales\\\/#primaryimage\"},\"image\":{\"@id\":\"https:\\\/\\\/midsa.es\\\/respiracion-bucal-problemas-posturales\\\/#primaryimage\"},\"thumbnailUrl\":\"https:\\\/\\\/midsa.es\\\/wp-content\\\/uploads\\\/2026\\\/02\\\/sunrise.jpg\",\"datePublished\":\"2019-01-17T09:44:57+00:00\",\"breadcrumb\":{\"@id\":\"https:\\\/\\\/midsa.es\\\/respiracion-bucal-problemas-posturales\\\/#breadcrumb\"},\"inLanguage\":\"fr-FR\",\"potentialAction\":[{\"@type\":\"ReadAction\",\"target\":[\"https:\\\/\\\/midsa.es\\\/respiracion-bucal-problemas-posturales\\\/\"]}]},{\"@type\":\"ImageObject\",\"inLanguage\":\"fr-FR\",\"@id\":\"https:\\\/\\\/midsa.es\\\/respiracion-bucal-problemas-posturales\\\/#primaryimage\",\"url\":\"https:\\\/\\\/midsa.es\\\/wp-content\\\/uploads\\\/2026\\\/02\\\/sunrise.jpg\",\"contentUrl\":\"https:\\\/\\\/midsa.es\\\/wp-content\\\/uploads\\\/2026\\\/02\\\/sunrise.jpg\",\"width\":1080,\"height\":1080},{\"@type\":\"BreadcrumbList\",\"@id\":\"https:\\\/\\\/midsa.es\\\/respiracion-bucal-problemas-posturales\\\/#breadcrumb\",\"itemListElement\":[{\"@type\":\"ListItem\",\"position\":1,\"name\":\"Portada\",\"item\":\"https:\\\/\\\/midsa.es\\\/\"},{\"@type\":\"ListItem\",\"position\":2,\"name\":\"Respiraci\u00f3n bucal, maloclusi\u00f3n y problemas posturales\"}]},{\"@type\":\"WebSite\",\"@id\":\"https:\\\/\\\/midsa.es\\\/#website\",\"url\":\"https:\\\/\\\/midsa.es\\\/\",\"name\":\"Midsa Odontolog\u00eda & Co\",\"description\":\"Somos MIDSA, Cl\u00ednica Dental en L&#039;Eixample, Valencia. Odontolog\u00eda avanzada con trato cercano en el coraz\u00f3n de Valencia.\",\"publisher\":{\"@id\":\"https:\\\/\\\/midsa.es\\\/#organization\"},\"alternateName\":\"Midsa Odontolog\u00eda\",\"potentialAction\":[{\"@type\":\"SearchAction\",\"target\":{\"@type\":\"EntryPoint\",\"urlTemplate\":\"https:\\\/\\\/midsa.es\\\/?s={search_term_string}\"},\"query-input\":{\"@type\":\"PropertyValueSpecification\",\"valueRequired\":true,\"valueName\":\"search_term_string\"}}],\"inLanguage\":\"fr-FR\"},{\"@type\":\"Organization\",\"@id\":\"https:\\\/\\\/midsa.es\\\/#organization\",\"name\":\"Midsa Odontolog\u00eda & Co\",\"alternateName\":\"Midsa Odontolog\u00eda\",\"url\":\"https:\\\/\\\/midsa.es\\\/\",\"logo\":{\"@type\":\"ImageObject\",\"inLanguage\":\"fr-FR\",\"@id\":\"https:\\\/\\\/midsa.es\\\/#\\\/schema\\\/logo\\\/image\\\/\",\"url\":\"https:\\\/\\\/midsa.es\\\/wp-content\\\/uploads\\\/2026\\\/03\\\/logo_midsa.png\",\"contentUrl\":\"https:\\\/\\\/midsa.es\\\/wp-content\\\/uploads\\\/2026\\\/03\\\/logo_midsa.png\",\"width\":1080,\"height\":361,\"caption\":\"Midsa Odontolog\u00eda & Co\"},\"image\":{\"@id\":\"https:\\\/\\\/midsa.es\\\/#\\\/schema\\\/logo\\\/image\\\/\"},\"sameAs\":[\"https:\\\/\\\/www.facebook.com\\\/midsaodontologiavalencia\",\"https:\\\/\\\/www.instagram.com\\\/midsaodontologia\\\/\"]},{\"@type\":\"Person\",\"@id\":\"https:\\\/\\\/midsa.es\\\/#\\\/schema\\\/person\\\/2c8f0a79218dad8660f4eeb9876dfee7\",\"name\":\"senda_midsa\",\"image\":{\"@type\":\"ImageObject\",\"inLanguage\":\"fr-FR\",\"@id\":\"https:\\\/\\\/secure.gravatar.com\\\/avatar\\\/2ad25152d66ab68f233ff1e771f5f5b61808045f5b306f63250027046f2b84c4?s=96&d=mm&r=g\",\"url\":\"https:\\\/\\\/secure.gravatar.com\\\/avatar\\\/2ad25152d66ab68f233ff1e771f5f5b61808045f5b306f63250027046f2b84c4?s=96&d=mm&r=g\",\"contentUrl\":\"https:\\\/\\\/secure.gravatar.com\\\/avatar\\\/2ad25152d66ab68f233ff1e771f5f5b61808045f5b306f63250027046f2b84c4?s=96&d=mm&r=g\",\"caption\":\"senda_midsa\"},\"sameAs\":[\"https:\\\/\\\/midsa.es\"],\"url\":\"https:\\\/\\\/midsa.es\\\/fr\\\/author\\\/senda_midsa\\\/\"}]}<\/script>\n<!-- \/ Yoast SEO plugin. -->","yoast_head_json":{"title":"Respiration buccale, malocclusion et probl\u00e8mes posturaux \u2014 MIDSA","robots":{"index":"index","follow":"follow","max-snippet":"max-snippet:-1","max-image-preview":"max-image-preview:large","max-video-preview":"max-video-preview:-1"},"canonical":"https:\/\/midsa.es\/fr\/problemes-posturaux-lies-a-la-respiration-buccale\/","og_locale":"fr_FR","og_type":"article","og_title":"Respiraci\u00f3n bucal, maloclusi\u00f3n y problemas posturales &#8212; MIDSA","og_description":"La respiraci\u00f3n es una de las funciones principales del cuerpo, y ocurre fisiol\u00f3gicamente a trav\u00e9s de la nariz, proporcionando crecimiento y el desarrollo normal del [&hellip;]","og_url":"https:\/\/midsa.es\/fr\/problemes-posturaux-lies-a-la-respiration-buccale\/","og_site_name":"MIDSA","article_publisher":"https:\/\/www.facebook.com\/midsaodontologiavalencia","article_published_time":"2019-01-17T09:44:57+00:00","og_image":[{"width":1080,"height":1080,"url":"https:\/\/midsa.es\/wp-content\/uploads\/2026\/02\/sunrise.jpg","type":"image\/jpeg"}],"author":"senda_midsa","twitter_card":"summary_large_image","twitter_misc":{"\u00c9crit par":"senda_midsa","Dur\u00e9e de lecture estim\u00e9e":"2 minutes"},"schema":{"@context":"https:\/\/schema.org","@graph":[{"@type":"Article","@id":"https:\/\/midsa.es\/respiracion-bucal-problemas-posturales\/#article","isPartOf":{"@id":"https:\/\/midsa.es\/respiracion-bucal-problemas-posturales\/"},"author":{"name":"senda_midsa","@id":"https:\/\/midsa.es\/#\/schema\/person\/2c8f0a79218dad8660f4eeb9876dfee7"},"headline":"Respiraci\u00f3n bucal, maloclusi\u00f3n y problemas posturales","datePublished":"2019-01-17T09:44:57+00:00","mainEntityOfPage":{"@id":"https:\/\/midsa.es\/respiracion-bucal-problemas-posturales\/"},"wordCount":391,"commentCount":0,"publisher":{"@id":"https:\/\/midsa.es\/#organization"},"image":{"@id":"https:\/\/midsa.es\/respiracion-bucal-problemas-posturales\/#primaryimage"},"thumbnailUrl":"https:\/\/midsa.es\/wp-content\/uploads\/2026\/02\/sunrise.jpg","articleSection":["ORTODONCIA MIOFUNCIONAL"],"inLanguage":"fr-FR","potentialAction":[{"@type":"CommentAction","name":"Comment","target":["https:\/\/midsa.es\/respiracion-bucal-problemas-posturales\/#respond"]}]},{"@type":"WebPage","@id":"https:\/\/midsa.es\/respiracion-bucal-problemas-posturales\/","url":"https:\/\/midsa.es\/respiracion-bucal-problemas-posturales\/","name":"Respiration buccale, malocclusion et probl\u00e8mes posturaux \u2014 MIDSA","isPartOf":{"@id":"https:\/\/midsa.es\/#website"},"primaryImageOfPage":{"@id":"https:\/\/midsa.es\/respiracion-bucal-problemas-posturales\/#primaryimage"},"image":{"@id":"https:\/\/midsa.es\/respiracion-bucal-problemas-posturales\/#primaryimage"},"thumbnailUrl":"https:\/\/midsa.es\/wp-content\/uploads\/2026\/02\/sunrise.jpg","datePublished":"2019-01-17T09:44:57+00:00","breadcrumb":{"@id":"https:\/\/midsa.es\/respiracion-bucal-problemas-posturales\/#breadcrumb"},"inLanguage":"fr-FR","potentialAction":[{"@type":"ReadAction","target":["https:\/\/midsa.es\/respiracion-bucal-problemas-posturales\/"]}]},{"@type":"ImageObject","inLanguage":"fr-FR","@id":"https:\/\/midsa.es\/respiracion-bucal-problemas-posturales\/#primaryimage","url":"https:\/\/midsa.es\/wp-content\/uploads\/2026\/02\/sunrise.jpg","contentUrl":"https:\/\/midsa.es\/wp-content\/uploads\/2026\/02\/sunrise.jpg","width":1080,"height":1080},{"@type":"BreadcrumbList","@id":"https:\/\/midsa.es\/respiracion-bucal-problemas-posturales\/#breadcrumb","itemListElement":[{"@type":"ListItem","position":1,"name":"Portada","item":"https:\/\/midsa.es\/"},{"@type":"ListItem","position":2,"name":"Respiraci\u00f3n bucal, maloclusi\u00f3n y problemas posturales"}]},{"@type":"WebSite","@id":"https:\/\/midsa.es\/#website","url":"https:\/\/midsa.es\/","name":"Midsa Dentistry &amp; Co","description":"Nous sommes MIDSA, une clinique dentaire situ\u00e9e dans le quartier de l&#039;Eixample \u00e0 Valence. Des soins dentaires de pointe et un accompagnement personnalis\u00e9 au c\u0153ur de Valence.","publisher":{"@id":"https:\/\/midsa.es\/#organization"},"alternateName":"Midsa Odontolog\u00eda","potentialAction":[{"@type":"SearchAction","target":{"@type":"EntryPoint","urlTemplate":"https:\/\/midsa.es\/?s={search_term_string}"},"query-input":{"@type":"PropertyValueSpecification","valueRequired":true,"valueName":"search_term_string"}}],"inLanguage":"fr-FR"},{"@type":"Organization","@id":"https:\/\/midsa.es\/#organization","name":"Midsa Dentistry &amp; Co","alternateName":"Midsa Odontolog\u00eda","url":"https:\/\/midsa.es\/","logo":{"@type":"ImageObject","inLanguage":"fr-FR","@id":"https:\/\/midsa.es\/#\/schema\/logo\/image\/","url":"https:\/\/midsa.es\/wp-content\/uploads\/2026\/03\/logo_midsa.png","contentUrl":"https:\/\/midsa.es\/wp-content\/uploads\/2026\/03\/logo_midsa.png","width":1080,"height":361,"caption":"Midsa Odontolog\u00eda & Co"},"image":{"@id":"https:\/\/midsa.es\/#\/schema\/logo\/image\/"},"sameAs":["https:\/\/www.facebook.com\/midsaodontologiavalencia","https:\/\/www.instagram.com\/midsaodontologia\/"]},{"@type":"Person","@id":"https:\/\/midsa.es\/#\/schema\/person\/2c8f0a79218dad8660f4eeb9876dfee7","name":"senda_midsa","image":{"@type":"ImageObject","inLanguage":"fr-FR","@id":"https:\/\/secure.gravatar.com\/avatar\/2ad25152d66ab68f233ff1e771f5f5b61808045f5b306f63250027046f2b84c4?s=96&d=mm&r=g","url":"https:\/\/secure.gravatar.com\/avatar\/2ad25152d66ab68f233ff1e771f5f5b61808045f5b306f63250027046f2b84c4?s=96&d=mm&r=g","contentUrl":"https:\/\/secure.gravatar.com\/avatar\/2ad25152d66ab68f233ff1e771f5f5b61808045f5b306f63250027046f2b84c4?s=96&d=mm&r=g","caption":"senda_midsa"},"sameAs":["https:\/\/midsa.es"],"url":"https:\/\/midsa.es\/fr\/author\/senda_midsa\/"}]}},"_links":{"self":[{"href":"https:\/\/midsa.es\/fr\/wp-json\/wp\/v2\/posts\/198","targetHints":{"allow":["GET"]}}],"collection":[{"href":"https:\/\/midsa.es\/fr\/wp-json\/wp\/v2\/posts"}],"about":[{"href":"https:\/\/midsa.es\/fr\/wp-json\/wp\/v2\/types\/post"}],"author":[{"embeddable":true,"href":"https:\/\/midsa.es\/fr\/wp-json\/wp\/v2\/users\/1"}],"replies":[{"embeddable":true,"href":"https:\/\/midsa.es\/fr\/wp-json\/wp\/v2\/comments?post=198"}],"version-history":[{"count":0,"href":"https:\/\/midsa.es\/fr\/wp-json\/wp\/v2\/posts\/198\/revisions"}],"wp:featuredmedia":[{"embeddable":true,"href":"https:\/\/midsa.es\/fr\/wp-json\/wp\/v2\/media\/199"}],"wp:attachment":[{"href":"https:\/\/midsa.es\/fr\/wp-json\/wp\/v2\/media?parent=198"}],"wp:term":[{"taxonomy":"category","embeddable":true,"href":"https:\/\/midsa.es\/fr\/wp-json\/wp\/v2\/categories?post=198"},{"taxonomy":"post_tag","embeddable":true,"href":"https:\/\/midsa.es\/fr\/wp-json\/wp\/v2\/tags?post=198"}],"curies":[{"name":"wp","href":"https:\/\/api.w.org\/{rel}","templated":true}]}}