{"id":176,"date":"2018-10-15T09:01:16","date_gmt":"2018-10-15T07:01:16","guid":{"rendered":"https:\/\/midsa.es\/nueva\/index.php\/2018\/10\/15\/2018-10-periodontitis-algo-muy-serio\/"},"modified":"2018-10-15T09:01:16","modified_gmt":"2018-10-15T07:01:16","slug":"2018-10-parodontite-quelque-chose-de-tres-grave","status":"publish","type":"post","link":"https:\/\/midsa.es\/fr\/2018-10-periodontitis-algo-muy-serio\/","title":{"rendered":"La parodontite, une maladie tr\u00e8s grave."},"content":{"rendered":"<p>La gingivite et la parodontite (pyorrh\u00e9e) sont des maladies tr\u00e8s fr\u00e9quentes caus\u00e9es par des bact\u00e9ries buccales transmissibles d&#039;une personne \u00e0 l&#039;autre. Si ces bact\u00e9ries ne sont pas correctement \u00e9limin\u00e9es, elles affectent les gencives et provoquent une inflammation. Cette inflammation s&#039;\u00e9tend ensuite sous la gencive et d\u00e9truit l&#039;os et les tissus de soutien des dents, entra\u00eenant une mobilit\u00e9 et une perte dentaires, ainsi que d&#039;\u00e9ventuelles inflammations dans d&#039;autres parties du corps.<\/p>\n\n\n\n<p>Le <strong>sympt\u00f4mes<\/strong> Ils sont clairs :<\/p>\n\n\n\n<p>\u2022 Rougeur des gencives.<\/p>\n\n\n\n<p>\u2022 Saignements des gencives lors du brossage. (Les saignements des gencives sont toujours un sympt\u00f4me de maladie). Remarque\u00a0: Les fumeurs ne saignent pas, m\u00eame en cas d\u2019infection.<\/p>\n\n\n\n<p>\u2022 R\u00e9cession gingivale avec sensation de dents plus longues.<\/p>\n\n\n\n<p>\u2022 Sensibilit\u00e9 dentaire accrue au froid.<\/p>\n\n\n\n<p>\u2022 Apparition d\u2019abc\u00e8s et de phlegmons douloureux au niveau des gencives.<\/p>\n\n\n\n<p>\u2022 Mobilit\u00e9 et d\u00e9placement des dents.<\/p>\n\n\n\n<p><strong>Que dois-je faire si j&#039;ai une parodontite ?<\/strong><\/p>\n\n\n\n<p>La premi\u00e8re r\u00e9action devrait \u00eatre de consid\u00e9rer que nous sommes confront\u00e9s \u00e0 un <strong>probl\u00e8me dentaire tr\u00e8s grave<\/strong>, Mais cette affection se soigne, et plus vous consultez un parodontiste t\u00f4t, plus le traitement sera efficace. Un examen clinique, radiologique et parfois microbiologique approfondi fournira les informations n\u00e9cessaires \u00e0 l&#039;\u00e9laboration d&#039;un plan de traitement sp\u00e9cifique et efficace. Une fois diagnostiqu\u00e9e, la gingivite ou la parodontite se soigne gr\u00e2ce \u00e0 un traitement parodontal rigoureux, parfois compl\u00e9t\u00e9 par des m\u00e9dicaments sp\u00e9cifiques. Les nouvelles techniques microchirurgicales permettent un traitement plus pr\u00e9cis et moins invasif, ce qui r\u00e9duit consid\u00e9rablement la dur\u00e9e de la convalescence.<\/p>","protected":false},"excerpt":{"rendered":"<p>La gingivitis y la periodontitis (piorrea), son enfermedades muy frecuentes producidas por bacterias que tenemos en la boca y que nos podemos transmitir unos a [&hellip;]<\/p>\n","protected":false},"author":1,"featured_media":177,"comment_status":"open","ping_status":"open","sticky":false,"template":"","format":"standard","meta":{"_acf_changed":false,"footnotes":""},"categories":[3,5],"tags":[],"class_list":["post-176","post","type-post","status-publish","format-standard","has-post-thumbnail","hentry","category-articulos-salud-bucal","category-consejos"],"acf":[],"yoast_head":"<!-- This site is optimized with the Yoast SEO plugin v27.5 - https:\/\/yoast.com\/product\/yoast-seo-wordpress\/ -->\n<title>Periodontitis, algo muy serio. &#8212; MIDSA<\/title>\n<meta name=\"robots\" content=\"index, follow, max-snippet:-1, max-image-preview:large, max-video-preview:-1\" \/>\n<link rel=\"canonical\" href=\"https:\/\/midsa.es\/fr\/2018-10-parodontite-quelque-chose-de-tres-grave\/\" \/>\n<meta property=\"og:locale\" content=\"fr_FR\" \/>\n<meta property=\"og:type\" content=\"article\" \/>\n<meta property=\"og:title\" content=\"Periodontitis, algo muy serio. &#8212; MIDSA\" \/>\n<meta property=\"og:description\" content=\"La gingivitis y la periodontitis (piorrea), son enfermedades muy frecuentes producidas por bacterias que tenemos en la boca y que nos podemos transmitir unos a [&hellip;]\" \/>\n<meta property=\"og:url\" content=\"https:\/\/midsa.es\/fr\/2018-10-parodontite-quelque-chose-de-tres-grave\/\" \/>\n<meta property=\"og:site_name\" content=\"MIDSA\" \/>\n<meta property=\"article:publisher\" content=\"https:\/\/www.facebook.com\/midsaodontologiavalencia\" \/>\n<meta property=\"article:published_time\" content=\"2018-10-15T07:01:16+00:00\" \/>\n<meta property=\"og:image\" content=\"https:\/\/midsa.es\/wp-content\/uploads\/2026\/02\/periodontitis-1.png\" \/>\n\t<meta property=\"og:image:width\" content=\"826\" \/>\n\t<meta property=\"og:image:height\" content=\"462\" \/>\n\t<meta property=\"og:image:type\" content=\"image\/png\" \/>\n<meta name=\"author\" content=\"senda_midsa\" \/>\n<meta name=\"twitter:card\" content=\"summary_large_image\" \/>\n<meta name=\"twitter:label1\" content=\"\u00c9crit par\" \/>\n\t<meta name=\"twitter:data1\" content=\"senda_midsa\" \/>\n\t<meta name=\"twitter:label2\" content=\"Dur\u00e9e de lecture estim\u00e9e\" \/>\n\t<meta name=\"twitter:data2\" content=\"1 minute\" \/>\n<script type=\"application\/ld+json\" class=\"yoast-schema-graph\">{\"@context\":\"https:\\\/\\\/schema.org\",\"@graph\":[{\"@type\":\"Article\",\"@id\":\"https:\\\/\\\/midsa.es\\\/2018-10-periodontitis-algo-muy-serio\\\/#article\",\"isPartOf\":{\"@id\":\"https:\\\/\\\/midsa.es\\\/2018-10-periodontitis-algo-muy-serio\\\/\"},\"author\":{\"name\":\"senda_midsa\",\"@id\":\"https:\\\/\\\/midsa.es\\\/#\\\/schema\\\/person\\\/2c8f0a79218dad8660f4eeb9876dfee7\"},\"headline\":\"Periodontitis, algo muy serio.\",\"datePublished\":\"2018-10-15T07:01:16+00:00\",\"mainEntityOfPage\":{\"@id\":\"https:\\\/\\\/midsa.es\\\/2018-10-periodontitis-algo-muy-serio\\\/\"},\"wordCount\":282,\"commentCount\":0,\"publisher\":{\"@id\":\"https:\\\/\\\/midsa.es\\\/#organization\"},\"image\":{\"@id\":\"https:\\\/\\\/midsa.es\\\/2018-10-periodontitis-algo-muy-serio\\\/#primaryimage\"},\"thumbnailUrl\":\"https:\\\/\\\/midsa.es\\\/wp-content\\\/uploads\\\/2026\\\/02\\\/periodontitis-1.png\",\"articleSection\":[\"ARTICULOS SALUD BUCAL\",\"CONSEJOS\"],\"inLanguage\":\"fr-FR\",\"potentialAction\":[{\"@type\":\"CommentAction\",\"name\":\"Comment\",\"target\":[\"https:\\\/\\\/midsa.es\\\/2018-10-periodontitis-algo-muy-serio\\\/#respond\"]}]},{\"@type\":\"WebPage\",\"@id\":\"https:\\\/\\\/midsa.es\\\/2018-10-periodontitis-algo-muy-serio\\\/\",\"url\":\"https:\\\/\\\/midsa.es\\\/2018-10-periodontitis-algo-muy-serio\\\/\",\"name\":\"Periodontitis, algo muy serio. &#8212; MIDSA\",\"isPartOf\":{\"@id\":\"https:\\\/\\\/midsa.es\\\/#website\"},\"primaryImageOfPage\":{\"@id\":\"https:\\\/\\\/midsa.es\\\/2018-10-periodontitis-algo-muy-serio\\\/#primaryimage\"},\"image\":{\"@id\":\"https:\\\/\\\/midsa.es\\\/2018-10-periodontitis-algo-muy-serio\\\/#primaryimage\"},\"thumbnailUrl\":\"https:\\\/\\\/midsa.es\\\/wp-content\\\/uploads\\\/2026\\\/02\\\/periodontitis-1.png\",\"datePublished\":\"2018-10-15T07:01:16+00:00\",\"breadcrumb\":{\"@id\":\"https:\\\/\\\/midsa.es\\\/2018-10-periodontitis-algo-muy-serio\\\/#breadcrumb\"},\"inLanguage\":\"fr-FR\",\"potentialAction\":[{\"@type\":\"ReadAction\",\"target\":[\"https:\\\/\\\/midsa.es\\\/2018-10-periodontitis-algo-muy-serio\\\/\"]}]},{\"@type\":\"ImageObject\",\"inLanguage\":\"fr-FR\",\"@id\":\"https:\\\/\\\/midsa.es\\\/2018-10-periodontitis-algo-muy-serio\\\/#primaryimage\",\"url\":\"https:\\\/\\\/midsa.es\\\/wp-content\\\/uploads\\\/2026\\\/02\\\/periodontitis-1.png\",\"contentUrl\":\"https:\\\/\\\/midsa.es\\\/wp-content\\\/uploads\\\/2026\\\/02\\\/periodontitis-1.png\",\"width\":826,\"height\":462},{\"@type\":\"BreadcrumbList\",\"@id\":\"https:\\\/\\\/midsa.es\\\/2018-10-periodontitis-algo-muy-serio\\\/#breadcrumb\",\"itemListElement\":[{\"@type\":\"ListItem\",\"position\":1,\"name\":\"Portada\",\"item\":\"https:\\\/\\\/midsa.es\\\/\"},{\"@type\":\"ListItem\",\"position\":2,\"name\":\"Periodontitis, algo muy serio.\"}]},{\"@type\":\"WebSite\",\"@id\":\"https:\\\/\\\/midsa.es\\\/#website\",\"url\":\"https:\\\/\\\/midsa.es\\\/\",\"name\":\"Midsa Odontolog\u00eda & Co\",\"description\":\"Somos MIDSA, Cl\u00ednica Dental en L&#039;Eixample, Valencia. Odontolog\u00eda avanzada con trato cercano en el coraz\u00f3n de Valencia.\",\"publisher\":{\"@id\":\"https:\\\/\\\/midsa.es\\\/#organization\"},\"alternateName\":\"Midsa Odontolog\u00eda\",\"potentialAction\":[{\"@type\":\"SearchAction\",\"target\":{\"@type\":\"EntryPoint\",\"urlTemplate\":\"https:\\\/\\\/midsa.es\\\/?s={search_term_string}\"},\"query-input\":{\"@type\":\"PropertyValueSpecification\",\"valueRequired\":true,\"valueName\":\"search_term_string\"}}],\"inLanguage\":\"fr-FR\"},{\"@type\":\"Organization\",\"@id\":\"https:\\\/\\\/midsa.es\\\/#organization\",\"name\":\"Midsa Odontolog\u00eda & Co\",\"alternateName\":\"Midsa Odontolog\u00eda\",\"url\":\"https:\\\/\\\/midsa.es\\\/\",\"logo\":{\"@type\":\"ImageObject\",\"inLanguage\":\"fr-FR\",\"@id\":\"https:\\\/\\\/midsa.es\\\/#\\\/schema\\\/logo\\\/image\\\/\",\"url\":\"https:\\\/\\\/midsa.es\\\/wp-content\\\/uploads\\\/2026\\\/03\\\/logo_midsa.png\",\"contentUrl\":\"https:\\\/\\\/midsa.es\\\/wp-content\\\/uploads\\\/2026\\\/03\\\/logo_midsa.png\",\"width\":1080,\"height\":361,\"caption\":\"Midsa Odontolog\u00eda & Co\"},\"image\":{\"@id\":\"https:\\\/\\\/midsa.es\\\/#\\\/schema\\\/logo\\\/image\\\/\"},\"sameAs\":[\"https:\\\/\\\/www.facebook.com\\\/midsaodontologiavalencia\",\"https:\\\/\\\/www.instagram.com\\\/midsaodontologia\\\/\"]},{\"@type\":\"Person\",\"@id\":\"https:\\\/\\\/midsa.es\\\/#\\\/schema\\\/person\\\/2c8f0a79218dad8660f4eeb9876dfee7\",\"name\":\"senda_midsa\",\"image\":{\"@type\":\"ImageObject\",\"inLanguage\":\"fr-FR\",\"@id\":\"https:\\\/\\\/secure.gravatar.com\\\/avatar\\\/2ad25152d66ab68f233ff1e771f5f5b61808045f5b306f63250027046f2b84c4?s=96&d=mm&r=g\",\"url\":\"https:\\\/\\\/secure.gravatar.com\\\/avatar\\\/2ad25152d66ab68f233ff1e771f5f5b61808045f5b306f63250027046f2b84c4?s=96&d=mm&r=g\",\"contentUrl\":\"https:\\\/\\\/secure.gravatar.com\\\/avatar\\\/2ad25152d66ab68f233ff1e771f5f5b61808045f5b306f63250027046f2b84c4?s=96&d=mm&r=g\",\"caption\":\"senda_midsa\"},\"sameAs\":[\"https:\\\/\\\/midsa.es\"],\"url\":\"https:\\\/\\\/midsa.es\\\/fr\\\/author\\\/senda_midsa\\\/\"}]}<\/script>\n<!-- \/ Yoast SEO plugin. -->","yoast_head_json":{"title":"La parodontite, une maladie tr\u00e8s grave. \u2014 MIDSA","robots":{"index":"index","follow":"follow","max-snippet":"max-snippet:-1","max-image-preview":"max-image-preview:large","max-video-preview":"max-video-preview:-1"},"canonical":"https:\/\/midsa.es\/fr\/2018-10-parodontite-quelque-chose-de-tres-grave\/","og_locale":"fr_FR","og_type":"article","og_title":"Periodontitis, algo muy serio. &#8212; MIDSA","og_description":"La gingivitis y la periodontitis (piorrea), son enfermedades muy frecuentes producidas por bacterias que tenemos en la boca y que nos podemos transmitir unos a [&hellip;]","og_url":"https:\/\/midsa.es\/fr\/2018-10-parodontite-quelque-chose-de-tres-grave\/","og_site_name":"MIDSA","article_publisher":"https:\/\/www.facebook.com\/midsaodontologiavalencia","article_published_time":"2018-10-15T07:01:16+00:00","og_image":[{"width":826,"height":462,"url":"https:\/\/midsa.es\/wp-content\/uploads\/2026\/02\/periodontitis-1.png","type":"image\/png"}],"author":"senda_midsa","twitter_card":"summary_large_image","twitter_misc":{"\u00c9crit par":"senda_midsa","Dur\u00e9e de lecture estim\u00e9e":"1 minute"},"schema":{"@context":"https:\/\/schema.org","@graph":[{"@type":"Article","@id":"https:\/\/midsa.es\/2018-10-periodontitis-algo-muy-serio\/#article","isPartOf":{"@id":"https:\/\/midsa.es\/2018-10-periodontitis-algo-muy-serio\/"},"author":{"name":"senda_midsa","@id":"https:\/\/midsa.es\/#\/schema\/person\/2c8f0a79218dad8660f4eeb9876dfee7"},"headline":"Periodontitis, algo muy serio.","datePublished":"2018-10-15T07:01:16+00:00","mainEntityOfPage":{"@id":"https:\/\/midsa.es\/2018-10-periodontitis-algo-muy-serio\/"},"wordCount":282,"commentCount":0,"publisher":{"@id":"https:\/\/midsa.es\/#organization"},"image":{"@id":"https:\/\/midsa.es\/2018-10-periodontitis-algo-muy-serio\/#primaryimage"},"thumbnailUrl":"https:\/\/midsa.es\/wp-content\/uploads\/2026\/02\/periodontitis-1.png","articleSection":["ARTICULOS SALUD BUCAL","CONSEJOS"],"inLanguage":"fr-FR","potentialAction":[{"@type":"CommentAction","name":"Comment","target":["https:\/\/midsa.es\/2018-10-periodontitis-algo-muy-serio\/#respond"]}]},{"@type":"WebPage","@id":"https:\/\/midsa.es\/2018-10-periodontitis-algo-muy-serio\/","url":"https:\/\/midsa.es\/2018-10-periodontitis-algo-muy-serio\/","name":"La parodontite, une maladie tr\u00e8s grave. \u2014 MIDSA","isPartOf":{"@id":"https:\/\/midsa.es\/#website"},"primaryImageOfPage":{"@id":"https:\/\/midsa.es\/2018-10-periodontitis-algo-muy-serio\/#primaryimage"},"image":{"@id":"https:\/\/midsa.es\/2018-10-periodontitis-algo-muy-serio\/#primaryimage"},"thumbnailUrl":"https:\/\/midsa.es\/wp-content\/uploads\/2026\/02\/periodontitis-1.png","datePublished":"2018-10-15T07:01:16+00:00","breadcrumb":{"@id":"https:\/\/midsa.es\/2018-10-periodontitis-algo-muy-serio\/#breadcrumb"},"inLanguage":"fr-FR","potentialAction":[{"@type":"ReadAction","target":["https:\/\/midsa.es\/2018-10-periodontitis-algo-muy-serio\/"]}]},{"@type":"ImageObject","inLanguage":"fr-FR","@id":"https:\/\/midsa.es\/2018-10-periodontitis-algo-muy-serio\/#primaryimage","url":"https:\/\/midsa.es\/wp-content\/uploads\/2026\/02\/periodontitis-1.png","contentUrl":"https:\/\/midsa.es\/wp-content\/uploads\/2026\/02\/periodontitis-1.png","width":826,"height":462},{"@type":"BreadcrumbList","@id":"https:\/\/midsa.es\/2018-10-periodontitis-algo-muy-serio\/#breadcrumb","itemListElement":[{"@type":"ListItem","position":1,"name":"Portada","item":"https:\/\/midsa.es\/"},{"@type":"ListItem","position":2,"name":"Periodontitis, algo muy serio."}]},{"@type":"WebSite","@id":"https:\/\/midsa.es\/#website","url":"https:\/\/midsa.es\/","name":"Midsa Dentistry &amp; Co","description":"Nous sommes MIDSA, une clinique dentaire situ\u00e9e dans le quartier de l&#039;Eixample \u00e0 Valence. Des soins dentaires de pointe et un accompagnement personnalis\u00e9 au c\u0153ur de Valence.","publisher":{"@id":"https:\/\/midsa.es\/#organization"},"alternateName":"Midsa Odontolog\u00eda","potentialAction":[{"@type":"SearchAction","target":{"@type":"EntryPoint","urlTemplate":"https:\/\/midsa.es\/?s={search_term_string}"},"query-input":{"@type":"PropertyValueSpecification","valueRequired":true,"valueName":"search_term_string"}}],"inLanguage":"fr-FR"},{"@type":"Organization","@id":"https:\/\/midsa.es\/#organization","name":"Midsa Dentistry &amp; Co","alternateName":"Midsa Odontolog\u00eda","url":"https:\/\/midsa.es\/","logo":{"@type":"ImageObject","inLanguage":"fr-FR","@id":"https:\/\/midsa.es\/#\/schema\/logo\/image\/","url":"https:\/\/midsa.es\/wp-content\/uploads\/2026\/03\/logo_midsa.png","contentUrl":"https:\/\/midsa.es\/wp-content\/uploads\/2026\/03\/logo_midsa.png","width":1080,"height":361,"caption":"Midsa Odontolog\u00eda & Co"},"image":{"@id":"https:\/\/midsa.es\/#\/schema\/logo\/image\/"},"sameAs":["https:\/\/www.facebook.com\/midsaodontologiavalencia","https:\/\/www.instagram.com\/midsaodontologia\/"]},{"@type":"Person","@id":"https:\/\/midsa.es\/#\/schema\/person\/2c8f0a79218dad8660f4eeb9876dfee7","name":"senda_midsa","image":{"@type":"ImageObject","inLanguage":"fr-FR","@id":"https:\/\/secure.gravatar.com\/avatar\/2ad25152d66ab68f233ff1e771f5f5b61808045f5b306f63250027046f2b84c4?s=96&d=mm&r=g","url":"https:\/\/secure.gravatar.com\/avatar\/2ad25152d66ab68f233ff1e771f5f5b61808045f5b306f63250027046f2b84c4?s=96&d=mm&r=g","contentUrl":"https:\/\/secure.gravatar.com\/avatar\/2ad25152d66ab68f233ff1e771f5f5b61808045f5b306f63250027046f2b84c4?s=96&d=mm&r=g","caption":"senda_midsa"},"sameAs":["https:\/\/midsa.es"],"url":"https:\/\/midsa.es\/fr\/author\/senda_midsa\/"}]}},"_links":{"self":[{"href":"https:\/\/midsa.es\/fr\/wp-json\/wp\/v2\/posts\/176","targetHints":{"allow":["GET"]}}],"collection":[{"href":"https:\/\/midsa.es\/fr\/wp-json\/wp\/v2\/posts"}],"about":[{"href":"https:\/\/midsa.es\/fr\/wp-json\/wp\/v2\/types\/post"}],"author":[{"embeddable":true,"href":"https:\/\/midsa.es\/fr\/wp-json\/wp\/v2\/users\/1"}],"replies":[{"embeddable":true,"href":"https:\/\/midsa.es\/fr\/wp-json\/wp\/v2\/comments?post=176"}],"version-history":[{"count":0,"href":"https:\/\/midsa.es\/fr\/wp-json\/wp\/v2\/posts\/176\/revisions"}],"wp:featuredmedia":[{"embeddable":true,"href":"https:\/\/midsa.es\/fr\/wp-json\/wp\/v2\/media\/177"}],"wp:attachment":[{"href":"https:\/\/midsa.es\/fr\/wp-json\/wp\/v2\/media?parent=176"}],"wp:term":[{"taxonomy":"category","embeddable":true,"href":"https:\/\/midsa.es\/fr\/wp-json\/wp\/v2\/categories?post=176"},{"taxonomy":"post_tag","embeddable":true,"href":"https:\/\/midsa.es\/fr\/wp-json\/wp\/v2\/tags?post=176"}],"curies":[{"name":"wp","href":"https:\/\/api.w.org\/{rel}","templated":true}]}}