{"id":174,"date":"2018-10-11T07:23:42","date_gmt":"2018-10-11T05:23:42","guid":{"rendered":"https:\/\/midsa.es\/nueva\/index.php\/2018\/10\/11\/2018-10-que-hacer-para-que-tu-hijo-no-sea-respirador-bucal\/"},"modified":"2018-10-11T07:23:42","modified_gmt":"2018-10-11T05:23:42","slug":"2018-10-choses-a-faire-pour-eviter-que-votre-enfant-ne-respire-par-la-bouche","status":"publish","type":"post","link":"https:\/\/midsa.es\/fr\/2018-10-que-hacer-para-que-tu-hijo-no-sea-respirador-bucal\/","title":{"rendered":"Comment \u00e9viter que votre enfant ne respire par la bouche"},"content":{"rendered":"<p>Chez l&#039;homme, la respiration est enregistr\u00e9e neurologiquement de la naissance jusqu&#039;\u00e0 la premi\u00e8re ann\u00e9e de vie.<\/p>\n\n\n\n<p>L&#039;enregistrement a donc lieu au cours de leur premi\u00e8re ann\u00e9e de vie, lorsqu&#039;ils <strong>Inspirez et expirez par le nez.<\/strong> Lors de l&#039;allaitement, le b\u00e9b\u00e9 parvient \u00e0 une fermeture labiale parfaite tout en avalant le lait. L&#039;allaitement laisse une trace neurologique du fonctionnement des groupes musculaires de la langue, du cou et de la ceinture scapulaire. Il est important de maintenir ces comportements et de les reproduire correctement durant la premi\u00e8re ann\u00e9e de vie afin que les circuits c\u00e9r\u00e9braux se d\u00e9veloppent et arrivent \u00e0 maturit\u00e9 de fa\u00e7on optimale.<\/p>\n\n\n\n<p>C\u2019est pourquoi l\u2019allaitement maternel est recommand\u00e9, si possible, aussi longtemps que possible. Il devrait \u00eatre bilat\u00e9ral (temps \u00e9gal pass\u00e9 au sein droit et au sein gauche) pour un bon d\u00e9veloppement bilat\u00e9ral du visage, du syst\u00e8me nerveux et du cerveau du b\u00e9b\u00e9.<\/p>\n\n\n\n<p>Au bout de 6 mois, il est temps d&#039;introduire l&#039;alimentation compl\u00e9mentaire, mais le b\u00e9b\u00e9 doit continuer \u00e0 \u00eatre allait\u00e9 au sein jusqu&#039;\u00e0 l&#039;\u00e2ge de 2 ans, voire plus.<\/p>\n\n\n\n<p>Il devrait l&#039;\u00eatre <strong>\u00c9vitez d&#039;utiliser des biberons et des sucettes.<\/strong>, afin que notre enfant ne devienne pas un respirateur buccal, avec tous les probl\u00e8mes que cela implique\u00a0: rhinite, otite, sinusite, perte auditive, amygdalite (r\u00e9cidivante), asthme, apn\u00e9e du sommeil, ronflements, crises d\u2019\u00e9pilepsie, bruxisme, malocclusions, entre autres.<\/p>\n\n\n\n<p>Si votre enfant souffre de respiration buccale, nous pouvons vous aider, appelez-nous pour prendre rendez-vous.<\/p>","protected":false},"excerpt":{"rendered":"<p>En el ser humano, la respiraci\u00f3n tiene desde el nacimiento hasta el primer a\u00f1o de vida, para su registro neurol\u00f3gico. Por lo tanto, en su [&hellip;]<\/p>\n","protected":false},"author":1,"featured_media":175,"comment_status":"open","ping_status":"open","sticky":false,"template":"","format":"standard","meta":{"_acf_changed":false,"footnotes":""},"categories":[3,6],"tags":[],"class_list":["post-174","post","type-post","status-publish","format-standard","has-post-thumbnail","hentry","category-articulos-salud-bucal","category-odontopediatria"],"acf":[],"yoast_head":"<!-- This site is optimized with the Yoast SEO plugin v27.5 - https:\/\/yoast.com\/product\/yoast-seo-wordpress\/ -->\n<title>Como evitar que tu hijo sea respirador bucal &#8212; MIDSA<\/title>\n<meta name=\"robots\" content=\"index, follow, max-snippet:-1, max-image-preview:large, max-video-preview:-1\" \/>\n<link rel=\"canonical\" href=\"https:\/\/midsa.es\/fr\/2018-10-choses-a-faire-pour-eviter-que-votre-enfant-ne-respire-par-la-bouche\/\" \/>\n<meta property=\"og:locale\" content=\"fr_FR\" \/>\n<meta property=\"og:type\" content=\"article\" \/>\n<meta property=\"og:title\" content=\"Como evitar que tu hijo sea respirador bucal &#8212; MIDSA\" \/>\n<meta property=\"og:description\" content=\"En el ser humano, la respiraci\u00f3n tiene desde el nacimiento hasta el primer a\u00f1o de vida, para su registro neurol\u00f3gico. Por lo tanto, en su [&hellip;]\" \/>\n<meta property=\"og:url\" content=\"https:\/\/midsa.es\/fr\/2018-10-choses-a-faire-pour-eviter-que-votre-enfant-ne-respire-par-la-bouche\/\" \/>\n<meta property=\"og:site_name\" content=\"MIDSA\" \/>\n<meta property=\"article:publisher\" content=\"https:\/\/www.facebook.com\/midsaodontologiavalencia\" \/>\n<meta property=\"article:published_time\" content=\"2018-10-11T05:23:42+00:00\" \/>\n<meta property=\"og:image\" content=\"https:\/\/midsa.es\/wp-content\/uploads\/2026\/02\/como-evitar-q-tu-hijo-sea-respirador-bucal-1.jpg\" \/>\n\t<meta property=\"og:image:width\" content=\"826\" \/>\n\t<meta property=\"og:image:height\" content=\"462\" \/>\n\t<meta property=\"og:image:type\" content=\"image\/jpeg\" \/>\n<meta name=\"author\" content=\"senda_midsa\" \/>\n<meta name=\"twitter:card\" content=\"summary_large_image\" \/>\n<meta name=\"twitter:label1\" content=\"\u00c9crit par\" \/>\n\t<meta name=\"twitter:data1\" content=\"senda_midsa\" \/>\n\t<meta name=\"twitter:label2\" content=\"Dur\u00e9e de lecture estim\u00e9e\" \/>\n\t<meta name=\"twitter:data2\" content=\"1 minute\" \/>\n<script type=\"application\/ld+json\" class=\"yoast-schema-graph\">{\"@context\":\"https:\\\/\\\/schema.org\",\"@graph\":[{\"@type\":\"Article\",\"@id\":\"https:\\\/\\\/midsa.es\\\/2018-10-que-hacer-para-que-tu-hijo-no-sea-respirador-bucal\\\/#article\",\"isPartOf\":{\"@id\":\"https:\\\/\\\/midsa.es\\\/2018-10-que-hacer-para-que-tu-hijo-no-sea-respirador-bucal\\\/\"},\"author\":{\"name\":\"senda_midsa\",\"@id\":\"https:\\\/\\\/midsa.es\\\/#\\\/schema\\\/person\\\/2c8f0a79218dad8660f4eeb9876dfee7\"},\"headline\":\"Como evitar que tu hijo sea respirador bucal\",\"datePublished\":\"2018-10-11T05:23:42+00:00\",\"mainEntityOfPage\":{\"@id\":\"https:\\\/\\\/midsa.es\\\/2018-10-que-hacer-para-que-tu-hijo-no-sea-respirador-bucal\\\/\"},\"wordCount\":256,\"commentCount\":0,\"publisher\":{\"@id\":\"https:\\\/\\\/midsa.es\\\/#organization\"},\"image\":{\"@id\":\"https:\\\/\\\/midsa.es\\\/2018-10-que-hacer-para-que-tu-hijo-no-sea-respirador-bucal\\\/#primaryimage\"},\"thumbnailUrl\":\"https:\\\/\\\/midsa.es\\\/wp-content\\\/uploads\\\/2026\\\/02\\\/como-evitar-q-tu-hijo-sea-respirador-bucal-1.jpg\",\"articleSection\":[\"ARTICULOS SALUD BUCAL\",\"ODONTOPEDIATRIA\"],\"inLanguage\":\"fr-FR\",\"potentialAction\":[{\"@type\":\"CommentAction\",\"name\":\"Comment\",\"target\":[\"https:\\\/\\\/midsa.es\\\/2018-10-que-hacer-para-que-tu-hijo-no-sea-respirador-bucal\\\/#respond\"]}]},{\"@type\":\"WebPage\",\"@id\":\"https:\\\/\\\/midsa.es\\\/2018-10-que-hacer-para-que-tu-hijo-no-sea-respirador-bucal\\\/\",\"url\":\"https:\\\/\\\/midsa.es\\\/2018-10-que-hacer-para-que-tu-hijo-no-sea-respirador-bucal\\\/\",\"name\":\"Como evitar que tu hijo sea respirador bucal &#8212; MIDSA\",\"isPartOf\":{\"@id\":\"https:\\\/\\\/midsa.es\\\/#website\"},\"primaryImageOfPage\":{\"@id\":\"https:\\\/\\\/midsa.es\\\/2018-10-que-hacer-para-que-tu-hijo-no-sea-respirador-bucal\\\/#primaryimage\"},\"image\":{\"@id\":\"https:\\\/\\\/midsa.es\\\/2018-10-que-hacer-para-que-tu-hijo-no-sea-respirador-bucal\\\/#primaryimage\"},\"thumbnailUrl\":\"https:\\\/\\\/midsa.es\\\/wp-content\\\/uploads\\\/2026\\\/02\\\/como-evitar-q-tu-hijo-sea-respirador-bucal-1.jpg\",\"datePublished\":\"2018-10-11T05:23:42+00:00\",\"breadcrumb\":{\"@id\":\"https:\\\/\\\/midsa.es\\\/2018-10-que-hacer-para-que-tu-hijo-no-sea-respirador-bucal\\\/#breadcrumb\"},\"inLanguage\":\"fr-FR\",\"potentialAction\":[{\"@type\":\"ReadAction\",\"target\":[\"https:\\\/\\\/midsa.es\\\/2018-10-que-hacer-para-que-tu-hijo-no-sea-respirador-bucal\\\/\"]}]},{\"@type\":\"ImageObject\",\"inLanguage\":\"fr-FR\",\"@id\":\"https:\\\/\\\/midsa.es\\\/2018-10-que-hacer-para-que-tu-hijo-no-sea-respirador-bucal\\\/#primaryimage\",\"url\":\"https:\\\/\\\/midsa.es\\\/wp-content\\\/uploads\\\/2026\\\/02\\\/como-evitar-q-tu-hijo-sea-respirador-bucal-1.jpg\",\"contentUrl\":\"https:\\\/\\\/midsa.es\\\/wp-content\\\/uploads\\\/2026\\\/02\\\/como-evitar-q-tu-hijo-sea-respirador-bucal-1.jpg\",\"width\":826,\"height\":462},{\"@type\":\"BreadcrumbList\",\"@id\":\"https:\\\/\\\/midsa.es\\\/2018-10-que-hacer-para-que-tu-hijo-no-sea-respirador-bucal\\\/#breadcrumb\",\"itemListElement\":[{\"@type\":\"ListItem\",\"position\":1,\"name\":\"Portada\",\"item\":\"https:\\\/\\\/midsa.es\\\/\"},{\"@type\":\"ListItem\",\"position\":2,\"name\":\"Como evitar que tu hijo sea respirador bucal\"}]},{\"@type\":\"WebSite\",\"@id\":\"https:\\\/\\\/midsa.es\\\/#website\",\"url\":\"https:\\\/\\\/midsa.es\\\/\",\"name\":\"Midsa Odontolog\u00eda & Co\",\"description\":\"Somos MIDSA, Cl\u00ednica Dental en L&#039;Eixample, Valencia. Odontolog\u00eda avanzada con trato cercano en el coraz\u00f3n de Valencia.\",\"publisher\":{\"@id\":\"https:\\\/\\\/midsa.es\\\/#organization\"},\"alternateName\":\"Midsa Odontolog\u00eda\",\"potentialAction\":[{\"@type\":\"SearchAction\",\"target\":{\"@type\":\"EntryPoint\",\"urlTemplate\":\"https:\\\/\\\/midsa.es\\\/?s={search_term_string}\"},\"query-input\":{\"@type\":\"PropertyValueSpecification\",\"valueRequired\":true,\"valueName\":\"search_term_string\"}}],\"inLanguage\":\"fr-FR\"},{\"@type\":\"Organization\",\"@id\":\"https:\\\/\\\/midsa.es\\\/#organization\",\"name\":\"Midsa Odontolog\u00eda & Co\",\"alternateName\":\"Midsa Odontolog\u00eda\",\"url\":\"https:\\\/\\\/midsa.es\\\/\",\"logo\":{\"@type\":\"ImageObject\",\"inLanguage\":\"fr-FR\",\"@id\":\"https:\\\/\\\/midsa.es\\\/#\\\/schema\\\/logo\\\/image\\\/\",\"url\":\"https:\\\/\\\/midsa.es\\\/wp-content\\\/uploads\\\/2026\\\/03\\\/logo_midsa.png\",\"contentUrl\":\"https:\\\/\\\/midsa.es\\\/wp-content\\\/uploads\\\/2026\\\/03\\\/logo_midsa.png\",\"width\":1080,\"height\":361,\"caption\":\"Midsa Odontolog\u00eda & Co\"},\"image\":{\"@id\":\"https:\\\/\\\/midsa.es\\\/#\\\/schema\\\/logo\\\/image\\\/\"},\"sameAs\":[\"https:\\\/\\\/www.facebook.com\\\/midsaodontologiavalencia\",\"https:\\\/\\\/www.instagram.com\\\/midsaodontologia\\\/\"]},{\"@type\":\"Person\",\"@id\":\"https:\\\/\\\/midsa.es\\\/#\\\/schema\\\/person\\\/2c8f0a79218dad8660f4eeb9876dfee7\",\"name\":\"senda_midsa\",\"image\":{\"@type\":\"ImageObject\",\"inLanguage\":\"fr-FR\",\"@id\":\"https:\\\/\\\/secure.gravatar.com\\\/avatar\\\/2ad25152d66ab68f233ff1e771f5f5b61808045f5b306f63250027046f2b84c4?s=96&d=mm&r=g\",\"url\":\"https:\\\/\\\/secure.gravatar.com\\\/avatar\\\/2ad25152d66ab68f233ff1e771f5f5b61808045f5b306f63250027046f2b84c4?s=96&d=mm&r=g\",\"contentUrl\":\"https:\\\/\\\/secure.gravatar.com\\\/avatar\\\/2ad25152d66ab68f233ff1e771f5f5b61808045f5b306f63250027046f2b84c4?s=96&d=mm&r=g\",\"caption\":\"senda_midsa\"},\"sameAs\":[\"https:\\\/\\\/midsa.es\"],\"url\":\"https:\\\/\\\/midsa.es\\\/fr\\\/author\\\/senda_midsa\\\/\"}]}<\/script>\n<!-- \/ Yoast SEO plugin. -->","yoast_head_json":{"title":"Comment \u00e9viter que votre enfant ne respire par la bouche\u00a0\u2014 MIDSA","robots":{"index":"index","follow":"follow","max-snippet":"max-snippet:-1","max-image-preview":"max-image-preview:large","max-video-preview":"max-video-preview:-1"},"canonical":"https:\/\/midsa.es\/fr\/2018-10-choses-a-faire-pour-eviter-que-votre-enfant-ne-respire-par-la-bouche\/","og_locale":"fr_FR","og_type":"article","og_title":"Como evitar que tu hijo sea respirador bucal &#8212; MIDSA","og_description":"En el ser humano, la respiraci\u00f3n tiene desde el nacimiento hasta el primer a\u00f1o de vida, para su registro neurol\u00f3gico. Por lo tanto, en su [&hellip;]","og_url":"https:\/\/midsa.es\/fr\/2018-10-choses-a-faire-pour-eviter-que-votre-enfant-ne-respire-par-la-bouche\/","og_site_name":"MIDSA","article_publisher":"https:\/\/www.facebook.com\/midsaodontologiavalencia","article_published_time":"2018-10-11T05:23:42+00:00","og_image":[{"width":826,"height":462,"url":"https:\/\/midsa.es\/wp-content\/uploads\/2026\/02\/como-evitar-q-tu-hijo-sea-respirador-bucal-1.jpg","type":"image\/jpeg"}],"author":"senda_midsa","twitter_card":"summary_large_image","twitter_misc":{"\u00c9crit par":"senda_midsa","Dur\u00e9e de lecture estim\u00e9e":"1 minute"},"schema":{"@context":"https:\/\/schema.org","@graph":[{"@type":"Article","@id":"https:\/\/midsa.es\/2018-10-que-hacer-para-que-tu-hijo-no-sea-respirador-bucal\/#article","isPartOf":{"@id":"https:\/\/midsa.es\/2018-10-que-hacer-para-que-tu-hijo-no-sea-respirador-bucal\/"},"author":{"name":"senda_midsa","@id":"https:\/\/midsa.es\/#\/schema\/person\/2c8f0a79218dad8660f4eeb9876dfee7"},"headline":"Como evitar que tu hijo sea respirador bucal","datePublished":"2018-10-11T05:23:42+00:00","mainEntityOfPage":{"@id":"https:\/\/midsa.es\/2018-10-que-hacer-para-que-tu-hijo-no-sea-respirador-bucal\/"},"wordCount":256,"commentCount":0,"publisher":{"@id":"https:\/\/midsa.es\/#organization"},"image":{"@id":"https:\/\/midsa.es\/2018-10-que-hacer-para-que-tu-hijo-no-sea-respirador-bucal\/#primaryimage"},"thumbnailUrl":"https:\/\/midsa.es\/wp-content\/uploads\/2026\/02\/como-evitar-q-tu-hijo-sea-respirador-bucal-1.jpg","articleSection":["ARTICULOS SALUD BUCAL","ODONTOPEDIATRIA"],"inLanguage":"fr-FR","potentialAction":[{"@type":"CommentAction","name":"Comment","target":["https:\/\/midsa.es\/2018-10-que-hacer-para-que-tu-hijo-no-sea-respirador-bucal\/#respond"]}]},{"@type":"WebPage","@id":"https:\/\/midsa.es\/2018-10-que-hacer-para-que-tu-hijo-no-sea-respirador-bucal\/","url":"https:\/\/midsa.es\/2018-10-que-hacer-para-que-tu-hijo-no-sea-respirador-bucal\/","name":"Comment \u00e9viter que votre enfant ne respire par la bouche\u00a0\u2014 MIDSA","isPartOf":{"@id":"https:\/\/midsa.es\/#website"},"primaryImageOfPage":{"@id":"https:\/\/midsa.es\/2018-10-que-hacer-para-que-tu-hijo-no-sea-respirador-bucal\/#primaryimage"},"image":{"@id":"https:\/\/midsa.es\/2018-10-que-hacer-para-que-tu-hijo-no-sea-respirador-bucal\/#primaryimage"},"thumbnailUrl":"https:\/\/midsa.es\/wp-content\/uploads\/2026\/02\/como-evitar-q-tu-hijo-sea-respirador-bucal-1.jpg","datePublished":"2018-10-11T05:23:42+00:00","breadcrumb":{"@id":"https:\/\/midsa.es\/2018-10-que-hacer-para-que-tu-hijo-no-sea-respirador-bucal\/#breadcrumb"},"inLanguage":"fr-FR","potentialAction":[{"@type":"ReadAction","target":["https:\/\/midsa.es\/2018-10-que-hacer-para-que-tu-hijo-no-sea-respirador-bucal\/"]}]},{"@type":"ImageObject","inLanguage":"fr-FR","@id":"https:\/\/midsa.es\/2018-10-que-hacer-para-que-tu-hijo-no-sea-respirador-bucal\/#primaryimage","url":"https:\/\/midsa.es\/wp-content\/uploads\/2026\/02\/como-evitar-q-tu-hijo-sea-respirador-bucal-1.jpg","contentUrl":"https:\/\/midsa.es\/wp-content\/uploads\/2026\/02\/como-evitar-q-tu-hijo-sea-respirador-bucal-1.jpg","width":826,"height":462},{"@type":"BreadcrumbList","@id":"https:\/\/midsa.es\/2018-10-que-hacer-para-que-tu-hijo-no-sea-respirador-bucal\/#breadcrumb","itemListElement":[{"@type":"ListItem","position":1,"name":"Portada","item":"https:\/\/midsa.es\/"},{"@type":"ListItem","position":2,"name":"Como evitar que tu hijo sea respirador bucal"}]},{"@type":"WebSite","@id":"https:\/\/midsa.es\/#website","url":"https:\/\/midsa.es\/","name":"Midsa Dentistry &amp; Co","description":"Nous sommes MIDSA, une clinique dentaire situ\u00e9e dans le quartier de l&#039;Eixample \u00e0 Valence. Des soins dentaires de pointe et un accompagnement personnalis\u00e9 au c\u0153ur de Valence.","publisher":{"@id":"https:\/\/midsa.es\/#organization"},"alternateName":"Midsa Odontolog\u00eda","potentialAction":[{"@type":"SearchAction","target":{"@type":"EntryPoint","urlTemplate":"https:\/\/midsa.es\/?s={search_term_string}"},"query-input":{"@type":"PropertyValueSpecification","valueRequired":true,"valueName":"search_term_string"}}],"inLanguage":"fr-FR"},{"@type":"Organization","@id":"https:\/\/midsa.es\/#organization","name":"Midsa Dentistry &amp; Co","alternateName":"Midsa Odontolog\u00eda","url":"https:\/\/midsa.es\/","logo":{"@type":"ImageObject","inLanguage":"fr-FR","@id":"https:\/\/midsa.es\/#\/schema\/logo\/image\/","url":"https:\/\/midsa.es\/wp-content\/uploads\/2026\/03\/logo_midsa.png","contentUrl":"https:\/\/midsa.es\/wp-content\/uploads\/2026\/03\/logo_midsa.png","width":1080,"height":361,"caption":"Midsa Odontolog\u00eda & Co"},"image":{"@id":"https:\/\/midsa.es\/#\/schema\/logo\/image\/"},"sameAs":["https:\/\/www.facebook.com\/midsaodontologiavalencia","https:\/\/www.instagram.com\/midsaodontologia\/"]},{"@type":"Person","@id":"https:\/\/midsa.es\/#\/schema\/person\/2c8f0a79218dad8660f4eeb9876dfee7","name":"senda_midsa","image":{"@type":"ImageObject","inLanguage":"fr-FR","@id":"https:\/\/secure.gravatar.com\/avatar\/2ad25152d66ab68f233ff1e771f5f5b61808045f5b306f63250027046f2b84c4?s=96&d=mm&r=g","url":"https:\/\/secure.gravatar.com\/avatar\/2ad25152d66ab68f233ff1e771f5f5b61808045f5b306f63250027046f2b84c4?s=96&d=mm&r=g","contentUrl":"https:\/\/secure.gravatar.com\/avatar\/2ad25152d66ab68f233ff1e771f5f5b61808045f5b306f63250027046f2b84c4?s=96&d=mm&r=g","caption":"senda_midsa"},"sameAs":["https:\/\/midsa.es"],"url":"https:\/\/midsa.es\/fr\/author\/senda_midsa\/"}]}},"_links":{"self":[{"href":"https:\/\/midsa.es\/fr\/wp-json\/wp\/v2\/posts\/174","targetHints":{"allow":["GET"]}}],"collection":[{"href":"https:\/\/midsa.es\/fr\/wp-json\/wp\/v2\/posts"}],"about":[{"href":"https:\/\/midsa.es\/fr\/wp-json\/wp\/v2\/types\/post"}],"author":[{"embeddable":true,"href":"https:\/\/midsa.es\/fr\/wp-json\/wp\/v2\/users\/1"}],"replies":[{"embeddable":true,"href":"https:\/\/midsa.es\/fr\/wp-json\/wp\/v2\/comments?post=174"}],"version-history":[{"count":0,"href":"https:\/\/midsa.es\/fr\/wp-json\/wp\/v2\/posts\/174\/revisions"}],"wp:featuredmedia":[{"embeddable":true,"href":"https:\/\/midsa.es\/fr\/wp-json\/wp\/v2\/media\/175"}],"wp:attachment":[{"href":"https:\/\/midsa.es\/fr\/wp-json\/wp\/v2\/media?parent=174"}],"wp:term":[{"taxonomy":"category","embeddable":true,"href":"https:\/\/midsa.es\/fr\/wp-json\/wp\/v2\/categories?post=174"},{"taxonomy":"post_tag","embeddable":true,"href":"https:\/\/midsa.es\/fr\/wp-json\/wp\/v2\/tags?post=174"}],"curies":[{"name":"wp","href":"https:\/\/api.w.org\/{rel}","templated":true}]}}