{"id":149,"date":"2018-01-16T11:41:45","date_gmt":"2018-01-16T10:41:45","guid":{"rendered":"https:\/\/midsa.es\/nueva\/index.php\/2018\/01\/16\/2018-1-16-diabetes-y-salud-bucal\/"},"modified":"2018-01-16T11:41:45","modified_gmt":"2018-01-16T10:41:45","slug":"16-janvier-2018-diabete-et-sante-bucco-dentaire","status":"publish","type":"post","link":"https:\/\/midsa.es\/fr\/2018-1-16-diabetes-y-salud-bucal\/","title":{"rendered":"DIAB\u00c8TE ET SANT\u00c9 BUCCALE"},"content":{"rendered":"A <strong>diab\u00e8te<\/strong>Dans ce cas, vous devriez accorder une attention particuli\u00e8re \u00e0 votre sant\u00e9 bucco-dentaire. Des \u00e9tudes montrent que les personnes diab\u00e9tiques pr\u00e9sentent une incidence plus \u00e9lev\u00e9e de maladies des gencives. <strong>gingivite<\/strong> (maladie des gencives \u00e0 son stade initial) et <strong>parodontite<\/strong> (maladie parodontale avanc\u00e9e), devenir capable de <strong>perte de dents<\/strong>.Un autre probl\u00e8me que cette maladie peut engendrer est la s\u00e9cheresse buccale, c&#039;est-\u00e0-dire un manque de salive, qui peut conduire \u00e0 une candidose buccale (infection fongique), \u00e0 des ulc\u00e8res ou \u00e0 des caries chez ces patients.\n\n<em><strong>Que faire si l&#039;on souffre de cette maladie ?<\/strong><\/em>\n<ul>\n \t<li>Complet <em>c<\/em>Contr\u00f4le du taux de glyc\u00e9mie.<\/li>\n \t<li>Brossez-vous les dents 3 fois par jour et utilisez du fil dentaire quotidiennement.<\/li>\n \t<li>Consultez votre dentiste au moins tous les 6 mois.<\/li>\n \t<li>Si vous souffrez de douleurs aux gencives, de saignements lors du brossage ou de l&#039;utilisation du fil dentaire, de s\u00e9cheresse buccale ou de plaques blanch\u00e2tres, consultez votre dentiste.<\/li>\n \t<li>Fumer peut aggraver les probl\u00e8mes de gencives.<\/li>\n<\/ul>\n<em><strong>Et n&#039;oubliez jamais : mieux vaut pr\u00e9venir que gu\u00e9rir.<\/strong><\/em>\n\nDans <strong>Dentisterie MIDSA<\/strong> Nous sommes toujours disponibles pour r\u00e9pondre \u00e0 vos questions et prendre soin de votre sant\u00e9 bucco-dentaire.\n\n<img decoding=\"async\" src=\"https:\/\/static1.squarespace.com\/static\/58b9bad717bffce0ef9f7384\/58b9bba1cd0f6802a7eadfbe\/5a5de45e71c10bc0943ed19e\/1516103245990\/diabetes.jpg\" alt=\"\" \/>","protected":false},"excerpt":{"rendered":"<p>A <strong>diab\u00e8te<\/strong>? Si es as\u00ed debe asegurarse mucho de cuidad su salud bucal. Los estudios demuestran que las personas con diabetes tienen una mayor incidencia de enfermedades&#8230;<\/p>","protected":false},"author":1,"featured_media":0,"comment_status":"open","ping_status":"open","sticky":false,"template":"","format":"standard","meta":{"_acf_changed":false,"footnotes":""},"categories":[3],"tags":[],"class_list":["post-149","post","type-post","status-publish","format-standard","hentry","category-articulos-salud-bucal"],"acf":[],"yoast_head":"<!-- This site is optimized with the Yoast SEO plugin v27.5 - https:\/\/yoast.com\/product\/yoast-seo-wordpress\/ -->\n<title>DIABETES Y SALUD BUCAL &#8212; MIDSA<\/title>\n<meta name=\"robots\" content=\"index, follow, max-snippet:-1, max-image-preview:large, max-video-preview:-1\" \/>\n<link rel=\"canonical\" href=\"https:\/\/midsa.es\/fr\/16-janvier-2018-diabete-et-sante-bucco-dentaire\/\" \/>\n<meta property=\"og:locale\" content=\"fr_FR\" \/>\n<meta property=\"og:type\" content=\"article\" \/>\n<meta property=\"og:title\" content=\"DIABETES Y SALUD BUCAL &#8212; MIDSA\" \/>\n<meta property=\"og:description\" content=\"\u00bfTiene diabetes? Si es as\u00ed debe asegurarse mucho de cuidad su salud bucal. Los estudios demuestran que las personas con diabetes tienen una mayor incidencia de enfermedades...\" \/>\n<meta property=\"og:url\" content=\"https:\/\/midsa.es\/fr\/16-janvier-2018-diabete-et-sante-bucco-dentaire\/\" \/>\n<meta property=\"og:site_name\" content=\"MIDSA\" \/>\n<meta property=\"article:publisher\" content=\"https:\/\/www.facebook.com\/midsaodontologiavalencia\" \/>\n<meta property=\"article:published_time\" content=\"2018-01-16T10:41:45+00:00\" \/>\n<meta property=\"og:image\" content=\"https:\/\/static1.squarespace.com\/static\/58b9bad717bffce0ef9f7384\/58b9bba1cd0f6802a7eadfbe\/5a5de45e71c10bc0943ed19e\/1516103245990\/diabetes.jpg\" \/>\n<meta name=\"author\" content=\"senda_midsa\" \/>\n<meta name=\"twitter:card\" content=\"summary_large_image\" \/>\n<meta name=\"twitter:label1\" content=\"\u00c9crit par\" \/>\n\t<meta name=\"twitter:data1\" content=\"senda_midsa\" \/>\n\t<meta name=\"twitter:label2\" content=\"Dur\u00e9e de lecture estim\u00e9e\" \/>\n\t<meta name=\"twitter:data2\" content=\"1 minute\" \/>\n<script type=\"application\/ld+json\" class=\"yoast-schema-graph\">{\"@context\":\"https:\\\/\\\/schema.org\",\"@graph\":[{\"@type\":\"Article\",\"@id\":\"https:\\\/\\\/midsa.es\\\/2018-1-16-diabetes-y-salud-bucal\\\/#article\",\"isPartOf\":{\"@id\":\"https:\\\/\\\/midsa.es\\\/2018-1-16-diabetes-y-salud-bucal\\\/\"},\"author\":{\"name\":\"senda_midsa\",\"@id\":\"https:\\\/\\\/midsa.es\\\/#\\\/schema\\\/person\\\/2c8f0a79218dad8660f4eeb9876dfee7\"},\"headline\":\"DIABETES Y SALUD BUCAL\",\"datePublished\":\"2018-01-16T10:41:45+00:00\",\"mainEntityOfPage\":{\"@id\":\"https:\\\/\\\/midsa.es\\\/2018-1-16-diabetes-y-salud-bucal\\\/\"},\"wordCount\":198,\"commentCount\":0,\"publisher\":{\"@id\":\"https:\\\/\\\/midsa.es\\\/#organization\"},\"image\":{\"@id\":\"https:\\\/\\\/midsa.es\\\/2018-1-16-diabetes-y-salud-bucal\\\/#primaryimage\"},\"thumbnailUrl\":\"https:\\\/\\\/static1.squarespace.com\\\/static\\\/58b9bad717bffce0ef9f7384\\\/58b9bba1cd0f6802a7eadfbe\\\/5a5de45e71c10bc0943ed19e\\\/1516103245990\\\/diabetes.jpg\",\"articleSection\":[\"ARTICULOS SALUD BUCAL\"],\"inLanguage\":\"fr-FR\",\"potentialAction\":[{\"@type\":\"CommentAction\",\"name\":\"Comment\",\"target\":[\"https:\\\/\\\/midsa.es\\\/2018-1-16-diabetes-y-salud-bucal\\\/#respond\"]}]},{\"@type\":\"WebPage\",\"@id\":\"https:\\\/\\\/midsa.es\\\/2018-1-16-diabetes-y-salud-bucal\\\/\",\"url\":\"https:\\\/\\\/midsa.es\\\/2018-1-16-diabetes-y-salud-bucal\\\/\",\"name\":\"DIABETES Y SALUD BUCAL &#8212; MIDSA\",\"isPartOf\":{\"@id\":\"https:\\\/\\\/midsa.es\\\/#website\"},\"primaryImageOfPage\":{\"@id\":\"https:\\\/\\\/midsa.es\\\/2018-1-16-diabetes-y-salud-bucal\\\/#primaryimage\"},\"image\":{\"@id\":\"https:\\\/\\\/midsa.es\\\/2018-1-16-diabetes-y-salud-bucal\\\/#primaryimage\"},\"thumbnailUrl\":\"https:\\\/\\\/static1.squarespace.com\\\/static\\\/58b9bad717bffce0ef9f7384\\\/58b9bba1cd0f6802a7eadfbe\\\/5a5de45e71c10bc0943ed19e\\\/1516103245990\\\/diabetes.jpg\",\"datePublished\":\"2018-01-16T10:41:45+00:00\",\"breadcrumb\":{\"@id\":\"https:\\\/\\\/midsa.es\\\/2018-1-16-diabetes-y-salud-bucal\\\/#breadcrumb\"},\"inLanguage\":\"fr-FR\",\"potentialAction\":[{\"@type\":\"ReadAction\",\"target\":[\"https:\\\/\\\/midsa.es\\\/2018-1-16-diabetes-y-salud-bucal\\\/\"]}]},{\"@type\":\"ImageObject\",\"inLanguage\":\"fr-FR\",\"@id\":\"https:\\\/\\\/midsa.es\\\/2018-1-16-diabetes-y-salud-bucal\\\/#primaryimage\",\"url\":\"https:\\\/\\\/static1.squarespace.com\\\/static\\\/58b9bad717bffce0ef9f7384\\\/58b9bba1cd0f6802a7eadfbe\\\/5a5de45e71c10bc0943ed19e\\\/1516103245990\\\/diabetes.jpg\",\"contentUrl\":\"https:\\\/\\\/static1.squarespace.com\\\/static\\\/58b9bad717bffce0ef9f7384\\\/58b9bba1cd0f6802a7eadfbe\\\/5a5de45e71c10bc0943ed19e\\\/1516103245990\\\/diabetes.jpg\"},{\"@type\":\"BreadcrumbList\",\"@id\":\"https:\\\/\\\/midsa.es\\\/2018-1-16-diabetes-y-salud-bucal\\\/#breadcrumb\",\"itemListElement\":[{\"@type\":\"ListItem\",\"position\":1,\"name\":\"Portada\",\"item\":\"https:\\\/\\\/midsa.es\\\/\"},{\"@type\":\"ListItem\",\"position\":2,\"name\":\"DIABETES Y SALUD BUCAL\"}]},{\"@type\":\"WebSite\",\"@id\":\"https:\\\/\\\/midsa.es\\\/#website\",\"url\":\"https:\\\/\\\/midsa.es\\\/\",\"name\":\"Midsa Odontolog\u00eda & Co\",\"description\":\"Somos MIDSA, Cl\u00ednica Dental en L&#039;Eixample, Valencia. Odontolog\u00eda avanzada con trato cercano en el coraz\u00f3n de Valencia.\",\"publisher\":{\"@id\":\"https:\\\/\\\/midsa.es\\\/#organization\"},\"alternateName\":\"Midsa Odontolog\u00eda\",\"potentialAction\":[{\"@type\":\"SearchAction\",\"target\":{\"@type\":\"EntryPoint\",\"urlTemplate\":\"https:\\\/\\\/midsa.es\\\/?s={search_term_string}\"},\"query-input\":{\"@type\":\"PropertyValueSpecification\",\"valueRequired\":true,\"valueName\":\"search_term_string\"}}],\"inLanguage\":\"fr-FR\"},{\"@type\":\"Organization\",\"@id\":\"https:\\\/\\\/midsa.es\\\/#organization\",\"name\":\"Midsa Odontolog\u00eda & Co\",\"alternateName\":\"Midsa Odontolog\u00eda\",\"url\":\"https:\\\/\\\/midsa.es\\\/\",\"logo\":{\"@type\":\"ImageObject\",\"inLanguage\":\"fr-FR\",\"@id\":\"https:\\\/\\\/midsa.es\\\/#\\\/schema\\\/logo\\\/image\\\/\",\"url\":\"https:\\\/\\\/midsa.es\\\/wp-content\\\/uploads\\\/2026\\\/03\\\/logo_midsa.png\",\"contentUrl\":\"https:\\\/\\\/midsa.es\\\/wp-content\\\/uploads\\\/2026\\\/03\\\/logo_midsa.png\",\"width\":1080,\"height\":361,\"caption\":\"Midsa Odontolog\u00eda & Co\"},\"image\":{\"@id\":\"https:\\\/\\\/midsa.es\\\/#\\\/schema\\\/logo\\\/image\\\/\"},\"sameAs\":[\"https:\\\/\\\/www.facebook.com\\\/midsaodontologiavalencia\",\"https:\\\/\\\/www.instagram.com\\\/midsaodontologia\\\/\"]},{\"@type\":\"Person\",\"@id\":\"https:\\\/\\\/midsa.es\\\/#\\\/schema\\\/person\\\/2c8f0a79218dad8660f4eeb9876dfee7\",\"name\":\"senda_midsa\",\"image\":{\"@type\":\"ImageObject\",\"inLanguage\":\"fr-FR\",\"@id\":\"https:\\\/\\\/secure.gravatar.com\\\/avatar\\\/2ad25152d66ab68f233ff1e771f5f5b61808045f5b306f63250027046f2b84c4?s=96&d=mm&r=g\",\"url\":\"https:\\\/\\\/secure.gravatar.com\\\/avatar\\\/2ad25152d66ab68f233ff1e771f5f5b61808045f5b306f63250027046f2b84c4?s=96&d=mm&r=g\",\"contentUrl\":\"https:\\\/\\\/secure.gravatar.com\\\/avatar\\\/2ad25152d66ab68f233ff1e771f5f5b61808045f5b306f63250027046f2b84c4?s=96&d=mm&r=g\",\"caption\":\"senda_midsa\"},\"sameAs\":[\"https:\\\/\\\/midsa.es\"],\"url\":\"https:\\\/\\\/midsa.es\\\/fr\\\/author\\\/senda_midsa\\\/\"}]}<\/script>\n<!-- \/ Yoast SEO plugin. -->","yoast_head_json":{"title":"DIAB\u00c8TE ET SANT\u00c9 BUCCALE \u2014 MIDSA","robots":{"index":"index","follow":"follow","max-snippet":"max-snippet:-1","max-image-preview":"max-image-preview:large","max-video-preview":"max-video-preview:-1"},"canonical":"https:\/\/midsa.es\/fr\/16-janvier-2018-diabete-et-sante-bucco-dentaire\/","og_locale":"fr_FR","og_type":"article","og_title":"DIABETES Y SALUD BUCAL &#8212; MIDSA","og_description":"\u00bfTiene diabetes? Si es as\u00ed debe asegurarse mucho de cuidad su salud bucal. Los estudios demuestran que las personas con diabetes tienen una mayor incidencia de enfermedades...","og_url":"https:\/\/midsa.es\/fr\/16-janvier-2018-diabete-et-sante-bucco-dentaire\/","og_site_name":"MIDSA","article_publisher":"https:\/\/www.facebook.com\/midsaodontologiavalencia","article_published_time":"2018-01-16T10:41:45+00:00","og_image":[{"url":"https:\/\/static1.squarespace.com\/static\/58b9bad717bffce0ef9f7384\/58b9bba1cd0f6802a7eadfbe\/5a5de45e71c10bc0943ed19e\/1516103245990\/diabetes.jpg","type":"","width":"","height":""}],"author":"senda_midsa","twitter_card":"summary_large_image","twitter_misc":{"\u00c9crit par":"senda_midsa","Dur\u00e9e de lecture estim\u00e9e":"1 minute"},"schema":{"@context":"https:\/\/schema.org","@graph":[{"@type":"Article","@id":"https:\/\/midsa.es\/2018-1-16-diabetes-y-salud-bucal\/#article","isPartOf":{"@id":"https:\/\/midsa.es\/2018-1-16-diabetes-y-salud-bucal\/"},"author":{"name":"senda_midsa","@id":"https:\/\/midsa.es\/#\/schema\/person\/2c8f0a79218dad8660f4eeb9876dfee7"},"headline":"DIABETES Y SALUD BUCAL","datePublished":"2018-01-16T10:41:45+00:00","mainEntityOfPage":{"@id":"https:\/\/midsa.es\/2018-1-16-diabetes-y-salud-bucal\/"},"wordCount":198,"commentCount":0,"publisher":{"@id":"https:\/\/midsa.es\/#organization"},"image":{"@id":"https:\/\/midsa.es\/2018-1-16-diabetes-y-salud-bucal\/#primaryimage"},"thumbnailUrl":"https:\/\/static1.squarespace.com\/static\/58b9bad717bffce0ef9f7384\/58b9bba1cd0f6802a7eadfbe\/5a5de45e71c10bc0943ed19e\/1516103245990\/diabetes.jpg","articleSection":["ARTICULOS SALUD BUCAL"],"inLanguage":"fr-FR","potentialAction":[{"@type":"CommentAction","name":"Comment","target":["https:\/\/midsa.es\/2018-1-16-diabetes-y-salud-bucal\/#respond"]}]},{"@type":"WebPage","@id":"https:\/\/midsa.es\/2018-1-16-diabetes-y-salud-bucal\/","url":"https:\/\/midsa.es\/2018-1-16-diabetes-y-salud-bucal\/","name":"DIAB\u00c8TE ET SANT\u00c9 BUCCALE \u2014 MIDSA","isPartOf":{"@id":"https:\/\/midsa.es\/#website"},"primaryImageOfPage":{"@id":"https:\/\/midsa.es\/2018-1-16-diabetes-y-salud-bucal\/#primaryimage"},"image":{"@id":"https:\/\/midsa.es\/2018-1-16-diabetes-y-salud-bucal\/#primaryimage"},"thumbnailUrl":"https:\/\/static1.squarespace.com\/static\/58b9bad717bffce0ef9f7384\/58b9bba1cd0f6802a7eadfbe\/5a5de45e71c10bc0943ed19e\/1516103245990\/diabetes.jpg","datePublished":"2018-01-16T10:41:45+00:00","breadcrumb":{"@id":"https:\/\/midsa.es\/2018-1-16-diabetes-y-salud-bucal\/#breadcrumb"},"inLanguage":"fr-FR","potentialAction":[{"@type":"ReadAction","target":["https:\/\/midsa.es\/2018-1-16-diabetes-y-salud-bucal\/"]}]},{"@type":"ImageObject","inLanguage":"fr-FR","@id":"https:\/\/midsa.es\/2018-1-16-diabetes-y-salud-bucal\/#primaryimage","url":"https:\/\/static1.squarespace.com\/static\/58b9bad717bffce0ef9f7384\/58b9bba1cd0f6802a7eadfbe\/5a5de45e71c10bc0943ed19e\/1516103245990\/diabetes.jpg","contentUrl":"https:\/\/static1.squarespace.com\/static\/58b9bad717bffce0ef9f7384\/58b9bba1cd0f6802a7eadfbe\/5a5de45e71c10bc0943ed19e\/1516103245990\/diabetes.jpg"},{"@type":"BreadcrumbList","@id":"https:\/\/midsa.es\/2018-1-16-diabetes-y-salud-bucal\/#breadcrumb","itemListElement":[{"@type":"ListItem","position":1,"name":"Portada","item":"https:\/\/midsa.es\/"},{"@type":"ListItem","position":2,"name":"DIABETES Y SALUD BUCAL"}]},{"@type":"WebSite","@id":"https:\/\/midsa.es\/#website","url":"https:\/\/midsa.es\/","name":"Midsa Dentistry &amp; Co","description":"Nous sommes MIDSA, une clinique dentaire situ\u00e9e dans le quartier de l&#039;Eixample \u00e0 Valence. Des soins dentaires de pointe et un accompagnement personnalis\u00e9 au c\u0153ur de Valence.","publisher":{"@id":"https:\/\/midsa.es\/#organization"},"alternateName":"Midsa Odontolog\u00eda","potentialAction":[{"@type":"SearchAction","target":{"@type":"EntryPoint","urlTemplate":"https:\/\/midsa.es\/?s={search_term_string}"},"query-input":{"@type":"PropertyValueSpecification","valueRequired":true,"valueName":"search_term_string"}}],"inLanguage":"fr-FR"},{"@type":"Organization","@id":"https:\/\/midsa.es\/#organization","name":"Midsa Dentistry &amp; Co","alternateName":"Midsa Odontolog\u00eda","url":"https:\/\/midsa.es\/","logo":{"@type":"ImageObject","inLanguage":"fr-FR","@id":"https:\/\/midsa.es\/#\/schema\/logo\/image\/","url":"https:\/\/midsa.es\/wp-content\/uploads\/2026\/03\/logo_midsa.png","contentUrl":"https:\/\/midsa.es\/wp-content\/uploads\/2026\/03\/logo_midsa.png","width":1080,"height":361,"caption":"Midsa Odontolog\u00eda & Co"},"image":{"@id":"https:\/\/midsa.es\/#\/schema\/logo\/image\/"},"sameAs":["https:\/\/www.facebook.com\/midsaodontologiavalencia","https:\/\/www.instagram.com\/midsaodontologia\/"]},{"@type":"Person","@id":"https:\/\/midsa.es\/#\/schema\/person\/2c8f0a79218dad8660f4eeb9876dfee7","name":"senda_midsa","image":{"@type":"ImageObject","inLanguage":"fr-FR","@id":"https:\/\/secure.gravatar.com\/avatar\/2ad25152d66ab68f233ff1e771f5f5b61808045f5b306f63250027046f2b84c4?s=96&d=mm&r=g","url":"https:\/\/secure.gravatar.com\/avatar\/2ad25152d66ab68f233ff1e771f5f5b61808045f5b306f63250027046f2b84c4?s=96&d=mm&r=g","contentUrl":"https:\/\/secure.gravatar.com\/avatar\/2ad25152d66ab68f233ff1e771f5f5b61808045f5b306f63250027046f2b84c4?s=96&d=mm&r=g","caption":"senda_midsa"},"sameAs":["https:\/\/midsa.es"],"url":"https:\/\/midsa.es\/fr\/author\/senda_midsa\/"}]}},"_links":{"self":[{"href":"https:\/\/midsa.es\/fr\/wp-json\/wp\/v2\/posts\/149","targetHints":{"allow":["GET"]}}],"collection":[{"href":"https:\/\/midsa.es\/fr\/wp-json\/wp\/v2\/posts"}],"about":[{"href":"https:\/\/midsa.es\/fr\/wp-json\/wp\/v2\/types\/post"}],"author":[{"embeddable":true,"href":"https:\/\/midsa.es\/fr\/wp-json\/wp\/v2\/users\/1"}],"replies":[{"embeddable":true,"href":"https:\/\/midsa.es\/fr\/wp-json\/wp\/v2\/comments?post=149"}],"version-history":[{"count":0,"href":"https:\/\/midsa.es\/fr\/wp-json\/wp\/v2\/posts\/149\/revisions"}],"wp:attachment":[{"href":"https:\/\/midsa.es\/fr\/wp-json\/wp\/v2\/media?parent=149"}],"wp:term":[{"taxonomy":"category","embeddable":true,"href":"https:\/\/midsa.es\/fr\/wp-json\/wp\/v2\/categories?post=149"},{"taxonomy":"post_tag","embeddable":true,"href":"https:\/\/midsa.es\/fr\/wp-json\/wp\/v2\/tags?post=149"}],"curies":[{"name":"wp","href":"https:\/\/api.w.org\/{rel}","templated":true}]}}