{"id":147,"date":"2017-07-06T09:56:41","date_gmt":"2017-07-06T07:56:41","guid":{"rendered":"https:\/\/midsa.es\/nueva\/index.php\/2017\/07\/06\/2017-07-06-dientes-de-leche\/"},"modified":"2017-07-06T09:56:41","modified_gmt":"2017-07-06T07:56:41","slug":"06-07-2017-dents-de-lait","status":"publish","type":"post","link":"https:\/\/midsa.es\/fr\/2017-07-06-dientes-de-leche\/","title":{"rendered":"LES DENTS DE LAIT, CES DENTS GRANDEMENT OUBLI\u00c9ES ?"},"content":{"rendered":"<h3>Ces derniers mois, nous avons constat\u00e9 dans notre cabinet un grand nombre d&#039;enfants pr\u00e9sentant des caries sur leurs dents de lait, et dans certains cas, des caries assez graves.<\/h3>\n<h3>Il est commun\u00e9ment admis que les dents de lait ne n\u00e9cessitent pas de soins puisqu&#039;elles seront ensuite remplac\u00e9es par les dents d\u00e9finitives. <strong>ATTENTION<\/strong>Ce n&#039;est pas comme \u00e7a que \u00e7a se passe. <strong>caries sur les dents de lait<\/strong> Il s&#039;agit d&#039;une maladie infectieuse qui d\u00e9truit progressivement la structure dentaire des enfants et peut m\u00eame perturber l&#039;\u00e9ruption des dents permanentes. Parmi les autres cons\u00e9quences, on note\u00a0:<\/h3>\n<h3>\u2022 Douleur intense<\/h3>\n<h3>\u2022 Hospitalisations et consultations aux urgences<\/h3>\n<h3>\u2022 Retard de d\u00e9veloppement physique<\/h3>\n<h3>\u2022 Diminution de la qualit\u00e9 de vie<\/h3>\n<h3>\u2022 Co\u00fbts de traitement \u00e9lev\u00e9s<\/h3>\n<h3>Les caries des dents de lait doivent \u00eatre trait\u00e9es au plus vite par un plombage ou une restauration. Si elles ne sont pas soign\u00e9es par un dentiste p\u00e9diatrique, elles peuvent atteindre la pulpe dentaire et compromettre l&#039;\u00e9ruption et la formation de la dent d\u00e9finitive.<\/h3>\n<h3>C&#039;est pourquoi, <strong><em>MIDSA Dentistry &amp; Co<\/em><\/strong> notre devise est <strong>pr\u00e9vention<\/strong>.<\/h3>\n<h3>Le <strong>hygi\u00e8ne buccale<\/strong> L&#039;hygi\u00e8ne bucco-dentaire de notre enfant doit \u00eatre primordiale ; nous devons l&#039;aider \u00e0 se brosser les dents correctement, d\u00e8s le d\u00e9but en le faisant nous-m\u00eames, puis progressivement, lorsqu&#039;il aura pris l&#039;habitude et le fera correctement, en le laissant le faire lui-m\u00eame.<\/h3>\n<h3>Nous ne devons pas tomber dans le faux st\u00e9r\u00e9otype selon lequel un jeune enfant avec des dents de lait n&#039;a pas besoin d&#039;aller chez le dentiste. <strong>examens de contr\u00f4le chez votre dentiste<\/strong>, Le dentiste surveillera votre sant\u00e9 bucco-dentaire, vous donnera des conseils et vous apprendra comment effectuer correctement votre hygi\u00e8ne quotidienne.<\/h3>\n<h3>De plus, \u00e0 la clinique dentaire MIDSA, nous tenons \u00e0 souligner l&#039;importance de <strong>contr\u00f4le du r\u00e9gime alimentaire<\/strong>, R\u00e9duisez la consommation de produits sucr\u00e9s, \u00e9vitez les aliments qui peuvent coller aux dents (et qui favorisent les caries) et \u00e9vitez le contact prolong\u00e9 des dents et des gencives avec les biberons.<\/h3>\n<img decoding=\"async\" src=\"https:\/\/static1.squarespace.com\/static\/58b9bad717bffce0ef9f7384\/58b9bba1cd0f6802a7eadfbe\/595e08fbf5e2313a0060566b\/1506333660359\/dentista-infantil.pngdentista-infantil?format=original\" alt=\"\">\n<h3>N&#039;h\u00e9sitez pas \u00e0 venir \u00e0 la clinique dentaire MIDSA Odontolog\u00eda \u00e0 Valence pour les examens de votre b\u00e9b\u00e9, MIDSA Odontolog\u00eda est toujours l\u00e0 pour vous.<\/h3>\n<h3> <\/h3>","protected":false},"excerpt":{"rendered":"<p>Ces derniers mois, nous avons constat\u00e9 dans notre cabinet un grand nombre d&#039;enfants pr\u00e9sentant des caries sur leurs dents de lait, et dans certains cas, des caries assez graves.<\/p>","protected":false},"author":1,"featured_media":148,"comment_status":"open","ping_status":"open","sticky":false,"template":"","format":"standard","meta":{"_acf_changed":false,"footnotes":""},"categories":[6],"tags":[],"class_list":["post-147","post","type-post","status-publish","format-standard","has-post-thumbnail","hentry","category-odontopediatria"],"acf":[],"yoast_head":"<!-- This site is optimized with the Yoast SEO plugin v27.5 - https:\/\/yoast.com\/product\/yoast-seo-wordpress\/ -->\n<title>LOS DIENTES DE LECHE, \u00bfLOS GRANDES OLVIDADOS? &#8212; MIDSA<\/title>\n<meta name=\"robots\" content=\"index, follow, max-snippet:-1, max-image-preview:large, max-video-preview:-1\" \/>\n<link rel=\"canonical\" href=\"https:\/\/midsa.es\/fr\/06-07-2017-dents-de-lait\/\" \/>\n<meta property=\"og:locale\" content=\"fr_FR\" \/>\n<meta property=\"og:type\" content=\"article\" \/>\n<meta property=\"og:title\" content=\"LOS DIENTES DE LECHE, \u00bfLOS GRANDES OLVIDADOS? &#8212; MIDSA\" \/>\n<meta property=\"og:description\" content=\"En los \u00faltimos meses hemos podido observar en la consulta un gran n\u00famero de ni\u00f1os con caries en los dientes de leche, y en ciertos casos de gravedad.\" \/>\n<meta property=\"og:url\" content=\"https:\/\/midsa.es\/fr\/06-07-2017-dents-de-lait\/\" \/>\n<meta property=\"og:site_name\" content=\"MIDSA\" \/>\n<meta property=\"article:publisher\" content=\"https:\/\/www.facebook.com\/midsaodontologiavalencia\" \/>\n<meta property=\"article:published_time\" content=\"2017-07-06T07:56:41+00:00\" \/>\n<meta property=\"og:image\" content=\"https:\/\/midsa.es\/wp-content\/uploads\/2026\/02\/dientes-de-leche-1.jpg\" \/>\n\t<meta property=\"og:image:width\" content=\"826\" \/>\n\t<meta property=\"og:image:height\" content=\"462\" \/>\n\t<meta property=\"og:image:type\" content=\"image\/jpeg\" \/>\n<meta name=\"author\" content=\"senda_midsa\" \/>\n<meta name=\"twitter:card\" content=\"summary_large_image\" \/>\n<meta name=\"twitter:label1\" content=\"\u00c9crit par\" \/>\n\t<meta name=\"twitter:data1\" content=\"senda_midsa\" \/>\n\t<meta name=\"twitter:label2\" content=\"Dur\u00e9e de lecture estim\u00e9e\" \/>\n\t<meta name=\"twitter:data2\" content=\"2 minutes\" \/>\n<script type=\"application\/ld+json\" class=\"yoast-schema-graph\">{\"@context\":\"https:\\\/\\\/schema.org\",\"@graph\":[{\"@type\":\"Article\",\"@id\":\"https:\\\/\\\/midsa.es\\\/2017-07-06-dientes-de-leche\\\/#article\",\"isPartOf\":{\"@id\":\"https:\\\/\\\/midsa.es\\\/2017-07-06-dientes-de-leche\\\/\"},\"author\":{\"name\":\"senda_midsa\",\"@id\":\"https:\\\/\\\/midsa.es\\\/#\\\/schema\\\/person\\\/2c8f0a79218dad8660f4eeb9876dfee7\"},\"headline\":\"LOS DIENTES DE LECHE, \u00bfLOS GRANDES OLVIDADOS?\",\"datePublished\":\"2017-07-06T07:56:41+00:00\",\"mainEntityOfPage\":{\"@id\":\"https:\\\/\\\/midsa.es\\\/2017-07-06-dientes-de-leche\\\/\"},\"wordCount\":356,\"commentCount\":0,\"publisher\":{\"@id\":\"https:\\\/\\\/midsa.es\\\/#organization\"},\"image\":{\"@id\":\"https:\\\/\\\/midsa.es\\\/2017-07-06-dientes-de-leche\\\/#primaryimage\"},\"thumbnailUrl\":\"https:\\\/\\\/midsa.es\\\/wp-content\\\/uploads\\\/2026\\\/02\\\/dientes-de-leche-1.jpg\",\"articleSection\":[\"ODONTOPEDIATRIA\"],\"inLanguage\":\"fr-FR\",\"potentialAction\":[{\"@type\":\"CommentAction\",\"name\":\"Comment\",\"target\":[\"https:\\\/\\\/midsa.es\\\/2017-07-06-dientes-de-leche\\\/#respond\"]}]},{\"@type\":\"WebPage\",\"@id\":\"https:\\\/\\\/midsa.es\\\/2017-07-06-dientes-de-leche\\\/\",\"url\":\"https:\\\/\\\/midsa.es\\\/2017-07-06-dientes-de-leche\\\/\",\"name\":\"LOS DIENTES DE LECHE, \u00bfLOS GRANDES OLVIDADOS? &#8212; MIDSA\",\"isPartOf\":{\"@id\":\"https:\\\/\\\/midsa.es\\\/#website\"},\"primaryImageOfPage\":{\"@id\":\"https:\\\/\\\/midsa.es\\\/2017-07-06-dientes-de-leche\\\/#primaryimage\"},\"image\":{\"@id\":\"https:\\\/\\\/midsa.es\\\/2017-07-06-dientes-de-leche\\\/#primaryimage\"},\"thumbnailUrl\":\"https:\\\/\\\/midsa.es\\\/wp-content\\\/uploads\\\/2026\\\/02\\\/dientes-de-leche-1.jpg\",\"datePublished\":\"2017-07-06T07:56:41+00:00\",\"breadcrumb\":{\"@id\":\"https:\\\/\\\/midsa.es\\\/2017-07-06-dientes-de-leche\\\/#breadcrumb\"},\"inLanguage\":\"fr-FR\",\"potentialAction\":[{\"@type\":\"ReadAction\",\"target\":[\"https:\\\/\\\/midsa.es\\\/2017-07-06-dientes-de-leche\\\/\"]}]},{\"@type\":\"ImageObject\",\"inLanguage\":\"fr-FR\",\"@id\":\"https:\\\/\\\/midsa.es\\\/2017-07-06-dientes-de-leche\\\/#primaryimage\",\"url\":\"https:\\\/\\\/midsa.es\\\/wp-content\\\/uploads\\\/2026\\\/02\\\/dientes-de-leche-1.jpg\",\"contentUrl\":\"https:\\\/\\\/midsa.es\\\/wp-content\\\/uploads\\\/2026\\\/02\\\/dientes-de-leche-1.jpg\",\"width\":826,\"height\":462},{\"@type\":\"BreadcrumbList\",\"@id\":\"https:\\\/\\\/midsa.es\\\/2017-07-06-dientes-de-leche\\\/#breadcrumb\",\"itemListElement\":[{\"@type\":\"ListItem\",\"position\":1,\"name\":\"Portada\",\"item\":\"https:\\\/\\\/midsa.es\\\/\"},{\"@type\":\"ListItem\",\"position\":2,\"name\":\"LOS DIENTES DE LECHE, \u00bfLOS GRANDES OLVIDADOS?\"}]},{\"@type\":\"WebSite\",\"@id\":\"https:\\\/\\\/midsa.es\\\/#website\",\"url\":\"https:\\\/\\\/midsa.es\\\/\",\"name\":\"Midsa Odontolog\u00eda & Co\",\"description\":\"Somos MIDSA, Cl\u00ednica Dental en L&#039;Eixample, Valencia. Odontolog\u00eda avanzada con trato cercano en el coraz\u00f3n de Valencia.\",\"publisher\":{\"@id\":\"https:\\\/\\\/midsa.es\\\/#organization\"},\"alternateName\":\"Midsa Odontolog\u00eda\",\"potentialAction\":[{\"@type\":\"SearchAction\",\"target\":{\"@type\":\"EntryPoint\",\"urlTemplate\":\"https:\\\/\\\/midsa.es\\\/?s={search_term_string}\"},\"query-input\":{\"@type\":\"PropertyValueSpecification\",\"valueRequired\":true,\"valueName\":\"search_term_string\"}}],\"inLanguage\":\"fr-FR\"},{\"@type\":\"Organization\",\"@id\":\"https:\\\/\\\/midsa.es\\\/#organization\",\"name\":\"Midsa Odontolog\u00eda & Co\",\"alternateName\":\"Midsa Odontolog\u00eda\",\"url\":\"https:\\\/\\\/midsa.es\\\/\",\"logo\":{\"@type\":\"ImageObject\",\"inLanguage\":\"fr-FR\",\"@id\":\"https:\\\/\\\/midsa.es\\\/#\\\/schema\\\/logo\\\/image\\\/\",\"url\":\"https:\\\/\\\/midsa.es\\\/wp-content\\\/uploads\\\/2026\\\/03\\\/logo_midsa.png\",\"contentUrl\":\"https:\\\/\\\/midsa.es\\\/wp-content\\\/uploads\\\/2026\\\/03\\\/logo_midsa.png\",\"width\":1080,\"height\":361,\"caption\":\"Midsa Odontolog\u00eda & Co\"},\"image\":{\"@id\":\"https:\\\/\\\/midsa.es\\\/#\\\/schema\\\/logo\\\/image\\\/\"},\"sameAs\":[\"https:\\\/\\\/www.facebook.com\\\/midsaodontologiavalencia\",\"https:\\\/\\\/www.instagram.com\\\/midsaodontologia\\\/\"]},{\"@type\":\"Person\",\"@id\":\"https:\\\/\\\/midsa.es\\\/#\\\/schema\\\/person\\\/2c8f0a79218dad8660f4eeb9876dfee7\",\"name\":\"senda_midsa\",\"image\":{\"@type\":\"ImageObject\",\"inLanguage\":\"fr-FR\",\"@id\":\"https:\\\/\\\/secure.gravatar.com\\\/avatar\\\/2ad25152d66ab68f233ff1e771f5f5b61808045f5b306f63250027046f2b84c4?s=96&d=mm&r=g\",\"url\":\"https:\\\/\\\/secure.gravatar.com\\\/avatar\\\/2ad25152d66ab68f233ff1e771f5f5b61808045f5b306f63250027046f2b84c4?s=96&d=mm&r=g\",\"contentUrl\":\"https:\\\/\\\/secure.gravatar.com\\\/avatar\\\/2ad25152d66ab68f233ff1e771f5f5b61808045f5b306f63250027046f2b84c4?s=96&d=mm&r=g\",\"caption\":\"senda_midsa\"},\"sameAs\":[\"https:\\\/\\\/midsa.es\"],\"url\":\"https:\\\/\\\/midsa.es\\\/fr\\\/author\\\/senda_midsa\\\/\"}]}<\/script>\n<!-- \/ Yoast SEO plugin. -->","yoast_head_json":{"title":"LES DENTS DE LAIT, GRANDEMENT OUBLI\u00c9ES\u00a0? \u2014 MIDSA","robots":{"index":"index","follow":"follow","max-snippet":"max-snippet:-1","max-image-preview":"max-image-preview:large","max-video-preview":"max-video-preview:-1"},"canonical":"https:\/\/midsa.es\/fr\/06-07-2017-dents-de-lait\/","og_locale":"fr_FR","og_type":"article","og_title":"LOS DIENTES DE LECHE, \u00bfLOS GRANDES OLVIDADOS? &#8212; MIDSA","og_description":"En los \u00faltimos meses hemos podido observar en la consulta un gran n\u00famero de ni\u00f1os con caries en los dientes de leche, y en ciertos casos de gravedad.","og_url":"https:\/\/midsa.es\/fr\/06-07-2017-dents-de-lait\/","og_site_name":"MIDSA","article_publisher":"https:\/\/www.facebook.com\/midsaodontologiavalencia","article_published_time":"2017-07-06T07:56:41+00:00","og_image":[{"width":826,"height":462,"url":"https:\/\/midsa.es\/wp-content\/uploads\/2026\/02\/dientes-de-leche-1.jpg","type":"image\/jpeg"}],"author":"senda_midsa","twitter_card":"summary_large_image","twitter_misc":{"\u00c9crit par":"senda_midsa","Dur\u00e9e de lecture estim\u00e9e":"2 minutes"},"schema":{"@context":"https:\/\/schema.org","@graph":[{"@type":"Article","@id":"https:\/\/midsa.es\/2017-07-06-dientes-de-leche\/#article","isPartOf":{"@id":"https:\/\/midsa.es\/2017-07-06-dientes-de-leche\/"},"author":{"name":"senda_midsa","@id":"https:\/\/midsa.es\/#\/schema\/person\/2c8f0a79218dad8660f4eeb9876dfee7"},"headline":"LOS DIENTES DE LECHE, \u00bfLOS GRANDES OLVIDADOS?","datePublished":"2017-07-06T07:56:41+00:00","mainEntityOfPage":{"@id":"https:\/\/midsa.es\/2017-07-06-dientes-de-leche\/"},"wordCount":356,"commentCount":0,"publisher":{"@id":"https:\/\/midsa.es\/#organization"},"image":{"@id":"https:\/\/midsa.es\/2017-07-06-dientes-de-leche\/#primaryimage"},"thumbnailUrl":"https:\/\/midsa.es\/wp-content\/uploads\/2026\/02\/dientes-de-leche-1.jpg","articleSection":["ODONTOPEDIATRIA"],"inLanguage":"fr-FR","potentialAction":[{"@type":"CommentAction","name":"Comment","target":["https:\/\/midsa.es\/2017-07-06-dientes-de-leche\/#respond"]}]},{"@type":"WebPage","@id":"https:\/\/midsa.es\/2017-07-06-dientes-de-leche\/","url":"https:\/\/midsa.es\/2017-07-06-dientes-de-leche\/","name":"LES DENTS DE LAIT, GRANDEMENT OUBLI\u00c9ES\u00a0? \u2014 MIDSA","isPartOf":{"@id":"https:\/\/midsa.es\/#website"},"primaryImageOfPage":{"@id":"https:\/\/midsa.es\/2017-07-06-dientes-de-leche\/#primaryimage"},"image":{"@id":"https:\/\/midsa.es\/2017-07-06-dientes-de-leche\/#primaryimage"},"thumbnailUrl":"https:\/\/midsa.es\/wp-content\/uploads\/2026\/02\/dientes-de-leche-1.jpg","datePublished":"2017-07-06T07:56:41+00:00","breadcrumb":{"@id":"https:\/\/midsa.es\/2017-07-06-dientes-de-leche\/#breadcrumb"},"inLanguage":"fr-FR","potentialAction":[{"@type":"ReadAction","target":["https:\/\/midsa.es\/2017-07-06-dientes-de-leche\/"]}]},{"@type":"ImageObject","inLanguage":"fr-FR","@id":"https:\/\/midsa.es\/2017-07-06-dientes-de-leche\/#primaryimage","url":"https:\/\/midsa.es\/wp-content\/uploads\/2026\/02\/dientes-de-leche-1.jpg","contentUrl":"https:\/\/midsa.es\/wp-content\/uploads\/2026\/02\/dientes-de-leche-1.jpg","width":826,"height":462},{"@type":"BreadcrumbList","@id":"https:\/\/midsa.es\/2017-07-06-dientes-de-leche\/#breadcrumb","itemListElement":[{"@type":"ListItem","position":1,"name":"Portada","item":"https:\/\/midsa.es\/"},{"@type":"ListItem","position":2,"name":"LOS DIENTES DE LECHE, \u00bfLOS GRANDES OLVIDADOS?"}]},{"@type":"WebSite","@id":"https:\/\/midsa.es\/#website","url":"https:\/\/midsa.es\/","name":"Midsa Dentistry &amp; Co","description":"Nous sommes MIDSA, une clinique dentaire situ\u00e9e dans le quartier de l&#039;Eixample \u00e0 Valence. Des soins dentaires de pointe et un accompagnement personnalis\u00e9 au c\u0153ur de Valence.","publisher":{"@id":"https:\/\/midsa.es\/#organization"},"alternateName":"Midsa Odontolog\u00eda","potentialAction":[{"@type":"SearchAction","target":{"@type":"EntryPoint","urlTemplate":"https:\/\/midsa.es\/?s={search_term_string}"},"query-input":{"@type":"PropertyValueSpecification","valueRequired":true,"valueName":"search_term_string"}}],"inLanguage":"fr-FR"},{"@type":"Organization","@id":"https:\/\/midsa.es\/#organization","name":"Midsa Dentistry &amp; Co","alternateName":"Midsa Odontolog\u00eda","url":"https:\/\/midsa.es\/","logo":{"@type":"ImageObject","inLanguage":"fr-FR","@id":"https:\/\/midsa.es\/#\/schema\/logo\/image\/","url":"https:\/\/midsa.es\/wp-content\/uploads\/2026\/03\/logo_midsa.png","contentUrl":"https:\/\/midsa.es\/wp-content\/uploads\/2026\/03\/logo_midsa.png","width":1080,"height":361,"caption":"Midsa Odontolog\u00eda & Co"},"image":{"@id":"https:\/\/midsa.es\/#\/schema\/logo\/image\/"},"sameAs":["https:\/\/www.facebook.com\/midsaodontologiavalencia","https:\/\/www.instagram.com\/midsaodontologia\/"]},{"@type":"Person","@id":"https:\/\/midsa.es\/#\/schema\/person\/2c8f0a79218dad8660f4eeb9876dfee7","name":"senda_midsa","image":{"@type":"ImageObject","inLanguage":"fr-FR","@id":"https:\/\/secure.gravatar.com\/avatar\/2ad25152d66ab68f233ff1e771f5f5b61808045f5b306f63250027046f2b84c4?s=96&d=mm&r=g","url":"https:\/\/secure.gravatar.com\/avatar\/2ad25152d66ab68f233ff1e771f5f5b61808045f5b306f63250027046f2b84c4?s=96&d=mm&r=g","contentUrl":"https:\/\/secure.gravatar.com\/avatar\/2ad25152d66ab68f233ff1e771f5f5b61808045f5b306f63250027046f2b84c4?s=96&d=mm&r=g","caption":"senda_midsa"},"sameAs":["https:\/\/midsa.es"],"url":"https:\/\/midsa.es\/fr\/author\/senda_midsa\/"}]}},"_links":{"self":[{"href":"https:\/\/midsa.es\/fr\/wp-json\/wp\/v2\/posts\/147","targetHints":{"allow":["GET"]}}],"collection":[{"href":"https:\/\/midsa.es\/fr\/wp-json\/wp\/v2\/posts"}],"about":[{"href":"https:\/\/midsa.es\/fr\/wp-json\/wp\/v2\/types\/post"}],"author":[{"embeddable":true,"href":"https:\/\/midsa.es\/fr\/wp-json\/wp\/v2\/users\/1"}],"replies":[{"embeddable":true,"href":"https:\/\/midsa.es\/fr\/wp-json\/wp\/v2\/comments?post=147"}],"version-history":[{"count":0,"href":"https:\/\/midsa.es\/fr\/wp-json\/wp\/v2\/posts\/147\/revisions"}],"wp:featuredmedia":[{"embeddable":true,"href":"https:\/\/midsa.es\/fr\/wp-json\/wp\/v2\/media\/148"}],"wp:attachment":[{"href":"https:\/\/midsa.es\/fr\/wp-json\/wp\/v2\/media?parent=147"}],"wp:term":[{"taxonomy":"category","embeddable":true,"href":"https:\/\/midsa.es\/fr\/wp-json\/wp\/v2\/categories?post=147"},{"taxonomy":"post_tag","embeddable":true,"href":"https:\/\/midsa.es\/fr\/wp-json\/wp\/v2\/tags?post=147"}],"curies":[{"name":"wp","href":"https:\/\/api.w.org\/{rel}","templated":true}]}}