{"id":247,"date":"2022-02-17T11:48:17","date_gmt":"2022-02-17T10:48:17","guid":{"rendered":"https:\/\/midsa.es\/nueva\/index.php\/2022\/02\/17\/cuando-visitar-al-odontopediatra\/"},"modified":"2022-02-17T11:48:17","modified_gmt":"2022-02-17T10:48:17","slug":"when-to-visit-the-pediatric-dentist","status":"publish","type":"post","link":"https:\/\/midsa.es\/en\/cuando-visitar-al-odontopediatra\/","title":{"rendered":"When should you visit a pediatric dentist?"},"content":{"rendered":"<p><br \/>The first visit to the pediatric dentist should take place even before the first baby tooth erupts. It&#039;s a very quick and easy oral examination to detect any abnormalities in the first teeth, tongue, or frenulum (which can prevent proper breastfeeding and therefore requires a frenectomy in these cases).<br \/>In addition, we teach parents how to brush their child&#039;s teeth and explain which toothbrush and toothpaste to use. We also inform you about pacifier and bottle use, thumb sucking, and cariogenic foods, thus helping to prevent cavities in the future.<br \/>We will also check if your child breathes through their nose and if they keep their mouth closed at rest; also if they bite backwards on the sides or anteriorly and if the upper teeth cover the lower teeth; how they pronounce the s, zy, and r; if they sleep well, if they snore, if they grind their teeth a lot, etc.<br \/>Addressing this issue early will ensure that your face develops harmoniously and prevent complex problems that will be difficult to solve in the future.<br \/>Taking our children to the pediatric dentist from an early age will save us a lot of trouble, time and money, and they will be healthy and happy.<\/p>","protected":false},"excerpt":{"rendered":"<p>La primera visita al Odontopediatra debe realizarse incluso antes de que erupcione el primer diente de leche. Se trata de una revisi\u00f3n de la boca [&hellip;]<\/p>\n","protected":false},"author":1,"featured_media":213,"comment_status":"open","ping_status":"open","sticky":false,"template":"","format":"standard","meta":{"_acf_changed":false,"footnotes":""},"categories":[6],"tags":[],"class_list":["post-247","post","type-post","status-publish","format-standard","has-post-thumbnail","hentry","category-odontopediatria"],"acf":[],"yoast_head":"<!-- This site is optimized with the Yoast SEO plugin v27.5 - https:\/\/yoast.com\/product\/yoast-seo-wordpress\/ -->\n<title>\u00bfCu\u00e1ndo visitar al odontopediatra? &#8212; MIDSA<\/title>\n<meta name=\"description\" content=\"\u00bfCu\u00e1ndo visitar al odontopediatra? Edades clave, se\u00f1ales de alerta y por qu\u00e9 las revisiones peri\u00f3dicas marcan la diferencia en la salud dental.\" \/>\n<meta name=\"robots\" content=\"index, follow, max-snippet:-1, max-image-preview:large, max-video-preview:-1\" \/>\n<link rel=\"canonical\" href=\"https:\/\/midsa.es\/en\/when-to-visit-the-pediatric-dentist\/\" \/>\n<meta property=\"og:locale\" content=\"en_GB\" \/>\n<meta property=\"og:type\" content=\"article\" \/>\n<meta property=\"og:title\" content=\"\u00bfCu\u00e1ndo visitar al odontopediatra? &#8212; MIDSA\" \/>\n<meta property=\"og:description\" content=\"\u00bfCu\u00e1ndo visitar al odontopediatra? Edades clave, se\u00f1ales de alerta y por qu\u00e9 las revisiones peri\u00f3dicas marcan la diferencia en la salud dental.\" \/>\n<meta property=\"og:url\" content=\"https:\/\/midsa.es\/en\/when-to-visit-the-pediatric-dentist\/\" \/>\n<meta property=\"og:site_name\" content=\"MIDSA\" \/>\n<meta property=\"article:publisher\" content=\"https:\/\/www.facebook.com\/midsaodontologiavalencia\" \/>\n<meta property=\"article:published_time\" content=\"2022-02-17T10:48:17+00:00\" \/>\n<meta property=\"og:image\" content=\"https:\/\/midsa.es\/wp-content\/uploads\/2026\/02\/succion-dedo-pulgar.jpg\" \/>\n\t<meta property=\"og:image:width\" content=\"736\" \/>\n\t<meta property=\"og:image:height\" content=\"473\" \/>\n\t<meta property=\"og:image:type\" content=\"image\/jpeg\" \/>\n<meta name=\"author\" content=\"senda_midsa\" \/>\n<meta name=\"twitter:card\" content=\"summary_large_image\" \/>\n<meta name=\"twitter:label1\" content=\"Written by\" \/>\n\t<meta name=\"twitter:data1\" content=\"senda_midsa\" \/>\n\t<meta name=\"twitter:label2\" content=\"Estimated reading time\" \/>\n\t<meta name=\"twitter:data2\" content=\"1 minute\" \/>\n<script type=\"application\/ld+json\" class=\"yoast-schema-graph\">{\"@context\":\"https:\\\/\\\/schema.org\",\"@graph\":[{\"@type\":\"Article\",\"@id\":\"https:\\\/\\\/midsa.es\\\/cuando-visitar-al-odontopediatra\\\/#article\",\"isPartOf\":{\"@id\":\"https:\\\/\\\/midsa.es\\\/cuando-visitar-al-odontopediatra\\\/\"},\"author\":{\"name\":\"senda_midsa\",\"@id\":\"https:\\\/\\\/midsa.es\\\/#\\\/schema\\\/person\\\/2c8f0a79218dad8660f4eeb9876dfee7\"},\"headline\":\"\u00bfCu\u00e1ndo visitar al odontopediatra?\",\"datePublished\":\"2022-02-17T10:48:17+00:00\",\"mainEntityOfPage\":{\"@id\":\"https:\\\/\\\/midsa.es\\\/cuando-visitar-al-odontopediatra\\\/\"},\"wordCount\":232,\"commentCount\":0,\"publisher\":{\"@id\":\"https:\\\/\\\/midsa.es\\\/#organization\"},\"image\":{\"@id\":\"https:\\\/\\\/midsa.es\\\/cuando-visitar-al-odontopediatra\\\/#primaryimage\"},\"thumbnailUrl\":\"https:\\\/\\\/midsa.es\\\/wp-content\\\/uploads\\\/2026\\\/02\\\/succion-dedo-pulgar.jpg\",\"articleSection\":[\"ODONTOPEDIATRIA\"],\"inLanguage\":\"en-GB\",\"potentialAction\":[{\"@type\":\"CommentAction\",\"name\":\"Comment\",\"target\":[\"https:\\\/\\\/midsa.es\\\/cuando-visitar-al-odontopediatra\\\/#respond\"]}]},{\"@type\":\"WebPage\",\"@id\":\"https:\\\/\\\/midsa.es\\\/cuando-visitar-al-odontopediatra\\\/\",\"url\":\"https:\\\/\\\/midsa.es\\\/cuando-visitar-al-odontopediatra\\\/\",\"name\":\"\u00bfCu\u00e1ndo visitar al odontopediatra? &#8212; MIDSA\",\"isPartOf\":{\"@id\":\"https:\\\/\\\/midsa.es\\\/#website\"},\"primaryImageOfPage\":{\"@id\":\"https:\\\/\\\/midsa.es\\\/cuando-visitar-al-odontopediatra\\\/#primaryimage\"},\"image\":{\"@id\":\"https:\\\/\\\/midsa.es\\\/cuando-visitar-al-odontopediatra\\\/#primaryimage\"},\"thumbnailUrl\":\"https:\\\/\\\/midsa.es\\\/wp-content\\\/uploads\\\/2026\\\/02\\\/succion-dedo-pulgar.jpg\",\"datePublished\":\"2022-02-17T10:48:17+00:00\",\"description\":\"\u00bfCu\u00e1ndo visitar al odontopediatra? Edades clave, se\u00f1ales de alerta y por qu\u00e9 las revisiones peri\u00f3dicas marcan la diferencia en la salud dental.\",\"breadcrumb\":{\"@id\":\"https:\\\/\\\/midsa.es\\\/cuando-visitar-al-odontopediatra\\\/#breadcrumb\"},\"inLanguage\":\"en-GB\",\"potentialAction\":[{\"@type\":\"ReadAction\",\"target\":[\"https:\\\/\\\/midsa.es\\\/cuando-visitar-al-odontopediatra\\\/\"]}]},{\"@type\":\"ImageObject\",\"inLanguage\":\"en-GB\",\"@id\":\"https:\\\/\\\/midsa.es\\\/cuando-visitar-al-odontopediatra\\\/#primaryimage\",\"url\":\"https:\\\/\\\/midsa.es\\\/wp-content\\\/uploads\\\/2026\\\/02\\\/succion-dedo-pulgar.jpg\",\"contentUrl\":\"https:\\\/\\\/midsa.es\\\/wp-content\\\/uploads\\\/2026\\\/02\\\/succion-dedo-pulgar.jpg\",\"width\":736,\"height\":473},{\"@type\":\"BreadcrumbList\",\"@id\":\"https:\\\/\\\/midsa.es\\\/cuando-visitar-al-odontopediatra\\\/#breadcrumb\",\"itemListElement\":[{\"@type\":\"ListItem\",\"position\":1,\"name\":\"Portada\",\"item\":\"https:\\\/\\\/midsa.es\\\/\"},{\"@type\":\"ListItem\",\"position\":2,\"name\":\"\u00bfCu\u00e1ndo visitar al odontopediatra?\"}]},{\"@type\":\"WebSite\",\"@id\":\"https:\\\/\\\/midsa.es\\\/#website\",\"url\":\"https:\\\/\\\/midsa.es\\\/\",\"name\":\"Midsa Odontolog\u00eda & Co\",\"description\":\"Somos MIDSA, Cl\u00ednica Dental en L&#039;Eixample, Valencia. Odontolog\u00eda avanzada con trato cercano en el coraz\u00f3n de Valencia.\",\"publisher\":{\"@id\":\"https:\\\/\\\/midsa.es\\\/#organization\"},\"alternateName\":\"Midsa Odontolog\u00eda\",\"potentialAction\":[{\"@type\":\"SearchAction\",\"target\":{\"@type\":\"EntryPoint\",\"urlTemplate\":\"https:\\\/\\\/midsa.es\\\/?s={search_term_string}\"},\"query-input\":{\"@type\":\"PropertyValueSpecification\",\"valueRequired\":true,\"valueName\":\"search_term_string\"}}],\"inLanguage\":\"en-GB\"},{\"@type\":\"Organization\",\"@id\":\"https:\\\/\\\/midsa.es\\\/#organization\",\"name\":\"Midsa Odontolog\u00eda & Co\",\"alternateName\":\"Midsa Odontolog\u00eda\",\"url\":\"https:\\\/\\\/midsa.es\\\/\",\"logo\":{\"@type\":\"ImageObject\",\"inLanguage\":\"en-GB\",\"@id\":\"https:\\\/\\\/midsa.es\\\/#\\\/schema\\\/logo\\\/image\\\/\",\"url\":\"https:\\\/\\\/midsa.es\\\/wp-content\\\/uploads\\\/2026\\\/03\\\/logo_midsa.png\",\"contentUrl\":\"https:\\\/\\\/midsa.es\\\/wp-content\\\/uploads\\\/2026\\\/03\\\/logo_midsa.png\",\"width\":1080,\"height\":361,\"caption\":\"Midsa Odontolog\u00eda & Co\"},\"image\":{\"@id\":\"https:\\\/\\\/midsa.es\\\/#\\\/schema\\\/logo\\\/image\\\/\"},\"sameAs\":[\"https:\\\/\\\/www.facebook.com\\\/midsaodontologiavalencia\",\"https:\\\/\\\/www.instagram.com\\\/midsaodontologia\\\/\"]},{\"@type\":\"Person\",\"@id\":\"https:\\\/\\\/midsa.es\\\/#\\\/schema\\\/person\\\/2c8f0a79218dad8660f4eeb9876dfee7\",\"name\":\"senda_midsa\",\"image\":{\"@type\":\"ImageObject\",\"inLanguage\":\"en-GB\",\"@id\":\"https:\\\/\\\/secure.gravatar.com\\\/avatar\\\/2ad25152d66ab68f233ff1e771f5f5b61808045f5b306f63250027046f2b84c4?s=96&d=mm&r=g\",\"url\":\"https:\\\/\\\/secure.gravatar.com\\\/avatar\\\/2ad25152d66ab68f233ff1e771f5f5b61808045f5b306f63250027046f2b84c4?s=96&d=mm&r=g\",\"contentUrl\":\"https:\\\/\\\/secure.gravatar.com\\\/avatar\\\/2ad25152d66ab68f233ff1e771f5f5b61808045f5b306f63250027046f2b84c4?s=96&d=mm&r=g\",\"caption\":\"senda_midsa\"},\"sameAs\":[\"https:\\\/\\\/midsa.es\"],\"url\":\"https:\\\/\\\/midsa.es\\\/en\\\/author\\\/senda_midsa\\\/\"}]}<\/script>\n<!-- \/ Yoast SEO plugin. -->","yoast_head_json":{"title":"When should you visit a pediatric dentist? \u2014 MIDSA","description":"When should you visit a pediatric dentist? Key ages, warning signs, and why regular checkups make a difference in dental health.","robots":{"index":"index","follow":"follow","max-snippet":"max-snippet:-1","max-image-preview":"max-image-preview:large","max-video-preview":"max-video-preview:-1"},"canonical":"https:\/\/midsa.es\/en\/when-to-visit-the-pediatric-dentist\/","og_locale":"en_GB","og_type":"article","og_title":"\u00bfCu\u00e1ndo visitar al odontopediatra? &#8212; MIDSA","og_description":"\u00bfCu\u00e1ndo visitar al odontopediatra? Edades clave, se\u00f1ales de alerta y por qu\u00e9 las revisiones peri\u00f3dicas marcan la diferencia en la salud dental.","og_url":"https:\/\/midsa.es\/en\/when-to-visit-the-pediatric-dentist\/","og_site_name":"MIDSA","article_publisher":"https:\/\/www.facebook.com\/midsaodontologiavalencia","article_published_time":"2022-02-17T10:48:17+00:00","og_image":[{"width":736,"height":473,"url":"https:\/\/midsa.es\/wp-content\/uploads\/2026\/02\/succion-dedo-pulgar.jpg","type":"image\/jpeg"}],"author":"senda_midsa","twitter_card":"summary_large_image","twitter_misc":{"Written by":"senda_midsa","Estimated reading time":"1 minute"},"schema":{"@context":"https:\/\/schema.org","@graph":[{"@type":"Article","@id":"https:\/\/midsa.es\/cuando-visitar-al-odontopediatra\/#article","isPartOf":{"@id":"https:\/\/midsa.es\/cuando-visitar-al-odontopediatra\/"},"author":{"name":"senda_midsa","@id":"https:\/\/midsa.es\/#\/schema\/person\/2c8f0a79218dad8660f4eeb9876dfee7"},"headline":"\u00bfCu\u00e1ndo visitar al odontopediatra?","datePublished":"2022-02-17T10:48:17+00:00","mainEntityOfPage":{"@id":"https:\/\/midsa.es\/cuando-visitar-al-odontopediatra\/"},"wordCount":232,"commentCount":0,"publisher":{"@id":"https:\/\/midsa.es\/#organization"},"image":{"@id":"https:\/\/midsa.es\/cuando-visitar-al-odontopediatra\/#primaryimage"},"thumbnailUrl":"https:\/\/midsa.es\/wp-content\/uploads\/2026\/02\/succion-dedo-pulgar.jpg","articleSection":["ODONTOPEDIATRIA"],"inLanguage":"en-GB","potentialAction":[{"@type":"CommentAction","name":"Comment","target":["https:\/\/midsa.es\/cuando-visitar-al-odontopediatra\/#respond"]}]},{"@type":"WebPage","@id":"https:\/\/midsa.es\/cuando-visitar-al-odontopediatra\/","url":"https:\/\/midsa.es\/cuando-visitar-al-odontopediatra\/","name":"When should you visit a pediatric dentist? \u2014 MIDSA","isPartOf":{"@id":"https:\/\/midsa.es\/#website"},"primaryImageOfPage":{"@id":"https:\/\/midsa.es\/cuando-visitar-al-odontopediatra\/#primaryimage"},"image":{"@id":"https:\/\/midsa.es\/cuando-visitar-al-odontopediatra\/#primaryimage"},"thumbnailUrl":"https:\/\/midsa.es\/wp-content\/uploads\/2026\/02\/succion-dedo-pulgar.jpg","datePublished":"2022-02-17T10:48:17+00:00","description":"When should you visit a pediatric dentist? Key ages, warning signs, and why regular checkups make a difference in dental health.","breadcrumb":{"@id":"https:\/\/midsa.es\/cuando-visitar-al-odontopediatra\/#breadcrumb"},"inLanguage":"en-GB","potentialAction":[{"@type":"ReadAction","target":["https:\/\/midsa.es\/cuando-visitar-al-odontopediatra\/"]}]},{"@type":"ImageObject","inLanguage":"en-GB","@id":"https:\/\/midsa.es\/cuando-visitar-al-odontopediatra\/#primaryimage","url":"https:\/\/midsa.es\/wp-content\/uploads\/2026\/02\/succion-dedo-pulgar.jpg","contentUrl":"https:\/\/midsa.es\/wp-content\/uploads\/2026\/02\/succion-dedo-pulgar.jpg","width":736,"height":473},{"@type":"BreadcrumbList","@id":"https:\/\/midsa.es\/cuando-visitar-al-odontopediatra\/#breadcrumb","itemListElement":[{"@type":"ListItem","position":1,"name":"Portada","item":"https:\/\/midsa.es\/"},{"@type":"ListItem","position":2,"name":"\u00bfCu\u00e1ndo visitar al odontopediatra?"}]},{"@type":"WebSite","@id":"https:\/\/midsa.es\/#website","url":"https:\/\/midsa.es\/","name":"Midsa Dentistry &amp; Co","description":"We are MIDSA, a dental clinic in L&#039;Eixample, Valencia. Advanced dentistry with a personal touch in the heart of Valencia.","publisher":{"@id":"https:\/\/midsa.es\/#organization"},"alternateName":"Midsa Odontolog\u00eda","potentialAction":[{"@type":"SearchAction","target":{"@type":"EntryPoint","urlTemplate":"https:\/\/midsa.es\/?s={search_term_string}"},"query-input":{"@type":"PropertyValueSpecification","valueRequired":true,"valueName":"search_term_string"}}],"inLanguage":"en-GB"},{"@type":"Organization","@id":"https:\/\/midsa.es\/#organization","name":"Midsa Dentistry &amp; Co","alternateName":"Midsa Odontolog\u00eda","url":"https:\/\/midsa.es\/","logo":{"@type":"ImageObject","inLanguage":"en-GB","@id":"https:\/\/midsa.es\/#\/schema\/logo\/image\/","url":"https:\/\/midsa.es\/wp-content\/uploads\/2026\/03\/logo_midsa.png","contentUrl":"https:\/\/midsa.es\/wp-content\/uploads\/2026\/03\/logo_midsa.png","width":1080,"height":361,"caption":"Midsa Odontolog\u00eda & Co"},"image":{"@id":"https:\/\/midsa.es\/#\/schema\/logo\/image\/"},"sameAs":["https:\/\/www.facebook.com\/midsaodontologiavalencia","https:\/\/www.instagram.com\/midsaodontologia\/"]},{"@type":"Person","@id":"https:\/\/midsa.es\/#\/schema\/person\/2c8f0a79218dad8660f4eeb9876dfee7","name":"senda_midsa","image":{"@type":"ImageObject","inLanguage":"en-GB","@id":"https:\/\/secure.gravatar.com\/avatar\/2ad25152d66ab68f233ff1e771f5f5b61808045f5b306f63250027046f2b84c4?s=96&d=mm&r=g","url":"https:\/\/secure.gravatar.com\/avatar\/2ad25152d66ab68f233ff1e771f5f5b61808045f5b306f63250027046f2b84c4?s=96&d=mm&r=g","contentUrl":"https:\/\/secure.gravatar.com\/avatar\/2ad25152d66ab68f233ff1e771f5f5b61808045f5b306f63250027046f2b84c4?s=96&d=mm&r=g","caption":"senda_midsa"},"sameAs":["https:\/\/midsa.es"],"url":"https:\/\/midsa.es\/en\/author\/senda_midsa\/"}]}},"_links":{"self":[{"href":"https:\/\/midsa.es\/en\/wp-json\/wp\/v2\/posts\/247","targetHints":{"allow":["GET"]}}],"collection":[{"href":"https:\/\/midsa.es\/en\/wp-json\/wp\/v2\/posts"}],"about":[{"href":"https:\/\/midsa.es\/en\/wp-json\/wp\/v2\/types\/post"}],"author":[{"embeddable":true,"href":"https:\/\/midsa.es\/en\/wp-json\/wp\/v2\/users\/1"}],"replies":[{"embeddable":true,"href":"https:\/\/midsa.es\/en\/wp-json\/wp\/v2\/comments?post=247"}],"version-history":[{"count":0,"href":"https:\/\/midsa.es\/en\/wp-json\/wp\/v2\/posts\/247\/revisions"}],"wp:featuredmedia":[{"embeddable":true,"href":"https:\/\/midsa.es\/en\/wp-json\/wp\/v2\/media\/213"}],"wp:attachment":[{"href":"https:\/\/midsa.es\/en\/wp-json\/wp\/v2\/media?parent=247"}],"wp:term":[{"taxonomy":"category","embeddable":true,"href":"https:\/\/midsa.es\/en\/wp-json\/wp\/v2\/categories?post=247"},{"taxonomy":"post_tag","embeddable":true,"href":"https:\/\/midsa.es\/en\/wp-json\/wp\/v2\/tags?post=247"}],"curies":[{"name":"wp","href":"https:\/\/api.w.org\/{rel}","templated":true}]}}