{"id":230,"date":"2021-09-15T09:07:44","date_gmt":"2021-09-15T07:07:44","guid":{"rendered":"https:\/\/midsa.es\/nueva\/index.php\/2021\/09\/15\/la-respiracion-bucal-cambia-las-facciones-de-tu-hijo\/"},"modified":"2021-09-15T09:07:44","modified_gmt":"2021-09-15T07:07:44","slug":"does-mouth-breathing-change-your-childs-facial-features","status":"publish","type":"post","link":"https:\/\/midsa.es\/en\/la-respiracion-bucal-cambia-las-facciones-de-tu-hijo\/","title":{"rendered":"Mouth breathing changes your child&#039;s facial features"},"content":{"rendered":"<h2>Does breathing through your mouth deform your face?<\/h2>\t\t\n\t\t<p>This is one of the most common questions we receive at our dental clinic in Valencia from mothers and fathers concerned about their children&#039;s dental health.<\/p><p>As we&#039;ve seen in previous posts, the position of the tongue in the mouth is an important factor affecting facial development. When we breathe through our mouths or simply open them, the tongue naturally falls downwards and is no longer pressed against the roof of the mouth, which is what happens when we have our mouths closed and breathe through our noses.<\/p>\n<p>If the tongue is not positioned correctly, it will exert abnormal force on the teeth when swallowing or resting, which can cause the teeth to shift and become uneven. Long-term mouth breathing can also cause the jaw to recede, facial muscles to stiffen, and the cervical spine to tilt forward. As shown in the image:<\/p>\t\t\n\t\t\t\t\t\t\t\t\t\t\t\t\t<img decoding=\"async\" width=\"800\" height=\"458\" src=\"https:\/\/midsa.es\/wp-content\/uploads\/2021\/09\/respirador-nasal-e1631695670375-1024x586.jpg\" alt=\"\" srcset=\"https:\/\/midsa.es\/wp-content\/uploads\/2021\/09\/respirador-nasal-e1631695670375-1024x586.jpg 1024w, https:\/\/midsa.es\/wp-content\/uploads\/2021\/09\/respirador-nasal-e1631695670375-300x172.jpg 300w, https:\/\/midsa.es\/wp-content\/uploads\/2021\/09\/respirador-nasal-e1631695670375-768x439.jpg 768w, https:\/\/midsa.es\/wp-content\/uploads\/2021\/09\/respirador-nasal-e1631695670375.jpg 1080w\" sizes=\"(max-width: 800px) 100vw, 800px\" \/>\t\t\t\t\t\t\t\t\t\t\t\t\t\n\t\t\t\t\t\t\t\t\t\t\t\t\t<img decoding=\"async\" width=\"800\" height=\"462\" src=\"https:\/\/midsa.es\/wp-content\/uploads\/2021\/09\/malos_habitos_orales-e1631695944297-1024x591.png\" alt=\"\" srcset=\"https:\/\/midsa.es\/wp-content\/uploads\/2021\/09\/malos_habitos_orales-e1631695944297-1024x591.png 1024w, https:\/\/midsa.es\/wp-content\/uploads\/2021\/09\/malos_habitos_orales-e1631695944297-300x173.png 300w, https:\/\/midsa.es\/wp-content\/uploads\/2021\/09\/malos_habitos_orales-e1631695944297-768x443.png 768w, https:\/\/midsa.es\/wp-content\/uploads\/2021\/09\/malos_habitos_orales-e1631695944297.png 1286w\" sizes=\"(max-width: 800px) 100vw, 800px\" \/>\t\t\t\t\t\t\t\t\t\t\t\t\t\n\t\t<p>Besides worsening the appearance, <b>long-term mouth breathing<\/b> It can also affect mental development due to poor breathing and hypoxia. In severe cases, it can cause memory loss, slow reaction times, and a lower IQ. Snoring and holding your breath at night can cause <strong>Cerebral hypoxia, which not only affects intelligence, but can also affect the release of growth hormone<\/strong>, which eventually leads to short stature. Therefore,<b> Mouth breathing cannot be ignored and the consequences are many.<\/b><\/p><h2>\u00a0<\/h2><h2><strong>How can parents tell if their child is breathing through their mouth?<\/strong><\/h2><p>If you observe the following behaviors in your child daily, it is recommended that you schedule a consultation for treatment:<\/p><p>1- Open mouth at night, frequent snoring, restless sleep<\/p><p>2- Cracked lips, unpleasant breath, hoarse voice<\/p><p>3- Daytime apathy, lack of attention, irritability<\/p><p>4- Heavy nasal sounds, etc.<\/p><p><strong>At Midsa we specialize in the <a href=\"https:\/\/midsa.es\/en\/tratamientos-odontologia-general\/\">treatment<\/a> of this pathology<\/strong> using the Aragao function regulator technique (<strong>RFA<\/strong>), is a treatment that reaches all parts of the human body from the mouth, integrating the functions of the brain nerves, such as breathing, chewing, swallowing, smell, taste, hearing, balance and vision.<\/p><section data-id=\"40c5dc6f\" data-element_type=\"section\">\u00a0<\/section>\t\t\n\t\t\t<h2>How to correct mouth breathing?<\/h2>\t\t\n\t\t<p>Breathing through your mouth can not only cause bad breath and dryness, but it also affects oral health, leading to problems such as cavities and misaligned teeth. To correct this habit, it is essential to visit your dentist.<\/p><p>A dentist can identify the cause, which may be related to structural problems such as an incorrect bite or overgrown tonsils. They may also recommend solutions such as orthodontic appliances or myofunctional therapy to improve nasal breathing.<\/p><p>Don&#039;t let mouth breathing affect your health, visit your dentist and receive proper treatment!<\/p>","protected":false},"excerpt":{"rendered":"<p>\u00bfRespirar por la boca deforma la cara? Esta es una de las dudas que m\u00e1s no hacen en nuestra cl\u00ednica dental en Valencia madres y [&hellip;]<\/p>\n","protected":false},"author":1,"featured_media":0,"comment_status":"open","ping_status":"open","sticky":false,"template":"","format":"standard","meta":{"_acf_changed":false,"footnotes":""},"categories":[6,7],"tags":[],"class_list":["post-230","post","type-post","status-publish","format-standard","hentry","category-odontopediatria","category-ortodoncia-miofuncional"],"acf":[],"yoast_head":"<!-- This site is optimized with the Yoast SEO plugin v27.4 - https:\/\/yoast.com\/product\/yoast-seo-wordpress\/ -->\n<title>La respiraci\u00f3n bucal cambia las facciones de tu hijo &#8212; MIDSA<\/title>\n<meta name=\"robots\" content=\"index, follow, max-snippet:-1, max-image-preview:large, max-video-preview:-1\" \/>\n<link rel=\"canonical\" href=\"https:\/\/midsa.es\/en\/does-mouth-breathing-change-your-childs-facial-features\/\" \/>\n<meta property=\"og:locale\" content=\"en_GB\" \/>\n<meta property=\"og:type\" content=\"article\" \/>\n<meta property=\"og:title\" content=\"La respiraci\u00f3n bucal cambia las facciones de tu hijo &#8212; MIDSA\" \/>\n<meta property=\"og:description\" content=\"\u00bfRespirar por la boca deforma la cara? Esta es una de las dudas que m\u00e1s no hacen en nuestra cl\u00ednica dental en Valencia madres y [&hellip;]\" \/>\n<meta property=\"og:url\" content=\"https:\/\/midsa.es\/en\/does-mouth-breathing-change-your-childs-facial-features\/\" \/>\n<meta property=\"og:site_name\" content=\"MIDSA\" \/>\n<meta property=\"article:publisher\" content=\"https:\/\/www.facebook.com\/midsaodontologiavalencia\" \/>\n<meta property=\"article:published_time\" content=\"2021-09-15T07:07:44+00:00\" \/>\n<meta property=\"og:image\" content=\"https:\/\/midsa.es\/wp-content\/uploads\/2021\/09\/respirador-nasal-e1631695670375-1024x586.jpg\" \/>\n<meta name=\"author\" content=\"senda_midsa\" \/>\n<meta name=\"twitter:card\" content=\"summary_large_image\" \/>\n<meta name=\"twitter:label1\" content=\"Written by\" \/>\n\t<meta name=\"twitter:data1\" content=\"senda_midsa\" \/>\n\t<meta name=\"twitter:label2\" content=\"Estimated reading time\" \/>\n\t<meta name=\"twitter:data2\" content=\"3 minutes\" \/>\n<script type=\"application\/ld+json\" class=\"yoast-schema-graph\">{\"@context\":\"https:\\\/\\\/schema.org\",\"@graph\":[{\"@type\":\"Article\",\"@id\":\"https:\\\/\\\/midsa.es\\\/la-respiracion-bucal-cambia-las-facciones-de-tu-hijo\\\/#article\",\"isPartOf\":{\"@id\":\"https:\\\/\\\/midsa.es\\\/la-respiracion-bucal-cambia-las-facciones-de-tu-hijo\\\/\"},\"author\":{\"name\":\"senda_midsa\",\"@id\":\"https:\\\/\\\/midsa.es\\\/#\\\/schema\\\/person\\\/2c8f0a79218dad8660f4eeb9876dfee7\"},\"headline\":\"La respiraci\u00f3n bucal cambia las facciones de tu hijo\",\"datePublished\":\"2021-09-15T07:07:44+00:00\",\"mainEntityOfPage\":{\"@id\":\"https:\\\/\\\/midsa.es\\\/la-respiracion-bucal-cambia-las-facciones-de-tu-hijo\\\/\"},\"wordCount\":544,\"commentCount\":0,\"publisher\":{\"@id\":\"https:\\\/\\\/midsa.es\\\/#organization\"},\"image\":{\"@id\":\"https:\\\/\\\/midsa.es\\\/la-respiracion-bucal-cambia-las-facciones-de-tu-hijo\\\/#primaryimage\"},\"thumbnailUrl\":\"https:\\\/\\\/midsa.es\\\/wp-content\\\/uploads\\\/2021\\\/09\\\/respirador-nasal-e1631695670375-1024x586.jpg\",\"articleSection\":[\"ODONTOPEDIATRIA\",\"ORTODONCIA MIOFUNCIONAL\"],\"inLanguage\":\"en-GB\",\"potentialAction\":[{\"@type\":\"CommentAction\",\"name\":\"Comment\",\"target\":[\"https:\\\/\\\/midsa.es\\\/la-respiracion-bucal-cambia-las-facciones-de-tu-hijo\\\/#respond\"]}]},{\"@type\":\"WebPage\",\"@id\":\"https:\\\/\\\/midsa.es\\\/la-respiracion-bucal-cambia-las-facciones-de-tu-hijo\\\/\",\"url\":\"https:\\\/\\\/midsa.es\\\/la-respiracion-bucal-cambia-las-facciones-de-tu-hijo\\\/\",\"name\":\"La respiraci\u00f3n bucal cambia las facciones de tu hijo &#8212; MIDSA\",\"isPartOf\":{\"@id\":\"https:\\\/\\\/midsa.es\\\/#website\"},\"primaryImageOfPage\":{\"@id\":\"https:\\\/\\\/midsa.es\\\/la-respiracion-bucal-cambia-las-facciones-de-tu-hijo\\\/#primaryimage\"},\"image\":{\"@id\":\"https:\\\/\\\/midsa.es\\\/la-respiracion-bucal-cambia-las-facciones-de-tu-hijo\\\/#primaryimage\"},\"thumbnailUrl\":\"https:\\\/\\\/midsa.es\\\/wp-content\\\/uploads\\\/2021\\\/09\\\/respirador-nasal-e1631695670375-1024x586.jpg\",\"datePublished\":\"2021-09-15T07:07:44+00:00\",\"breadcrumb\":{\"@id\":\"https:\\\/\\\/midsa.es\\\/la-respiracion-bucal-cambia-las-facciones-de-tu-hijo\\\/#breadcrumb\"},\"inLanguage\":\"en-GB\",\"potentialAction\":[{\"@type\":\"ReadAction\",\"target\":[\"https:\\\/\\\/midsa.es\\\/la-respiracion-bucal-cambia-las-facciones-de-tu-hijo\\\/\"]}]},{\"@type\":\"ImageObject\",\"inLanguage\":\"en-GB\",\"@id\":\"https:\\\/\\\/midsa.es\\\/la-respiracion-bucal-cambia-las-facciones-de-tu-hijo\\\/#primaryimage\",\"url\":\"https:\\\/\\\/midsa.es\\\/wp-content\\\/uploads\\\/2021\\\/09\\\/respirador-nasal-e1631695670375-1024x586.jpg\",\"contentUrl\":\"https:\\\/\\\/midsa.es\\\/wp-content\\\/uploads\\\/2021\\\/09\\\/respirador-nasal-e1631695670375-1024x586.jpg\"},{\"@type\":\"BreadcrumbList\",\"@id\":\"https:\\\/\\\/midsa.es\\\/la-respiracion-bucal-cambia-las-facciones-de-tu-hijo\\\/#breadcrumb\",\"itemListElement\":[{\"@type\":\"ListItem\",\"position\":1,\"name\":\"Portada\",\"item\":\"https:\\\/\\\/midsa.es\\\/\"},{\"@type\":\"ListItem\",\"position\":2,\"name\":\"La respiraci\u00f3n bucal cambia las facciones de tu hijo\"}]},{\"@type\":\"WebSite\",\"@id\":\"https:\\\/\\\/midsa.es\\\/#website\",\"url\":\"https:\\\/\\\/midsa.es\\\/\",\"name\":\"Midsa Odontolog\u00eda & Co\",\"description\":\"Somos MIDSA, Cl\u00ednica Dental en L&#039;Eixample, Valencia. Odontolog\u00eda avanzada con trato cercano en el coraz\u00f3n de Valencia.\",\"publisher\":{\"@id\":\"https:\\\/\\\/midsa.es\\\/#organization\"},\"alternateName\":\"Midsa Odontolog\u00eda\",\"potentialAction\":[{\"@type\":\"SearchAction\",\"target\":{\"@type\":\"EntryPoint\",\"urlTemplate\":\"https:\\\/\\\/midsa.es\\\/?s={search_term_string}\"},\"query-input\":{\"@type\":\"PropertyValueSpecification\",\"valueRequired\":true,\"valueName\":\"search_term_string\"}}],\"inLanguage\":\"en-GB\"},{\"@type\":\"Organization\",\"@id\":\"https:\\\/\\\/midsa.es\\\/#organization\",\"name\":\"Midsa Odontolog\u00eda & Co\",\"alternateName\":\"Midsa Odontolog\u00eda\",\"url\":\"https:\\\/\\\/midsa.es\\\/\",\"logo\":{\"@type\":\"ImageObject\",\"inLanguage\":\"en-GB\",\"@id\":\"https:\\\/\\\/midsa.es\\\/#\\\/schema\\\/logo\\\/image\\\/\",\"url\":\"https:\\\/\\\/midsa.es\\\/wp-content\\\/uploads\\\/2026\\\/03\\\/logo_midsa.png\",\"contentUrl\":\"https:\\\/\\\/midsa.es\\\/wp-content\\\/uploads\\\/2026\\\/03\\\/logo_midsa.png\",\"width\":1080,\"height\":361,\"caption\":\"Midsa Odontolog\u00eda & Co\"},\"image\":{\"@id\":\"https:\\\/\\\/midsa.es\\\/#\\\/schema\\\/logo\\\/image\\\/\"},\"sameAs\":[\"https:\\\/\\\/www.facebook.com\\\/midsaodontologiavalencia\",\"https:\\\/\\\/www.instagram.com\\\/midsaodontologia\\\/\"]},{\"@type\":\"Person\",\"@id\":\"https:\\\/\\\/midsa.es\\\/#\\\/schema\\\/person\\\/2c8f0a79218dad8660f4eeb9876dfee7\",\"name\":\"senda_midsa\",\"image\":{\"@type\":\"ImageObject\",\"inLanguage\":\"en-GB\",\"@id\":\"https:\\\/\\\/secure.gravatar.com\\\/avatar\\\/2ad25152d66ab68f233ff1e771f5f5b61808045f5b306f63250027046f2b84c4?s=96&d=mm&r=g\",\"url\":\"https:\\\/\\\/secure.gravatar.com\\\/avatar\\\/2ad25152d66ab68f233ff1e771f5f5b61808045f5b306f63250027046f2b84c4?s=96&d=mm&r=g\",\"contentUrl\":\"https:\\\/\\\/secure.gravatar.com\\\/avatar\\\/2ad25152d66ab68f233ff1e771f5f5b61808045f5b306f63250027046f2b84c4?s=96&d=mm&r=g\",\"caption\":\"senda_midsa\"},\"sameAs\":[\"https:\\\/\\\/midsa.es\"],\"url\":\"https:\\\/\\\/midsa.es\\\/en\\\/author\\\/senda_midsa\\\/\"}]}<\/script>\n<!-- \/ Yoast SEO plugin. -->","yoast_head_json":{"title":"Mouth breathing changes your child&#039;s facial features \u2014 MIDSA","robots":{"index":"index","follow":"follow","max-snippet":"max-snippet:-1","max-image-preview":"max-image-preview:large","max-video-preview":"max-video-preview:-1"},"canonical":"https:\/\/midsa.es\/en\/does-mouth-breathing-change-your-childs-facial-features\/","og_locale":"en_GB","og_type":"article","og_title":"La respiraci\u00f3n bucal cambia las facciones de tu hijo &#8212; MIDSA","og_description":"\u00bfRespirar por la boca deforma la cara? Esta es una de las dudas que m\u00e1s no hacen en nuestra cl\u00ednica dental en Valencia madres y [&hellip;]","og_url":"https:\/\/midsa.es\/en\/does-mouth-breathing-change-your-childs-facial-features\/","og_site_name":"MIDSA","article_publisher":"https:\/\/www.facebook.com\/midsaodontologiavalencia","article_published_time":"2021-09-15T07:07:44+00:00","og_image":[{"url":"https:\/\/midsa.es\/wp-content\/uploads\/2021\/09\/respirador-nasal-e1631695670375-1024x586.jpg","type":"","width":"","height":""}],"author":"senda_midsa","twitter_card":"summary_large_image","twitter_misc":{"Written by":"senda_midsa","Estimated reading time":"3 minutes"},"schema":{"@context":"https:\/\/schema.org","@graph":[{"@type":"Article","@id":"https:\/\/midsa.es\/la-respiracion-bucal-cambia-las-facciones-de-tu-hijo\/#article","isPartOf":{"@id":"https:\/\/midsa.es\/la-respiracion-bucal-cambia-las-facciones-de-tu-hijo\/"},"author":{"name":"senda_midsa","@id":"https:\/\/midsa.es\/#\/schema\/person\/2c8f0a79218dad8660f4eeb9876dfee7"},"headline":"La respiraci\u00f3n bucal cambia las facciones de tu hijo","datePublished":"2021-09-15T07:07:44+00:00","mainEntityOfPage":{"@id":"https:\/\/midsa.es\/la-respiracion-bucal-cambia-las-facciones-de-tu-hijo\/"},"wordCount":544,"commentCount":0,"publisher":{"@id":"https:\/\/midsa.es\/#organization"},"image":{"@id":"https:\/\/midsa.es\/la-respiracion-bucal-cambia-las-facciones-de-tu-hijo\/#primaryimage"},"thumbnailUrl":"https:\/\/midsa.es\/wp-content\/uploads\/2021\/09\/respirador-nasal-e1631695670375-1024x586.jpg","articleSection":["ODONTOPEDIATRIA","ORTODONCIA MIOFUNCIONAL"],"inLanguage":"en-GB","potentialAction":[{"@type":"CommentAction","name":"Comment","target":["https:\/\/midsa.es\/la-respiracion-bucal-cambia-las-facciones-de-tu-hijo\/#respond"]}]},{"@type":"WebPage","@id":"https:\/\/midsa.es\/la-respiracion-bucal-cambia-las-facciones-de-tu-hijo\/","url":"https:\/\/midsa.es\/la-respiracion-bucal-cambia-las-facciones-de-tu-hijo\/","name":"Mouth breathing changes your child&#039;s facial features \u2014 MIDSA","isPartOf":{"@id":"https:\/\/midsa.es\/#website"},"primaryImageOfPage":{"@id":"https:\/\/midsa.es\/la-respiracion-bucal-cambia-las-facciones-de-tu-hijo\/#primaryimage"},"image":{"@id":"https:\/\/midsa.es\/la-respiracion-bucal-cambia-las-facciones-de-tu-hijo\/#primaryimage"},"thumbnailUrl":"https:\/\/midsa.es\/wp-content\/uploads\/2021\/09\/respirador-nasal-e1631695670375-1024x586.jpg","datePublished":"2021-09-15T07:07:44+00:00","breadcrumb":{"@id":"https:\/\/midsa.es\/la-respiracion-bucal-cambia-las-facciones-de-tu-hijo\/#breadcrumb"},"inLanguage":"en-GB","potentialAction":[{"@type":"ReadAction","target":["https:\/\/midsa.es\/la-respiracion-bucal-cambia-las-facciones-de-tu-hijo\/"]}]},{"@type":"ImageObject","inLanguage":"en-GB","@id":"https:\/\/midsa.es\/la-respiracion-bucal-cambia-las-facciones-de-tu-hijo\/#primaryimage","url":"https:\/\/midsa.es\/wp-content\/uploads\/2021\/09\/respirador-nasal-e1631695670375-1024x586.jpg","contentUrl":"https:\/\/midsa.es\/wp-content\/uploads\/2021\/09\/respirador-nasal-e1631695670375-1024x586.jpg"},{"@type":"BreadcrumbList","@id":"https:\/\/midsa.es\/la-respiracion-bucal-cambia-las-facciones-de-tu-hijo\/#breadcrumb","itemListElement":[{"@type":"ListItem","position":1,"name":"Portada","item":"https:\/\/midsa.es\/"},{"@type":"ListItem","position":2,"name":"La respiraci\u00f3n bucal cambia las facciones de tu hijo"}]},{"@type":"WebSite","@id":"https:\/\/midsa.es\/#website","url":"https:\/\/midsa.es\/","name":"Midsa Dentistry &amp; Co","description":"We are MIDSA, a dental clinic in L&#039;Eixample, Valencia. Advanced dentistry with a personal touch in the heart of Valencia.","publisher":{"@id":"https:\/\/midsa.es\/#organization"},"alternateName":"Midsa Odontolog\u00eda","potentialAction":[{"@type":"SearchAction","target":{"@type":"EntryPoint","urlTemplate":"https:\/\/midsa.es\/?s={search_term_string}"},"query-input":{"@type":"PropertyValueSpecification","valueRequired":true,"valueName":"search_term_string"}}],"inLanguage":"en-GB"},{"@type":"Organization","@id":"https:\/\/midsa.es\/#organization","name":"Midsa Dentistry &amp; Co","alternateName":"Midsa Odontolog\u00eda","url":"https:\/\/midsa.es\/","logo":{"@type":"ImageObject","inLanguage":"en-GB","@id":"https:\/\/midsa.es\/#\/schema\/logo\/image\/","url":"https:\/\/midsa.es\/wp-content\/uploads\/2026\/03\/logo_midsa.png","contentUrl":"https:\/\/midsa.es\/wp-content\/uploads\/2026\/03\/logo_midsa.png","width":1080,"height":361,"caption":"Midsa Odontolog\u00eda & Co"},"image":{"@id":"https:\/\/midsa.es\/#\/schema\/logo\/image\/"},"sameAs":["https:\/\/www.facebook.com\/midsaodontologiavalencia","https:\/\/www.instagram.com\/midsaodontologia\/"]},{"@type":"Person","@id":"https:\/\/midsa.es\/#\/schema\/person\/2c8f0a79218dad8660f4eeb9876dfee7","name":"senda_midsa","image":{"@type":"ImageObject","inLanguage":"en-GB","@id":"https:\/\/secure.gravatar.com\/avatar\/2ad25152d66ab68f233ff1e771f5f5b61808045f5b306f63250027046f2b84c4?s=96&d=mm&r=g","url":"https:\/\/secure.gravatar.com\/avatar\/2ad25152d66ab68f233ff1e771f5f5b61808045f5b306f63250027046f2b84c4?s=96&d=mm&r=g","contentUrl":"https:\/\/secure.gravatar.com\/avatar\/2ad25152d66ab68f233ff1e771f5f5b61808045f5b306f63250027046f2b84c4?s=96&d=mm&r=g","caption":"senda_midsa"},"sameAs":["https:\/\/midsa.es"],"url":"https:\/\/midsa.es\/en\/author\/senda_midsa\/"}]}},"_links":{"self":[{"href":"https:\/\/midsa.es\/en\/wp-json\/wp\/v2\/posts\/230","targetHints":{"allow":["GET"]}}],"collection":[{"href":"https:\/\/midsa.es\/en\/wp-json\/wp\/v2\/posts"}],"about":[{"href":"https:\/\/midsa.es\/en\/wp-json\/wp\/v2\/types\/post"}],"author":[{"embeddable":true,"href":"https:\/\/midsa.es\/en\/wp-json\/wp\/v2\/users\/1"}],"replies":[{"embeddable":true,"href":"https:\/\/midsa.es\/en\/wp-json\/wp\/v2\/comments?post=230"}],"version-history":[{"count":0,"href":"https:\/\/midsa.es\/en\/wp-json\/wp\/v2\/posts\/230\/revisions"}],"wp:attachment":[{"href":"https:\/\/midsa.es\/en\/wp-json\/wp\/v2\/media?parent=230"}],"wp:term":[{"taxonomy":"category","embeddable":true,"href":"https:\/\/midsa.es\/en\/wp-json\/wp\/v2\/categories?post=230"},{"taxonomy":"post_tag","embeddable":true,"href":"https:\/\/midsa.es\/en\/wp-json\/wp\/v2\/tags?post=230"}],"curies":[{"name":"wp","href":"https:\/\/api.w.org\/{rel}","templated":true}]}}