{"id":206,"date":"2019-02-04T10:38:15","date_gmt":"2019-02-04T09:38:15","guid":{"rendered":"https:\/\/midsa.es\/nueva\/index.php\/2019\/02\/04\/blanqueamiento-dental-si-no\/"},"modified":"2019-02-04T10:38:15","modified_gmt":"2019-02-04T09:38:15","slug":"teeth-whitening-if-not","status":"publish","type":"post","link":"https:\/\/midsa.es\/en\/blanqueamiento-dental-si-no\/","title":{"rendered":"Teeth whitening? Yes\/No?"},"content":{"rendered":"<p>Today we are going to clear up all those doubts that are going through the minds of many patients who are thinking about getting their teeth whitened.<\/p>\n\n\n\n<p>Many patients are afraid that teeth whitening will damage their teeth, well, <strong>That&#039;s not the case<\/strong>, Provided it&#039;s done by a professional with a quality product, teeth whitening can be performed in the clinic using a gel or with a home kit that includes custom-made trays and the product needed to complete the treatment over 15 days, which yields excellent results.<\/p>\n\n\n\n<p>Beware of miracle products, no matter how many ads you&#039;ve seen for at-home teeth whitening. The only way to whiten teeth effectively is by oxidizing the staining substances from the inside out with professional products.<\/p>\n\n\n\n<p>Will teeth whitening cause tooth sensitivity? After teeth whitening, it&#039;s normal to have sensitive teeth for approximately 24-72 hours. <\/p>\n\n\n\n<p>Steps before and after whitening:<\/p>\n\n\n\n<ul class=\"wp-block-list\"><li>Before treatment, oral hygiene and a check for cavities and gums must be performed. <\/li><li>Once the whitening has been done, avoid eating foods that stain your teeth for the next 15 days.<\/li><\/ul>\n\n\n\n<p>If you&#039;re thinking about getting your teeth whitened, don&#039;t hesitate to come see us and you&#039;ll have perfect teeth.<\/p>\n\n\n\n<p><\/p>","protected":false},"excerpt":{"rendered":"<p>Hoy vamos a aclarar todas esas dudas que rondan en la cabeza de muchos de los pacientes que est\u00e1n pensando en hacerse un blanqueamiento dental. [&hellip;]<\/p>\n","protected":false},"author":1,"featured_media":207,"comment_status":"open","ping_status":"open","sticky":false,"template":"","format":"standard","meta":{"_acf_changed":false,"footnotes":""},"categories":[3,5],"tags":[],"class_list":["post-206","post","type-post","status-publish","format-standard","has-post-thumbnail","hentry","category-articulos-salud-bucal","category-consejos"],"acf":[],"yoast_head":"<!-- This site is optimized with the Yoast SEO plugin v27.4 - https:\/\/yoast.com\/product\/yoast-seo-wordpress\/ -->\n<title>\u00bfBlanqueamiento dental? \u00bfSI\/No? &#8212; MIDSA<\/title>\n<meta name=\"robots\" content=\"index, follow, max-snippet:-1, max-image-preview:large, max-video-preview:-1\" \/>\n<link rel=\"canonical\" href=\"https:\/\/midsa.es\/en\/teeth-whitening-if-not\/\" \/>\n<meta property=\"og:locale\" content=\"en_GB\" \/>\n<meta property=\"og:type\" content=\"article\" \/>\n<meta property=\"og:title\" content=\"\u00bfBlanqueamiento dental? \u00bfSI\/No? &#8212; MIDSA\" \/>\n<meta property=\"og:description\" content=\"Hoy vamos a aclarar todas esas dudas que rondan en la cabeza de muchos de los pacientes que est\u00e1n pensando en hacerse un blanqueamiento dental. [&hellip;]\" \/>\n<meta property=\"og:url\" content=\"https:\/\/midsa.es\/en\/teeth-whitening-if-not\/\" \/>\n<meta property=\"og:site_name\" content=\"MIDSA\" \/>\n<meta property=\"article:publisher\" content=\"https:\/\/www.facebook.com\/midsaodontologiavalencia\" \/>\n<meta property=\"article:published_time\" content=\"2019-02-04T09:38:15+00:00\" \/>\n<meta property=\"og:image\" content=\"https:\/\/midsa.es\/wp-content\/uploads\/2026\/02\/midsa-odontologia-1.jpg\" \/>\n\t<meta property=\"og:image:width\" content=\"1080\" \/>\n\t<meta property=\"og:image:height\" content=\"1080\" \/>\n\t<meta property=\"og:image:type\" content=\"image\/jpeg\" \/>\n<meta name=\"author\" content=\"senda_midsa\" \/>\n<meta name=\"twitter:card\" content=\"summary_large_image\" \/>\n<meta name=\"twitter:label1\" content=\"Written by\" \/>\n\t<meta name=\"twitter:data1\" content=\"senda_midsa\" \/>\n\t<meta name=\"twitter:label2\" content=\"Estimated reading time\" \/>\n\t<meta name=\"twitter:data2\" content=\"1 minute\" \/>\n<script type=\"application\/ld+json\" class=\"yoast-schema-graph\">{\"@context\":\"https:\\\/\\\/schema.org\",\"@graph\":[{\"@type\":\"Article\",\"@id\":\"https:\\\/\\\/midsa.es\\\/blanqueamiento-dental-si-no\\\/#article\",\"isPartOf\":{\"@id\":\"https:\\\/\\\/midsa.es\\\/blanqueamiento-dental-si-no\\\/\"},\"author\":{\"name\":\"senda_midsa\",\"@id\":\"https:\\\/\\\/midsa.es\\\/#\\\/schema\\\/person\\\/2c8f0a79218dad8660f4eeb9876dfee7\"},\"headline\":\"\u00bfBlanqueamiento dental? \u00bfSI\\\/No?\",\"datePublished\":\"2019-02-04T09:38:15+00:00\",\"mainEntityOfPage\":{\"@id\":\"https:\\\/\\\/midsa.es\\\/blanqueamiento-dental-si-no\\\/\"},\"wordCount\":232,\"commentCount\":0,\"publisher\":{\"@id\":\"https:\\\/\\\/midsa.es\\\/#organization\"},\"image\":{\"@id\":\"https:\\\/\\\/midsa.es\\\/blanqueamiento-dental-si-no\\\/#primaryimage\"},\"thumbnailUrl\":\"https:\\\/\\\/midsa.es\\\/wp-content\\\/uploads\\\/2026\\\/02\\\/midsa-odontologia-1.jpg\",\"articleSection\":[\"ARTICULOS SALUD BUCAL\",\"CONSEJOS\"],\"inLanguage\":\"en-GB\",\"potentialAction\":[{\"@type\":\"CommentAction\",\"name\":\"Comment\",\"target\":[\"https:\\\/\\\/midsa.es\\\/blanqueamiento-dental-si-no\\\/#respond\"]}]},{\"@type\":\"WebPage\",\"@id\":\"https:\\\/\\\/midsa.es\\\/blanqueamiento-dental-si-no\\\/\",\"url\":\"https:\\\/\\\/midsa.es\\\/blanqueamiento-dental-si-no\\\/\",\"name\":\"\u00bfBlanqueamiento dental? \u00bfSI\\\/No? &#8212; MIDSA\",\"isPartOf\":{\"@id\":\"https:\\\/\\\/midsa.es\\\/#website\"},\"primaryImageOfPage\":{\"@id\":\"https:\\\/\\\/midsa.es\\\/blanqueamiento-dental-si-no\\\/#primaryimage\"},\"image\":{\"@id\":\"https:\\\/\\\/midsa.es\\\/blanqueamiento-dental-si-no\\\/#primaryimage\"},\"thumbnailUrl\":\"https:\\\/\\\/midsa.es\\\/wp-content\\\/uploads\\\/2026\\\/02\\\/midsa-odontologia-1.jpg\",\"datePublished\":\"2019-02-04T09:38:15+00:00\",\"breadcrumb\":{\"@id\":\"https:\\\/\\\/midsa.es\\\/blanqueamiento-dental-si-no\\\/#breadcrumb\"},\"inLanguage\":\"en-GB\",\"potentialAction\":[{\"@type\":\"ReadAction\",\"target\":[\"https:\\\/\\\/midsa.es\\\/blanqueamiento-dental-si-no\\\/\"]}]},{\"@type\":\"ImageObject\",\"inLanguage\":\"en-GB\",\"@id\":\"https:\\\/\\\/midsa.es\\\/blanqueamiento-dental-si-no\\\/#primaryimage\",\"url\":\"https:\\\/\\\/midsa.es\\\/wp-content\\\/uploads\\\/2026\\\/02\\\/midsa-odontologia-1.jpg\",\"contentUrl\":\"https:\\\/\\\/midsa.es\\\/wp-content\\\/uploads\\\/2026\\\/02\\\/midsa-odontologia-1.jpg\",\"width\":1080,\"height\":1080},{\"@type\":\"BreadcrumbList\",\"@id\":\"https:\\\/\\\/midsa.es\\\/blanqueamiento-dental-si-no\\\/#breadcrumb\",\"itemListElement\":[{\"@type\":\"ListItem\",\"position\":1,\"name\":\"Portada\",\"item\":\"https:\\\/\\\/midsa.es\\\/\"},{\"@type\":\"ListItem\",\"position\":2,\"name\":\"\u00bfBlanqueamiento dental? \u00bfSI\\\/No?\"}]},{\"@type\":\"WebSite\",\"@id\":\"https:\\\/\\\/midsa.es\\\/#website\",\"url\":\"https:\\\/\\\/midsa.es\\\/\",\"name\":\"Midsa Odontolog\u00eda & Co\",\"description\":\"Somos MIDSA, Cl\u00ednica Dental en L&#039;Eixample, Valencia. Odontolog\u00eda avanzada con trato cercano en el coraz\u00f3n de Valencia.\",\"publisher\":{\"@id\":\"https:\\\/\\\/midsa.es\\\/#organization\"},\"alternateName\":\"Midsa Odontolog\u00eda\",\"potentialAction\":[{\"@type\":\"SearchAction\",\"target\":{\"@type\":\"EntryPoint\",\"urlTemplate\":\"https:\\\/\\\/midsa.es\\\/?s={search_term_string}\"},\"query-input\":{\"@type\":\"PropertyValueSpecification\",\"valueRequired\":true,\"valueName\":\"search_term_string\"}}],\"inLanguage\":\"en-GB\"},{\"@type\":\"Organization\",\"@id\":\"https:\\\/\\\/midsa.es\\\/#organization\",\"name\":\"Midsa Odontolog\u00eda & Co\",\"alternateName\":\"Midsa Odontolog\u00eda\",\"url\":\"https:\\\/\\\/midsa.es\\\/\",\"logo\":{\"@type\":\"ImageObject\",\"inLanguage\":\"en-GB\",\"@id\":\"https:\\\/\\\/midsa.es\\\/#\\\/schema\\\/logo\\\/image\\\/\",\"url\":\"https:\\\/\\\/midsa.es\\\/wp-content\\\/uploads\\\/2026\\\/03\\\/logo_midsa.png\",\"contentUrl\":\"https:\\\/\\\/midsa.es\\\/wp-content\\\/uploads\\\/2026\\\/03\\\/logo_midsa.png\",\"width\":1080,\"height\":361,\"caption\":\"Midsa Odontolog\u00eda & Co\"},\"image\":{\"@id\":\"https:\\\/\\\/midsa.es\\\/#\\\/schema\\\/logo\\\/image\\\/\"},\"sameAs\":[\"https:\\\/\\\/www.facebook.com\\\/midsaodontologiavalencia\",\"https:\\\/\\\/www.instagram.com\\\/midsaodontologia\\\/\"]},{\"@type\":\"Person\",\"@id\":\"https:\\\/\\\/midsa.es\\\/#\\\/schema\\\/person\\\/2c8f0a79218dad8660f4eeb9876dfee7\",\"name\":\"senda_midsa\",\"image\":{\"@type\":\"ImageObject\",\"inLanguage\":\"en-GB\",\"@id\":\"https:\\\/\\\/secure.gravatar.com\\\/avatar\\\/2ad25152d66ab68f233ff1e771f5f5b61808045f5b306f63250027046f2b84c4?s=96&d=mm&r=g\",\"url\":\"https:\\\/\\\/secure.gravatar.com\\\/avatar\\\/2ad25152d66ab68f233ff1e771f5f5b61808045f5b306f63250027046f2b84c4?s=96&d=mm&r=g\",\"contentUrl\":\"https:\\\/\\\/secure.gravatar.com\\\/avatar\\\/2ad25152d66ab68f233ff1e771f5f5b61808045f5b306f63250027046f2b84c4?s=96&d=mm&r=g\",\"caption\":\"senda_midsa\"},\"sameAs\":[\"https:\\\/\\\/midsa.es\"],\"url\":\"https:\\\/\\\/midsa.es\\\/en\\\/author\\\/senda_midsa\\\/\"}]}<\/script>\n<!-- \/ Yoast SEO plugin. -->","yoast_head_json":{"title":"Teeth whitening? Yes\/No? \u2014 MIDSA","robots":{"index":"index","follow":"follow","max-snippet":"max-snippet:-1","max-image-preview":"max-image-preview:large","max-video-preview":"max-video-preview:-1"},"canonical":"https:\/\/midsa.es\/en\/teeth-whitening-if-not\/","og_locale":"en_GB","og_type":"article","og_title":"\u00bfBlanqueamiento dental? \u00bfSI\/No? &#8212; MIDSA","og_description":"Hoy vamos a aclarar todas esas dudas que rondan en la cabeza de muchos de los pacientes que est\u00e1n pensando en hacerse un blanqueamiento dental. [&hellip;]","og_url":"https:\/\/midsa.es\/en\/teeth-whitening-if-not\/","og_site_name":"MIDSA","article_publisher":"https:\/\/www.facebook.com\/midsaodontologiavalencia","article_published_time":"2019-02-04T09:38:15+00:00","og_image":[{"width":1080,"height":1080,"url":"https:\/\/midsa.es\/wp-content\/uploads\/2026\/02\/midsa-odontologia-1.jpg","type":"image\/jpeg"}],"author":"senda_midsa","twitter_card":"summary_large_image","twitter_misc":{"Written by":"senda_midsa","Estimated reading time":"1 minute"},"schema":{"@context":"https:\/\/schema.org","@graph":[{"@type":"Article","@id":"https:\/\/midsa.es\/blanqueamiento-dental-si-no\/#article","isPartOf":{"@id":"https:\/\/midsa.es\/blanqueamiento-dental-si-no\/"},"author":{"name":"senda_midsa","@id":"https:\/\/midsa.es\/#\/schema\/person\/2c8f0a79218dad8660f4eeb9876dfee7"},"headline":"\u00bfBlanqueamiento dental? \u00bfSI\/No?","datePublished":"2019-02-04T09:38:15+00:00","mainEntityOfPage":{"@id":"https:\/\/midsa.es\/blanqueamiento-dental-si-no\/"},"wordCount":232,"commentCount":0,"publisher":{"@id":"https:\/\/midsa.es\/#organization"},"image":{"@id":"https:\/\/midsa.es\/blanqueamiento-dental-si-no\/#primaryimage"},"thumbnailUrl":"https:\/\/midsa.es\/wp-content\/uploads\/2026\/02\/midsa-odontologia-1.jpg","articleSection":["ARTICULOS SALUD BUCAL","CONSEJOS"],"inLanguage":"en-GB","potentialAction":[{"@type":"CommentAction","name":"Comment","target":["https:\/\/midsa.es\/blanqueamiento-dental-si-no\/#respond"]}]},{"@type":"WebPage","@id":"https:\/\/midsa.es\/blanqueamiento-dental-si-no\/","url":"https:\/\/midsa.es\/blanqueamiento-dental-si-no\/","name":"Teeth whitening? Yes\/No? \u2014 MIDSA","isPartOf":{"@id":"https:\/\/midsa.es\/#website"},"primaryImageOfPage":{"@id":"https:\/\/midsa.es\/blanqueamiento-dental-si-no\/#primaryimage"},"image":{"@id":"https:\/\/midsa.es\/blanqueamiento-dental-si-no\/#primaryimage"},"thumbnailUrl":"https:\/\/midsa.es\/wp-content\/uploads\/2026\/02\/midsa-odontologia-1.jpg","datePublished":"2019-02-04T09:38:15+00:00","breadcrumb":{"@id":"https:\/\/midsa.es\/blanqueamiento-dental-si-no\/#breadcrumb"},"inLanguage":"en-GB","potentialAction":[{"@type":"ReadAction","target":["https:\/\/midsa.es\/blanqueamiento-dental-si-no\/"]}]},{"@type":"ImageObject","inLanguage":"en-GB","@id":"https:\/\/midsa.es\/blanqueamiento-dental-si-no\/#primaryimage","url":"https:\/\/midsa.es\/wp-content\/uploads\/2026\/02\/midsa-odontologia-1.jpg","contentUrl":"https:\/\/midsa.es\/wp-content\/uploads\/2026\/02\/midsa-odontologia-1.jpg","width":1080,"height":1080},{"@type":"BreadcrumbList","@id":"https:\/\/midsa.es\/blanqueamiento-dental-si-no\/#breadcrumb","itemListElement":[{"@type":"ListItem","position":1,"name":"Portada","item":"https:\/\/midsa.es\/"},{"@type":"ListItem","position":2,"name":"\u00bfBlanqueamiento dental? \u00bfSI\/No?"}]},{"@type":"WebSite","@id":"https:\/\/midsa.es\/#website","url":"https:\/\/midsa.es\/","name":"Midsa Dentistry &amp; Co","description":"We are MIDSA, a dental clinic in L&#039;Eixample, Valencia. Advanced dentistry with a personal touch in the heart of Valencia.","publisher":{"@id":"https:\/\/midsa.es\/#organization"},"alternateName":"Midsa Odontolog\u00eda","potentialAction":[{"@type":"SearchAction","target":{"@type":"EntryPoint","urlTemplate":"https:\/\/midsa.es\/?s={search_term_string}"},"query-input":{"@type":"PropertyValueSpecification","valueRequired":true,"valueName":"search_term_string"}}],"inLanguage":"en-GB"},{"@type":"Organization","@id":"https:\/\/midsa.es\/#organization","name":"Midsa Dentistry &amp; Co","alternateName":"Midsa Odontolog\u00eda","url":"https:\/\/midsa.es\/","logo":{"@type":"ImageObject","inLanguage":"en-GB","@id":"https:\/\/midsa.es\/#\/schema\/logo\/image\/","url":"https:\/\/midsa.es\/wp-content\/uploads\/2026\/03\/logo_midsa.png","contentUrl":"https:\/\/midsa.es\/wp-content\/uploads\/2026\/03\/logo_midsa.png","width":1080,"height":361,"caption":"Midsa Odontolog\u00eda & Co"},"image":{"@id":"https:\/\/midsa.es\/#\/schema\/logo\/image\/"},"sameAs":["https:\/\/www.facebook.com\/midsaodontologiavalencia","https:\/\/www.instagram.com\/midsaodontologia\/"]},{"@type":"Person","@id":"https:\/\/midsa.es\/#\/schema\/person\/2c8f0a79218dad8660f4eeb9876dfee7","name":"senda_midsa","image":{"@type":"ImageObject","inLanguage":"en-GB","@id":"https:\/\/secure.gravatar.com\/avatar\/2ad25152d66ab68f233ff1e771f5f5b61808045f5b306f63250027046f2b84c4?s=96&d=mm&r=g","url":"https:\/\/secure.gravatar.com\/avatar\/2ad25152d66ab68f233ff1e771f5f5b61808045f5b306f63250027046f2b84c4?s=96&d=mm&r=g","contentUrl":"https:\/\/secure.gravatar.com\/avatar\/2ad25152d66ab68f233ff1e771f5f5b61808045f5b306f63250027046f2b84c4?s=96&d=mm&r=g","caption":"senda_midsa"},"sameAs":["https:\/\/midsa.es"],"url":"https:\/\/midsa.es\/en\/author\/senda_midsa\/"}]}},"_links":{"self":[{"href":"https:\/\/midsa.es\/en\/wp-json\/wp\/v2\/posts\/206","targetHints":{"allow":["GET"]}}],"collection":[{"href":"https:\/\/midsa.es\/en\/wp-json\/wp\/v2\/posts"}],"about":[{"href":"https:\/\/midsa.es\/en\/wp-json\/wp\/v2\/types\/post"}],"author":[{"embeddable":true,"href":"https:\/\/midsa.es\/en\/wp-json\/wp\/v2\/users\/1"}],"replies":[{"embeddable":true,"href":"https:\/\/midsa.es\/en\/wp-json\/wp\/v2\/comments?post=206"}],"version-history":[{"count":0,"href":"https:\/\/midsa.es\/en\/wp-json\/wp\/v2\/posts\/206\/revisions"}],"wp:featuredmedia":[{"embeddable":true,"href":"https:\/\/midsa.es\/en\/wp-json\/wp\/v2\/media\/207"}],"wp:attachment":[{"href":"https:\/\/midsa.es\/en\/wp-json\/wp\/v2\/media?parent=206"}],"wp:term":[{"taxonomy":"category","embeddable":true,"href":"https:\/\/midsa.es\/en\/wp-json\/wp\/v2\/categories?post=206"},{"taxonomy":"post_tag","embeddable":true,"href":"https:\/\/midsa.es\/en\/wp-json\/wp\/v2\/tags?post=206"}],"curies":[{"name":"wp","href":"https:\/\/api.w.org\/{rel}","templated":true}]}}