{"id":198,"date":"2019-01-17T10:44:57","date_gmt":"2019-01-17T09:44:57","guid":{"rendered":"https:\/\/midsa.es\/nueva\/index.php\/2019\/01\/17\/respiracion-bucal-problemas-posturales\/"},"modified":"2019-01-17T10:44:57","modified_gmt":"2019-01-17T09:44:57","slug":"mouth-breathing-postural-problems","status":"publish","type":"post","link":"https:\/\/midsa.es\/en\/respiracion-bucal-problemas-posturales\/","title":{"rendered":"Mouth breathing, malocclusion and postural problems"},"content":{"rendered":"<p>Breathing is one of the body&#039;s primary functions, and physiologically it occurs through the nose, providing for the normal growth and development of the craniofacial complex. Mere mechanical obstruction of the airway is enough to cause an individual to begin mouth breathing in an effort to maintain vital functions. Mouth breathing syndrome occurs when a child replaces nasal breathing with mixed breathing. <\/p>\n\n\n\n<p>Nasal breathing is extremely important and promotes proper craniofacial growth and development, interacting with other functions such as chewing and swallowing. Mouth breathing is a pathological condition that deprives the individual of all the advantages that nasal breathing can provide. The nose is responsible for filtering, warming, and humidifying inhaled air even before it reaches the lungs, in addition to participating in the sense of smell and sound resonance during vocalization. <\/p>\n\n\n\n<p>When an individual breathes through the nose, the entire stomatognathic system functions normally. This means that the proprioceptions of the periodontal and dental membranes and the temporomandibular joints (TMJ) send messages to the Central Nervous System indicating that they are operating under normal conditions, with subatmospheric pressure from the internal environment, rather than atmospheric pressure, which is the correct state for the external environment. Working with subatmospheric pressure means that there is a lip seal, and this subatmospheric pressure is maintained with each swallow. During feeding, with each food item introduced into the oral cavity, the lips seal, and bilateral, synchronous, and harmonious mastication begins.<\/p>\n\n\n\n<p>When we breathe through our mouths, postural problems begin to arise, in addition to facial issues, since the head is tilted forward to compensate for the restricted airflow and to allow air to pass through the pharynx. When mouth breathing becomes chronic, whether due to habit or nasal obstruction, many morphological changes occur that compromise the child&#039;s growth and development.<\/p>\n\n\n\n<p>If you and your child suffer from mouth breathing, don&#039;t hesitate to make an appointment with us and we&#039;ll help you.<\/p>","protected":false},"excerpt":{"rendered":"<p>La respiraci\u00f3n es una de las funciones principales del cuerpo, y ocurre fisiol\u00f3gicamente a trav\u00e9s de la nariz, proporcionando crecimiento y el desarrollo normal del [&hellip;]<\/p>\n","protected":false},"author":1,"featured_media":199,"comment_status":"open","ping_status":"open","sticky":false,"template":"","format":"standard","meta":{"_acf_changed":false,"footnotes":""},"categories":[7],"tags":[],"class_list":["post-198","post","type-post","status-publish","format-standard","has-post-thumbnail","hentry","category-ortodoncia-miofuncional"],"acf":[],"yoast_head":"<!-- This site is optimized with the Yoast SEO plugin v27.4 - https:\/\/yoast.com\/product\/yoast-seo-wordpress\/ -->\n<title>Respiraci\u00f3n bucal, maloclusi\u00f3n y problemas posturales &#8212; MIDSA<\/title>\n<meta name=\"robots\" content=\"index, follow, max-snippet:-1, max-image-preview:large, max-video-preview:-1\" \/>\n<link rel=\"canonical\" href=\"https:\/\/midsa.es\/en\/mouth-breathing-postural-problems\/\" \/>\n<meta property=\"og:locale\" content=\"en_GB\" \/>\n<meta property=\"og:type\" content=\"article\" \/>\n<meta property=\"og:title\" content=\"Respiraci\u00f3n bucal, maloclusi\u00f3n y problemas posturales &#8212; MIDSA\" \/>\n<meta property=\"og:description\" content=\"La respiraci\u00f3n es una de las funciones principales del cuerpo, y ocurre fisiol\u00f3gicamente a trav\u00e9s de la nariz, proporcionando crecimiento y el desarrollo normal del [&hellip;]\" \/>\n<meta property=\"og:url\" content=\"https:\/\/midsa.es\/en\/mouth-breathing-postural-problems\/\" \/>\n<meta property=\"og:site_name\" content=\"MIDSA\" \/>\n<meta property=\"article:publisher\" content=\"https:\/\/www.facebook.com\/midsaodontologiavalencia\" \/>\n<meta property=\"article:published_time\" content=\"2019-01-17T09:44:57+00:00\" \/>\n<meta property=\"og:image\" content=\"https:\/\/midsa.es\/wp-content\/uploads\/2026\/02\/sunrise.jpg\" \/>\n\t<meta property=\"og:image:width\" content=\"1080\" \/>\n\t<meta property=\"og:image:height\" content=\"1080\" \/>\n\t<meta property=\"og:image:type\" content=\"image\/jpeg\" \/>\n<meta name=\"author\" content=\"senda_midsa\" \/>\n<meta name=\"twitter:card\" content=\"summary_large_image\" \/>\n<meta name=\"twitter:label1\" content=\"Written by\" \/>\n\t<meta name=\"twitter:data1\" content=\"senda_midsa\" \/>\n\t<meta name=\"twitter:label2\" content=\"Estimated reading time\" \/>\n\t<meta name=\"twitter:data2\" content=\"2 minutes\" \/>\n<script type=\"application\/ld+json\" class=\"yoast-schema-graph\">{\"@context\":\"https:\\\/\\\/schema.org\",\"@graph\":[{\"@type\":\"Article\",\"@id\":\"https:\\\/\\\/midsa.es\\\/respiracion-bucal-problemas-posturales\\\/#article\",\"isPartOf\":{\"@id\":\"https:\\\/\\\/midsa.es\\\/respiracion-bucal-problemas-posturales\\\/\"},\"author\":{\"name\":\"senda_midsa\",\"@id\":\"https:\\\/\\\/midsa.es\\\/#\\\/schema\\\/person\\\/2c8f0a79218dad8660f4eeb9876dfee7\"},\"headline\":\"Respiraci\u00f3n bucal, maloclusi\u00f3n y problemas posturales\",\"datePublished\":\"2019-01-17T09:44:57+00:00\",\"mainEntityOfPage\":{\"@id\":\"https:\\\/\\\/midsa.es\\\/respiracion-bucal-problemas-posturales\\\/\"},\"wordCount\":391,\"commentCount\":0,\"publisher\":{\"@id\":\"https:\\\/\\\/midsa.es\\\/#organization\"},\"image\":{\"@id\":\"https:\\\/\\\/midsa.es\\\/respiracion-bucal-problemas-posturales\\\/#primaryimage\"},\"thumbnailUrl\":\"https:\\\/\\\/midsa.es\\\/wp-content\\\/uploads\\\/2026\\\/02\\\/sunrise.jpg\",\"articleSection\":[\"ORTODONCIA MIOFUNCIONAL\"],\"inLanguage\":\"en-GB\",\"potentialAction\":[{\"@type\":\"CommentAction\",\"name\":\"Comment\",\"target\":[\"https:\\\/\\\/midsa.es\\\/respiracion-bucal-problemas-posturales\\\/#respond\"]}]},{\"@type\":\"WebPage\",\"@id\":\"https:\\\/\\\/midsa.es\\\/respiracion-bucal-problemas-posturales\\\/\",\"url\":\"https:\\\/\\\/midsa.es\\\/respiracion-bucal-problemas-posturales\\\/\",\"name\":\"Respiraci\u00f3n bucal, maloclusi\u00f3n y problemas posturales &#8212; MIDSA\",\"isPartOf\":{\"@id\":\"https:\\\/\\\/midsa.es\\\/#website\"},\"primaryImageOfPage\":{\"@id\":\"https:\\\/\\\/midsa.es\\\/respiracion-bucal-problemas-posturales\\\/#primaryimage\"},\"image\":{\"@id\":\"https:\\\/\\\/midsa.es\\\/respiracion-bucal-problemas-posturales\\\/#primaryimage\"},\"thumbnailUrl\":\"https:\\\/\\\/midsa.es\\\/wp-content\\\/uploads\\\/2026\\\/02\\\/sunrise.jpg\",\"datePublished\":\"2019-01-17T09:44:57+00:00\",\"breadcrumb\":{\"@id\":\"https:\\\/\\\/midsa.es\\\/respiracion-bucal-problemas-posturales\\\/#breadcrumb\"},\"inLanguage\":\"en-GB\",\"potentialAction\":[{\"@type\":\"ReadAction\",\"target\":[\"https:\\\/\\\/midsa.es\\\/respiracion-bucal-problemas-posturales\\\/\"]}]},{\"@type\":\"ImageObject\",\"inLanguage\":\"en-GB\",\"@id\":\"https:\\\/\\\/midsa.es\\\/respiracion-bucal-problemas-posturales\\\/#primaryimage\",\"url\":\"https:\\\/\\\/midsa.es\\\/wp-content\\\/uploads\\\/2026\\\/02\\\/sunrise.jpg\",\"contentUrl\":\"https:\\\/\\\/midsa.es\\\/wp-content\\\/uploads\\\/2026\\\/02\\\/sunrise.jpg\",\"width\":1080,\"height\":1080},{\"@type\":\"BreadcrumbList\",\"@id\":\"https:\\\/\\\/midsa.es\\\/respiracion-bucal-problemas-posturales\\\/#breadcrumb\",\"itemListElement\":[{\"@type\":\"ListItem\",\"position\":1,\"name\":\"Portada\",\"item\":\"https:\\\/\\\/midsa.es\\\/\"},{\"@type\":\"ListItem\",\"position\":2,\"name\":\"Respiraci\u00f3n bucal, maloclusi\u00f3n y problemas posturales\"}]},{\"@type\":\"WebSite\",\"@id\":\"https:\\\/\\\/midsa.es\\\/#website\",\"url\":\"https:\\\/\\\/midsa.es\\\/\",\"name\":\"Midsa Odontolog\u00eda & Co\",\"description\":\"Somos MIDSA, Cl\u00ednica Dental en L&#039;Eixample, Valencia. Odontolog\u00eda avanzada con trato cercano en el coraz\u00f3n de Valencia.\",\"publisher\":{\"@id\":\"https:\\\/\\\/midsa.es\\\/#organization\"},\"alternateName\":\"Midsa Odontolog\u00eda\",\"potentialAction\":[{\"@type\":\"SearchAction\",\"target\":{\"@type\":\"EntryPoint\",\"urlTemplate\":\"https:\\\/\\\/midsa.es\\\/?s={search_term_string}\"},\"query-input\":{\"@type\":\"PropertyValueSpecification\",\"valueRequired\":true,\"valueName\":\"search_term_string\"}}],\"inLanguage\":\"en-GB\"},{\"@type\":\"Organization\",\"@id\":\"https:\\\/\\\/midsa.es\\\/#organization\",\"name\":\"Midsa Odontolog\u00eda & Co\",\"alternateName\":\"Midsa Odontolog\u00eda\",\"url\":\"https:\\\/\\\/midsa.es\\\/\",\"logo\":{\"@type\":\"ImageObject\",\"inLanguage\":\"en-GB\",\"@id\":\"https:\\\/\\\/midsa.es\\\/#\\\/schema\\\/logo\\\/image\\\/\",\"url\":\"https:\\\/\\\/midsa.es\\\/wp-content\\\/uploads\\\/2026\\\/03\\\/logo_midsa.png\",\"contentUrl\":\"https:\\\/\\\/midsa.es\\\/wp-content\\\/uploads\\\/2026\\\/03\\\/logo_midsa.png\",\"width\":1080,\"height\":361,\"caption\":\"Midsa Odontolog\u00eda & Co\"},\"image\":{\"@id\":\"https:\\\/\\\/midsa.es\\\/#\\\/schema\\\/logo\\\/image\\\/\"},\"sameAs\":[\"https:\\\/\\\/www.facebook.com\\\/midsaodontologiavalencia\",\"https:\\\/\\\/www.instagram.com\\\/midsaodontologia\\\/\"]},{\"@type\":\"Person\",\"@id\":\"https:\\\/\\\/midsa.es\\\/#\\\/schema\\\/person\\\/2c8f0a79218dad8660f4eeb9876dfee7\",\"name\":\"senda_midsa\",\"image\":{\"@type\":\"ImageObject\",\"inLanguage\":\"en-GB\",\"@id\":\"https:\\\/\\\/secure.gravatar.com\\\/avatar\\\/2ad25152d66ab68f233ff1e771f5f5b61808045f5b306f63250027046f2b84c4?s=96&d=mm&r=g\",\"url\":\"https:\\\/\\\/secure.gravatar.com\\\/avatar\\\/2ad25152d66ab68f233ff1e771f5f5b61808045f5b306f63250027046f2b84c4?s=96&d=mm&r=g\",\"contentUrl\":\"https:\\\/\\\/secure.gravatar.com\\\/avatar\\\/2ad25152d66ab68f233ff1e771f5f5b61808045f5b306f63250027046f2b84c4?s=96&d=mm&r=g\",\"caption\":\"senda_midsa\"},\"sameAs\":[\"https:\\\/\\\/midsa.es\"],\"url\":\"https:\\\/\\\/midsa.es\\\/en\\\/author\\\/senda_midsa\\\/\"}]}<\/script>\n<!-- \/ Yoast SEO plugin. -->","yoast_head_json":{"title":"Mouth breathing, malocclusion and postural problems \u2014 MIDSA","robots":{"index":"index","follow":"follow","max-snippet":"max-snippet:-1","max-image-preview":"max-image-preview:large","max-video-preview":"max-video-preview:-1"},"canonical":"https:\/\/midsa.es\/en\/mouth-breathing-postural-problems\/","og_locale":"en_GB","og_type":"article","og_title":"Respiraci\u00f3n bucal, maloclusi\u00f3n y problemas posturales &#8212; MIDSA","og_description":"La respiraci\u00f3n es una de las funciones principales del cuerpo, y ocurre fisiol\u00f3gicamente a trav\u00e9s de la nariz, proporcionando crecimiento y el desarrollo normal del [&hellip;]","og_url":"https:\/\/midsa.es\/en\/mouth-breathing-postural-problems\/","og_site_name":"MIDSA","article_publisher":"https:\/\/www.facebook.com\/midsaodontologiavalencia","article_published_time":"2019-01-17T09:44:57+00:00","og_image":[{"width":1080,"height":1080,"url":"https:\/\/midsa.es\/wp-content\/uploads\/2026\/02\/sunrise.jpg","type":"image\/jpeg"}],"author":"senda_midsa","twitter_card":"summary_large_image","twitter_misc":{"Written by":"senda_midsa","Estimated reading time":"2 minutes"},"schema":{"@context":"https:\/\/schema.org","@graph":[{"@type":"Article","@id":"https:\/\/midsa.es\/respiracion-bucal-problemas-posturales\/#article","isPartOf":{"@id":"https:\/\/midsa.es\/respiracion-bucal-problemas-posturales\/"},"author":{"name":"senda_midsa","@id":"https:\/\/midsa.es\/#\/schema\/person\/2c8f0a79218dad8660f4eeb9876dfee7"},"headline":"Respiraci\u00f3n bucal, maloclusi\u00f3n y problemas posturales","datePublished":"2019-01-17T09:44:57+00:00","mainEntityOfPage":{"@id":"https:\/\/midsa.es\/respiracion-bucal-problemas-posturales\/"},"wordCount":391,"commentCount":0,"publisher":{"@id":"https:\/\/midsa.es\/#organization"},"image":{"@id":"https:\/\/midsa.es\/respiracion-bucal-problemas-posturales\/#primaryimage"},"thumbnailUrl":"https:\/\/midsa.es\/wp-content\/uploads\/2026\/02\/sunrise.jpg","articleSection":["ORTODONCIA MIOFUNCIONAL"],"inLanguage":"en-GB","potentialAction":[{"@type":"CommentAction","name":"Comment","target":["https:\/\/midsa.es\/respiracion-bucal-problemas-posturales\/#respond"]}]},{"@type":"WebPage","@id":"https:\/\/midsa.es\/respiracion-bucal-problemas-posturales\/","url":"https:\/\/midsa.es\/respiracion-bucal-problemas-posturales\/","name":"Mouth breathing, malocclusion and postural problems \u2014 MIDSA","isPartOf":{"@id":"https:\/\/midsa.es\/#website"},"primaryImageOfPage":{"@id":"https:\/\/midsa.es\/respiracion-bucal-problemas-posturales\/#primaryimage"},"image":{"@id":"https:\/\/midsa.es\/respiracion-bucal-problemas-posturales\/#primaryimage"},"thumbnailUrl":"https:\/\/midsa.es\/wp-content\/uploads\/2026\/02\/sunrise.jpg","datePublished":"2019-01-17T09:44:57+00:00","breadcrumb":{"@id":"https:\/\/midsa.es\/respiracion-bucal-problemas-posturales\/#breadcrumb"},"inLanguage":"en-GB","potentialAction":[{"@type":"ReadAction","target":["https:\/\/midsa.es\/respiracion-bucal-problemas-posturales\/"]}]},{"@type":"ImageObject","inLanguage":"en-GB","@id":"https:\/\/midsa.es\/respiracion-bucal-problemas-posturales\/#primaryimage","url":"https:\/\/midsa.es\/wp-content\/uploads\/2026\/02\/sunrise.jpg","contentUrl":"https:\/\/midsa.es\/wp-content\/uploads\/2026\/02\/sunrise.jpg","width":1080,"height":1080},{"@type":"BreadcrumbList","@id":"https:\/\/midsa.es\/respiracion-bucal-problemas-posturales\/#breadcrumb","itemListElement":[{"@type":"ListItem","position":1,"name":"Portada","item":"https:\/\/midsa.es\/"},{"@type":"ListItem","position":2,"name":"Respiraci\u00f3n bucal, maloclusi\u00f3n y problemas posturales"}]},{"@type":"WebSite","@id":"https:\/\/midsa.es\/#website","url":"https:\/\/midsa.es\/","name":"Midsa Dentistry &amp; Co","description":"We are MIDSA, a dental clinic in L&#039;Eixample, Valencia. Advanced dentistry with a personal touch in the heart of Valencia.","publisher":{"@id":"https:\/\/midsa.es\/#organization"},"alternateName":"Midsa Odontolog\u00eda","potentialAction":[{"@type":"SearchAction","target":{"@type":"EntryPoint","urlTemplate":"https:\/\/midsa.es\/?s={search_term_string}"},"query-input":{"@type":"PropertyValueSpecification","valueRequired":true,"valueName":"search_term_string"}}],"inLanguage":"en-GB"},{"@type":"Organization","@id":"https:\/\/midsa.es\/#organization","name":"Midsa Dentistry &amp; Co","alternateName":"Midsa Odontolog\u00eda","url":"https:\/\/midsa.es\/","logo":{"@type":"ImageObject","inLanguage":"en-GB","@id":"https:\/\/midsa.es\/#\/schema\/logo\/image\/","url":"https:\/\/midsa.es\/wp-content\/uploads\/2026\/03\/logo_midsa.png","contentUrl":"https:\/\/midsa.es\/wp-content\/uploads\/2026\/03\/logo_midsa.png","width":1080,"height":361,"caption":"Midsa Odontolog\u00eda & Co"},"image":{"@id":"https:\/\/midsa.es\/#\/schema\/logo\/image\/"},"sameAs":["https:\/\/www.facebook.com\/midsaodontologiavalencia","https:\/\/www.instagram.com\/midsaodontologia\/"]},{"@type":"Person","@id":"https:\/\/midsa.es\/#\/schema\/person\/2c8f0a79218dad8660f4eeb9876dfee7","name":"senda_midsa","image":{"@type":"ImageObject","inLanguage":"en-GB","@id":"https:\/\/secure.gravatar.com\/avatar\/2ad25152d66ab68f233ff1e771f5f5b61808045f5b306f63250027046f2b84c4?s=96&d=mm&r=g","url":"https:\/\/secure.gravatar.com\/avatar\/2ad25152d66ab68f233ff1e771f5f5b61808045f5b306f63250027046f2b84c4?s=96&d=mm&r=g","contentUrl":"https:\/\/secure.gravatar.com\/avatar\/2ad25152d66ab68f233ff1e771f5f5b61808045f5b306f63250027046f2b84c4?s=96&d=mm&r=g","caption":"senda_midsa"},"sameAs":["https:\/\/midsa.es"],"url":"https:\/\/midsa.es\/en\/author\/senda_midsa\/"}]}},"_links":{"self":[{"href":"https:\/\/midsa.es\/en\/wp-json\/wp\/v2\/posts\/198","targetHints":{"allow":["GET"]}}],"collection":[{"href":"https:\/\/midsa.es\/en\/wp-json\/wp\/v2\/posts"}],"about":[{"href":"https:\/\/midsa.es\/en\/wp-json\/wp\/v2\/types\/post"}],"author":[{"embeddable":true,"href":"https:\/\/midsa.es\/en\/wp-json\/wp\/v2\/users\/1"}],"replies":[{"embeddable":true,"href":"https:\/\/midsa.es\/en\/wp-json\/wp\/v2\/comments?post=198"}],"version-history":[{"count":0,"href":"https:\/\/midsa.es\/en\/wp-json\/wp\/v2\/posts\/198\/revisions"}],"wp:featuredmedia":[{"embeddable":true,"href":"https:\/\/midsa.es\/en\/wp-json\/wp\/v2\/media\/199"}],"wp:attachment":[{"href":"https:\/\/midsa.es\/en\/wp-json\/wp\/v2\/media?parent=198"}],"wp:term":[{"taxonomy":"category","embeddable":true,"href":"https:\/\/midsa.es\/en\/wp-json\/wp\/v2\/categories?post=198"},{"taxonomy":"post_tag","embeddable":true,"href":"https:\/\/midsa.es\/en\/wp-json\/wp\/v2\/tags?post=198"}],"curies":[{"name":"wp","href":"https:\/\/api.w.org\/{rel}","templated":true}]}}