{"id":182,"date":"2018-10-23T10:15:27","date_gmt":"2018-10-23T08:15:27","guid":{"rendered":"https:\/\/midsa.es\/nueva\/index.php\/2018\/10\/23\/2018-10-la-importancia-de-la-masticacin-en-la-memoria-y-el-aprendizaje\/"},"modified":"2018-10-23T10:15:27","modified_gmt":"2018-10-23T08:15:27","slug":"2018-10-the-importance-of-chewing-in-memory-and-learning","status":"publish","type":"post","link":"https:\/\/midsa.es\/en\/2018-10-la-importancia-de-la-masticacin-en-la-memoria-y-el-aprendizaje\/","title":{"rendered":"The importance of chewing in memory and learning"},"content":{"rendered":"<p>One of the most significant problems in humans is the decline in memory function and learning ability throughout life. This can be due to various causes, such as normal aging, but also others, such as impaired masticatory function. This is explained in the scientific article published in the Mexican Journal of Neuroscience (Rev Mex Neuroci November-December, 2014; 15(6): 351-354), which can be downloaded as a PDF, by Dr. El\u00edas Ernesto Aguirre-Siancas of the Physiology and Pharmacology Laboratory, Faculty of Dentistry, National University of San Marcos, Lima, Peru.<\/p>\n\n\n\n<p>Traditionally, chewing has been understood as a primarily digestive function, being the first process food must undergo before being swallowed and processed in the digestive tract. However, it is now becoming clear that chewing is also very important not only for food intake but also for psychological, physical, and cognitive functions. Various studies conducted on animals have demonstrated that tooth loss or mandibular asymmetry causes a<strong> jaw imbalance<\/strong>, which, <strong>in the long term<\/strong>, ends up generating the <strong>loss of neurons<\/strong> in certain parts of the brain. People with temporomandibular disorders exhibit an asymmetry in the activity of the muscles involved in chewing, which leads to decreased activity in certain brain areas. This causes cognitive impairment. A study conducted in the<strong> Massachusetts Institute of Technology<\/strong> It was found that chewing activates the production of brain-derived neurotrophic factor, which acts as a nerve growth factor, as well as a growth factor protein that aids in the survival and differentiation of existing neurons, enhances the growth and differentiation of new neurons, and strengthens synapses. However, <strong>This only occurs when the trigeminal nerve is activated symmetrically.<\/strong><\/p>\n\n\n\n<p><strong>These studies indicate that oral hygiene is not only an aesthetic issue but also has repercussions at the brain level, as it can lead to significant cognitive decline. However, perhaps the most worrying finding is that recent research also demonstrates that chewing problems generate short-term changes in brain activity. <\/strong><\/p>","protected":false},"excerpt":{"rendered":"<p>Uno de los problemas m\u00e1s significativos en los seres humanos, es el deterioro de la funci\u00f3n de memoria y de la capacidad de aprendizaje en [&hellip;]<\/p>\n","protected":false},"author":1,"featured_media":183,"comment_status":"open","ping_status":"open","sticky":false,"template":"","format":"standard","meta":{"_acf_changed":false,"footnotes":""},"categories":[7],"tags":[],"class_list":["post-182","post","type-post","status-publish","format-standard","has-post-thumbnail","hentry","category-ortodoncia-miofuncional"],"acf":[],"yoast_head":"<!-- This site is optimized with the Yoast SEO plugin v27.5 - https:\/\/yoast.com\/product\/yoast-seo-wordpress\/ -->\n<title>La importancia de la masticaci\u00f3n en la memoria y el aprendizaje &#8212; MIDSA<\/title>\n<meta name=\"robots\" content=\"index, follow, max-snippet:-1, max-image-preview:large, max-video-preview:-1\" \/>\n<link rel=\"canonical\" href=\"https:\/\/midsa.es\/en\/2018-10-the-importance-of-chewing-in-memory-and-learning\/\" \/>\n<meta property=\"og:locale\" content=\"en_GB\" \/>\n<meta property=\"og:type\" content=\"article\" \/>\n<meta property=\"og:title\" content=\"La importancia de la masticaci\u00f3n en la memoria y el aprendizaje &#8212; MIDSA\" \/>\n<meta property=\"og:description\" content=\"Uno de los problemas m\u00e1s significativos en los seres humanos, es el deterioro de la funci\u00f3n de memoria y de la capacidad de aprendizaje en [&hellip;]\" \/>\n<meta property=\"og:url\" content=\"https:\/\/midsa.es\/en\/2018-10-the-importance-of-chewing-in-memory-and-learning\/\" \/>\n<meta property=\"og:site_name\" content=\"MIDSA\" \/>\n<meta property=\"article:publisher\" content=\"https:\/\/www.facebook.com\/midsaodontologiavalencia\" \/>\n<meta property=\"article:published_time\" content=\"2018-10-23T08:15:27+00:00\" \/>\n<meta property=\"og:image\" content=\"https:\/\/midsa.es\/wp-content\/uploads\/2026\/02\/memoria-y-masticacion-1.png\" \/>\n\t<meta property=\"og:image:width\" content=\"826\" \/>\n\t<meta property=\"og:image:height\" content=\"462\" \/>\n\t<meta property=\"og:image:type\" content=\"image\/png\" \/>\n<meta name=\"author\" content=\"senda_midsa\" \/>\n<meta name=\"twitter:card\" content=\"summary_large_image\" \/>\n<meta name=\"twitter:label1\" content=\"Written by\" \/>\n\t<meta name=\"twitter:data1\" content=\"senda_midsa\" \/>\n\t<meta name=\"twitter:label2\" content=\"Estimated reading time\" \/>\n\t<meta name=\"twitter:data2\" content=\"2 minutes\" \/>\n<script type=\"application\/ld+json\" class=\"yoast-schema-graph\">{\"@context\":\"https:\\\/\\\/schema.org\",\"@graph\":[{\"@type\":\"Article\",\"@id\":\"https:\\\/\\\/midsa.es\\\/2018-10-la-importancia-de-la-masticacin-en-la-memoria-y-el-aprendizaje\\\/#article\",\"isPartOf\":{\"@id\":\"https:\\\/\\\/midsa.es\\\/2018-10-la-importancia-de-la-masticacin-en-la-memoria-y-el-aprendizaje\\\/\"},\"author\":{\"name\":\"senda_midsa\",\"@id\":\"https:\\\/\\\/midsa.es\\\/#\\\/schema\\\/person\\\/2c8f0a79218dad8660f4eeb9876dfee7\"},\"headline\":\"La importancia de la masticaci\u00f3n en la memoria y el aprendizaje\",\"datePublished\":\"2018-10-23T08:15:27+00:00\",\"mainEntityOfPage\":{\"@id\":\"https:\\\/\\\/midsa.es\\\/2018-10-la-importancia-de-la-masticacin-en-la-memoria-y-el-aprendizaje\\\/\"},\"wordCount\":414,\"commentCount\":0,\"publisher\":{\"@id\":\"https:\\\/\\\/midsa.es\\\/#organization\"},\"image\":{\"@id\":\"https:\\\/\\\/midsa.es\\\/2018-10-la-importancia-de-la-masticacin-en-la-memoria-y-el-aprendizaje\\\/#primaryimage\"},\"thumbnailUrl\":\"https:\\\/\\\/midsa.es\\\/wp-content\\\/uploads\\\/2026\\\/02\\\/memoria-y-masticacion-1.png\",\"articleSection\":[\"ORTODONCIA MIOFUNCIONAL\"],\"inLanguage\":\"en-GB\",\"potentialAction\":[{\"@type\":\"CommentAction\",\"name\":\"Comment\",\"target\":[\"https:\\\/\\\/midsa.es\\\/2018-10-la-importancia-de-la-masticacin-en-la-memoria-y-el-aprendizaje\\\/#respond\"]}]},{\"@type\":\"WebPage\",\"@id\":\"https:\\\/\\\/midsa.es\\\/2018-10-la-importancia-de-la-masticacin-en-la-memoria-y-el-aprendizaje\\\/\",\"url\":\"https:\\\/\\\/midsa.es\\\/2018-10-la-importancia-de-la-masticacin-en-la-memoria-y-el-aprendizaje\\\/\",\"name\":\"La importancia de la masticaci\u00f3n en la memoria y el aprendizaje &#8212; MIDSA\",\"isPartOf\":{\"@id\":\"https:\\\/\\\/midsa.es\\\/#website\"},\"primaryImageOfPage\":{\"@id\":\"https:\\\/\\\/midsa.es\\\/2018-10-la-importancia-de-la-masticacin-en-la-memoria-y-el-aprendizaje\\\/#primaryimage\"},\"image\":{\"@id\":\"https:\\\/\\\/midsa.es\\\/2018-10-la-importancia-de-la-masticacin-en-la-memoria-y-el-aprendizaje\\\/#primaryimage\"},\"thumbnailUrl\":\"https:\\\/\\\/midsa.es\\\/wp-content\\\/uploads\\\/2026\\\/02\\\/memoria-y-masticacion-1.png\",\"datePublished\":\"2018-10-23T08:15:27+00:00\",\"breadcrumb\":{\"@id\":\"https:\\\/\\\/midsa.es\\\/2018-10-la-importancia-de-la-masticacin-en-la-memoria-y-el-aprendizaje\\\/#breadcrumb\"},\"inLanguage\":\"en-GB\",\"potentialAction\":[{\"@type\":\"ReadAction\",\"target\":[\"https:\\\/\\\/midsa.es\\\/2018-10-la-importancia-de-la-masticacin-en-la-memoria-y-el-aprendizaje\\\/\"]}]},{\"@type\":\"ImageObject\",\"inLanguage\":\"en-GB\",\"@id\":\"https:\\\/\\\/midsa.es\\\/2018-10-la-importancia-de-la-masticacin-en-la-memoria-y-el-aprendizaje\\\/#primaryimage\",\"url\":\"https:\\\/\\\/midsa.es\\\/wp-content\\\/uploads\\\/2026\\\/02\\\/memoria-y-masticacion-1.png\",\"contentUrl\":\"https:\\\/\\\/midsa.es\\\/wp-content\\\/uploads\\\/2026\\\/02\\\/memoria-y-masticacion-1.png\",\"width\":826,\"height\":462},{\"@type\":\"BreadcrumbList\",\"@id\":\"https:\\\/\\\/midsa.es\\\/2018-10-la-importancia-de-la-masticacin-en-la-memoria-y-el-aprendizaje\\\/#breadcrumb\",\"itemListElement\":[{\"@type\":\"ListItem\",\"position\":1,\"name\":\"Portada\",\"item\":\"https:\\\/\\\/midsa.es\\\/\"},{\"@type\":\"ListItem\",\"position\":2,\"name\":\"La importancia de la masticaci\u00f3n en la memoria y el aprendizaje\"}]},{\"@type\":\"WebSite\",\"@id\":\"https:\\\/\\\/midsa.es\\\/#website\",\"url\":\"https:\\\/\\\/midsa.es\\\/\",\"name\":\"Midsa Odontolog\u00eda & Co\",\"description\":\"Somos MIDSA, Cl\u00ednica Dental en L&#039;Eixample, Valencia. Odontolog\u00eda avanzada con trato cercano en el coraz\u00f3n de Valencia.\",\"publisher\":{\"@id\":\"https:\\\/\\\/midsa.es\\\/#organization\"},\"alternateName\":\"Midsa Odontolog\u00eda\",\"potentialAction\":[{\"@type\":\"SearchAction\",\"target\":{\"@type\":\"EntryPoint\",\"urlTemplate\":\"https:\\\/\\\/midsa.es\\\/?s={search_term_string}\"},\"query-input\":{\"@type\":\"PropertyValueSpecification\",\"valueRequired\":true,\"valueName\":\"search_term_string\"}}],\"inLanguage\":\"en-GB\"},{\"@type\":\"Organization\",\"@id\":\"https:\\\/\\\/midsa.es\\\/#organization\",\"name\":\"Midsa Odontolog\u00eda & Co\",\"alternateName\":\"Midsa Odontolog\u00eda\",\"url\":\"https:\\\/\\\/midsa.es\\\/\",\"logo\":{\"@type\":\"ImageObject\",\"inLanguage\":\"en-GB\",\"@id\":\"https:\\\/\\\/midsa.es\\\/#\\\/schema\\\/logo\\\/image\\\/\",\"url\":\"https:\\\/\\\/midsa.es\\\/wp-content\\\/uploads\\\/2026\\\/03\\\/logo_midsa.png\",\"contentUrl\":\"https:\\\/\\\/midsa.es\\\/wp-content\\\/uploads\\\/2026\\\/03\\\/logo_midsa.png\",\"width\":1080,\"height\":361,\"caption\":\"Midsa Odontolog\u00eda & Co\"},\"image\":{\"@id\":\"https:\\\/\\\/midsa.es\\\/#\\\/schema\\\/logo\\\/image\\\/\"},\"sameAs\":[\"https:\\\/\\\/www.facebook.com\\\/midsaodontologiavalencia\",\"https:\\\/\\\/www.instagram.com\\\/midsaodontologia\\\/\"]},{\"@type\":\"Person\",\"@id\":\"https:\\\/\\\/midsa.es\\\/#\\\/schema\\\/person\\\/2c8f0a79218dad8660f4eeb9876dfee7\",\"name\":\"senda_midsa\",\"image\":{\"@type\":\"ImageObject\",\"inLanguage\":\"en-GB\",\"@id\":\"https:\\\/\\\/secure.gravatar.com\\\/avatar\\\/2ad25152d66ab68f233ff1e771f5f5b61808045f5b306f63250027046f2b84c4?s=96&d=mm&r=g\",\"url\":\"https:\\\/\\\/secure.gravatar.com\\\/avatar\\\/2ad25152d66ab68f233ff1e771f5f5b61808045f5b306f63250027046f2b84c4?s=96&d=mm&r=g\",\"contentUrl\":\"https:\\\/\\\/secure.gravatar.com\\\/avatar\\\/2ad25152d66ab68f233ff1e771f5f5b61808045f5b306f63250027046f2b84c4?s=96&d=mm&r=g\",\"caption\":\"senda_midsa\"},\"sameAs\":[\"https:\\\/\\\/midsa.es\"],\"url\":\"https:\\\/\\\/midsa.es\\\/en\\\/author\\\/senda_midsa\\\/\"}]}<\/script>\n<!-- \/ Yoast SEO plugin. -->","yoast_head_json":{"title":"The importance of chewing in memory and learning \u2014 MIDSA","robots":{"index":"index","follow":"follow","max-snippet":"max-snippet:-1","max-image-preview":"max-image-preview:large","max-video-preview":"max-video-preview:-1"},"canonical":"https:\/\/midsa.es\/en\/2018-10-the-importance-of-chewing-in-memory-and-learning\/","og_locale":"en_GB","og_type":"article","og_title":"La importancia de la masticaci\u00f3n en la memoria y el aprendizaje &#8212; MIDSA","og_description":"Uno de los problemas m\u00e1s significativos en los seres humanos, es el deterioro de la funci\u00f3n de memoria y de la capacidad de aprendizaje en [&hellip;]","og_url":"https:\/\/midsa.es\/en\/2018-10-the-importance-of-chewing-in-memory-and-learning\/","og_site_name":"MIDSA","article_publisher":"https:\/\/www.facebook.com\/midsaodontologiavalencia","article_published_time":"2018-10-23T08:15:27+00:00","og_image":[{"width":826,"height":462,"url":"https:\/\/midsa.es\/wp-content\/uploads\/2026\/02\/memoria-y-masticacion-1.png","type":"image\/png"}],"author":"senda_midsa","twitter_card":"summary_large_image","twitter_misc":{"Written by":"senda_midsa","Estimated reading time":"2 minutes"},"schema":{"@context":"https:\/\/schema.org","@graph":[{"@type":"Article","@id":"https:\/\/midsa.es\/2018-10-la-importancia-de-la-masticacin-en-la-memoria-y-el-aprendizaje\/#article","isPartOf":{"@id":"https:\/\/midsa.es\/2018-10-la-importancia-de-la-masticacin-en-la-memoria-y-el-aprendizaje\/"},"author":{"name":"senda_midsa","@id":"https:\/\/midsa.es\/#\/schema\/person\/2c8f0a79218dad8660f4eeb9876dfee7"},"headline":"La importancia de la masticaci\u00f3n en la memoria y el aprendizaje","datePublished":"2018-10-23T08:15:27+00:00","mainEntityOfPage":{"@id":"https:\/\/midsa.es\/2018-10-la-importancia-de-la-masticacin-en-la-memoria-y-el-aprendizaje\/"},"wordCount":414,"commentCount":0,"publisher":{"@id":"https:\/\/midsa.es\/#organization"},"image":{"@id":"https:\/\/midsa.es\/2018-10-la-importancia-de-la-masticacin-en-la-memoria-y-el-aprendizaje\/#primaryimage"},"thumbnailUrl":"https:\/\/midsa.es\/wp-content\/uploads\/2026\/02\/memoria-y-masticacion-1.png","articleSection":["ORTODONCIA MIOFUNCIONAL"],"inLanguage":"en-GB","potentialAction":[{"@type":"CommentAction","name":"Comment","target":["https:\/\/midsa.es\/2018-10-la-importancia-de-la-masticacin-en-la-memoria-y-el-aprendizaje\/#respond"]}]},{"@type":"WebPage","@id":"https:\/\/midsa.es\/2018-10-la-importancia-de-la-masticacin-en-la-memoria-y-el-aprendizaje\/","url":"https:\/\/midsa.es\/2018-10-la-importancia-de-la-masticacin-en-la-memoria-y-el-aprendizaje\/","name":"The importance of chewing in memory and learning \u2014 MIDSA","isPartOf":{"@id":"https:\/\/midsa.es\/#website"},"primaryImageOfPage":{"@id":"https:\/\/midsa.es\/2018-10-la-importancia-de-la-masticacin-en-la-memoria-y-el-aprendizaje\/#primaryimage"},"image":{"@id":"https:\/\/midsa.es\/2018-10-la-importancia-de-la-masticacin-en-la-memoria-y-el-aprendizaje\/#primaryimage"},"thumbnailUrl":"https:\/\/midsa.es\/wp-content\/uploads\/2026\/02\/memoria-y-masticacion-1.png","datePublished":"2018-10-23T08:15:27+00:00","breadcrumb":{"@id":"https:\/\/midsa.es\/2018-10-la-importancia-de-la-masticacin-en-la-memoria-y-el-aprendizaje\/#breadcrumb"},"inLanguage":"en-GB","potentialAction":[{"@type":"ReadAction","target":["https:\/\/midsa.es\/2018-10-la-importancia-de-la-masticacin-en-la-memoria-y-el-aprendizaje\/"]}]},{"@type":"ImageObject","inLanguage":"en-GB","@id":"https:\/\/midsa.es\/2018-10-la-importancia-de-la-masticacin-en-la-memoria-y-el-aprendizaje\/#primaryimage","url":"https:\/\/midsa.es\/wp-content\/uploads\/2026\/02\/memoria-y-masticacion-1.png","contentUrl":"https:\/\/midsa.es\/wp-content\/uploads\/2026\/02\/memoria-y-masticacion-1.png","width":826,"height":462},{"@type":"BreadcrumbList","@id":"https:\/\/midsa.es\/2018-10-la-importancia-de-la-masticacin-en-la-memoria-y-el-aprendizaje\/#breadcrumb","itemListElement":[{"@type":"ListItem","position":1,"name":"Portada","item":"https:\/\/midsa.es\/"},{"@type":"ListItem","position":2,"name":"La importancia de la masticaci\u00f3n en la memoria y el aprendizaje"}]},{"@type":"WebSite","@id":"https:\/\/midsa.es\/#website","url":"https:\/\/midsa.es\/","name":"Midsa Dentistry &amp; Co","description":"We are MIDSA, a dental clinic in L&#039;Eixample, Valencia. Advanced dentistry with a personal touch in the heart of Valencia.","publisher":{"@id":"https:\/\/midsa.es\/#organization"},"alternateName":"Midsa Odontolog\u00eda","potentialAction":[{"@type":"SearchAction","target":{"@type":"EntryPoint","urlTemplate":"https:\/\/midsa.es\/?s={search_term_string}"},"query-input":{"@type":"PropertyValueSpecification","valueRequired":true,"valueName":"search_term_string"}}],"inLanguage":"en-GB"},{"@type":"Organization","@id":"https:\/\/midsa.es\/#organization","name":"Midsa Dentistry &amp; Co","alternateName":"Midsa Odontolog\u00eda","url":"https:\/\/midsa.es\/","logo":{"@type":"ImageObject","inLanguage":"en-GB","@id":"https:\/\/midsa.es\/#\/schema\/logo\/image\/","url":"https:\/\/midsa.es\/wp-content\/uploads\/2026\/03\/logo_midsa.png","contentUrl":"https:\/\/midsa.es\/wp-content\/uploads\/2026\/03\/logo_midsa.png","width":1080,"height":361,"caption":"Midsa Odontolog\u00eda & Co"},"image":{"@id":"https:\/\/midsa.es\/#\/schema\/logo\/image\/"},"sameAs":["https:\/\/www.facebook.com\/midsaodontologiavalencia","https:\/\/www.instagram.com\/midsaodontologia\/"]},{"@type":"Person","@id":"https:\/\/midsa.es\/#\/schema\/person\/2c8f0a79218dad8660f4eeb9876dfee7","name":"senda_midsa","image":{"@type":"ImageObject","inLanguage":"en-GB","@id":"https:\/\/secure.gravatar.com\/avatar\/2ad25152d66ab68f233ff1e771f5f5b61808045f5b306f63250027046f2b84c4?s=96&d=mm&r=g","url":"https:\/\/secure.gravatar.com\/avatar\/2ad25152d66ab68f233ff1e771f5f5b61808045f5b306f63250027046f2b84c4?s=96&d=mm&r=g","contentUrl":"https:\/\/secure.gravatar.com\/avatar\/2ad25152d66ab68f233ff1e771f5f5b61808045f5b306f63250027046f2b84c4?s=96&d=mm&r=g","caption":"senda_midsa"},"sameAs":["https:\/\/midsa.es"],"url":"https:\/\/midsa.es\/en\/author\/senda_midsa\/"}]}},"_links":{"self":[{"href":"https:\/\/midsa.es\/en\/wp-json\/wp\/v2\/posts\/182","targetHints":{"allow":["GET"]}}],"collection":[{"href":"https:\/\/midsa.es\/en\/wp-json\/wp\/v2\/posts"}],"about":[{"href":"https:\/\/midsa.es\/en\/wp-json\/wp\/v2\/types\/post"}],"author":[{"embeddable":true,"href":"https:\/\/midsa.es\/en\/wp-json\/wp\/v2\/users\/1"}],"replies":[{"embeddable":true,"href":"https:\/\/midsa.es\/en\/wp-json\/wp\/v2\/comments?post=182"}],"version-history":[{"count":0,"href":"https:\/\/midsa.es\/en\/wp-json\/wp\/v2\/posts\/182\/revisions"}],"wp:featuredmedia":[{"embeddable":true,"href":"https:\/\/midsa.es\/en\/wp-json\/wp\/v2\/media\/183"}],"wp:attachment":[{"href":"https:\/\/midsa.es\/en\/wp-json\/wp\/v2\/media?parent=182"}],"wp:term":[{"taxonomy":"category","embeddable":true,"href":"https:\/\/midsa.es\/en\/wp-json\/wp\/v2\/categories?post=182"},{"taxonomy":"post_tag","embeddable":true,"href":"https:\/\/midsa.es\/en\/wp-json\/wp\/v2\/tags?post=182"}],"curies":[{"name":"wp","href":"https:\/\/api.w.org\/{rel}","templated":true}]}}