{"id":178,"date":"2018-10-16T09:07:42","date_gmt":"2018-10-16T07:07:42","guid":{"rendered":"https:\/\/midsa.es\/nueva\/index.php\/2018\/10\/16\/2018-10-apnea-del-sueo-tratamiento-rfa-hbtc\/"},"modified":"2018-10-16T09:07:42","modified_gmt":"2018-10-16T07:07:42","slug":"2018-10-sleep-apnea-treatment-rfa-hbtc","status":"publish","type":"post","link":"https:\/\/midsa.es\/en\/2018-10-apnea-del-sueo-tratamiento-rfa-hbtc\/","title":{"rendered":"Sleep apnea + RFA-HBTC treatment"},"content":{"rendered":"<p>Voluntary control of breathing refers particularly to pulmonary ventilation, as it is possible to alter thoracic volume and respiratory rate.<\/p>\n\n\n\n<p>Sleep apnea occurs when a patient sleeps and breathes through their mouth in a supine position. The tongue makes contact with the oropharynx, interrupting breathing, as the body mistakenly believes the individual is swallowing. This leads to apnea, increased CO2 saturation, increased heart rate, and pulmonary insufficiency.<\/p>\n\n\n\n<p>Due to this sleep apnea, a disjunction of all bodily systems takes place: respiratory, digestive, cardiac, stomatognathic and respiratory systems.<\/p>\n\n\n\n<p>For all these reasons, it is of utmost importance to treat it as soon as possible.<\/p>\n\n\n\n<p>The RFA-Human Body Total Care treatment involves treating the patient&#039;s breathing by closing their lips and practicing slow, deep breathing for 180 days. This requires commitment from the patient and adherence to a simple protocol. In this way, we will regulate blood clotting capacity, cardiac activity, blood pressure, the amount of oxygen in hemoglobin, red blood cells, hemoglobin-oxygen affinity, hematopoiesis, and the excretory functions of the kidneys, intestinal tract, and perspiration.<\/p>\n\n\n\n<p>If you suffer from sleep apnea, at MIDSA Dentistry we want to help you. If you want to know more, call us and we will give you an appointment.<\/p>","protected":false},"excerpt":{"rendered":"<p>If you suffer from sleep apnea, at MIDSA Dentistry we want to help you. If you want to know more, call us and we will give you an appointment.<\/p>","protected":false},"author":1,"featured_media":179,"comment_status":"open","ping_status":"open","sticky":false,"template":"","format":"standard","meta":{"_acf_changed":false,"footnotes":""},"categories":[3,5,7],"tags":[],"class_list":["post-178","post","type-post","status-publish","format-standard","has-post-thumbnail","hentry","category-articulos-salud-bucal","category-consejos","category-ortodoncia-miofuncional"],"acf":[],"yoast_head":"<!-- This site is optimized with the Yoast SEO plugin v27.5 - https:\/\/yoast.com\/product\/yoast-seo-wordpress\/ -->\n<title>Apnea del sue\u00f1o + tratamiento RFA-HBTC &#8212; MIDSA<\/title>\n<meta name=\"robots\" content=\"index, follow, max-snippet:-1, max-image-preview:large, max-video-preview:-1\" \/>\n<link rel=\"canonical\" href=\"https:\/\/midsa.es\/en\/2018-10-sleep-apnea-treatment-rfa-hbtc\/\" \/>\n<meta property=\"og:locale\" content=\"en_GB\" \/>\n<meta property=\"og:type\" content=\"article\" \/>\n<meta property=\"og:title\" content=\"Apnea del sue\u00f1o + tratamiento RFA-HBTC &#8212; MIDSA\" \/>\n<meta property=\"og:description\" content=\"Si sufres de apnea del sue\u00f1o en MIDSA Odontolog\u00eda Queremos ayudarte, si quieres saber m\u00e1s ll\u00e1manos y te daremos una cita.\" \/>\n<meta property=\"og:url\" content=\"https:\/\/midsa.es\/en\/2018-10-sleep-apnea-treatment-rfa-hbtc\/\" \/>\n<meta property=\"og:site_name\" content=\"MIDSA\" \/>\n<meta property=\"article:publisher\" content=\"https:\/\/www.facebook.com\/midsaodontologiavalencia\" \/>\n<meta property=\"article:published_time\" content=\"2018-10-16T07:07:42+00:00\" \/>\n<meta property=\"og:image\" content=\"https:\/\/midsa.es\/wp-content\/uploads\/2026\/02\/apnea-y-rfa.jpg\" \/>\n\t<meta property=\"og:image:width\" content=\"826\" \/>\n\t<meta property=\"og:image:height\" content=\"462\" \/>\n\t<meta property=\"og:image:type\" content=\"image\/jpeg\" \/>\n<meta name=\"author\" content=\"senda_midsa\" \/>\n<meta name=\"twitter:card\" content=\"summary_large_image\" \/>\n<meta name=\"twitter:label1\" content=\"Written by\" \/>\n\t<meta name=\"twitter:data1\" content=\"senda_midsa\" \/>\n\t<meta name=\"twitter:label2\" content=\"Estimated reading time\" \/>\n\t<meta name=\"twitter:data2\" content=\"1 minute\" \/>\n<script type=\"application\/ld+json\" class=\"yoast-schema-graph\">{\"@context\":\"https:\\\/\\\/schema.org\",\"@graph\":[{\"@type\":\"Article\",\"@id\":\"https:\\\/\\\/midsa.es\\\/2018-10-apnea-del-sueo-tratamiento-rfa-hbtc\\\/#article\",\"isPartOf\":{\"@id\":\"https:\\\/\\\/midsa.es\\\/2018-10-apnea-del-sueo-tratamiento-rfa-hbtc\\\/\"},\"author\":{\"name\":\"senda_midsa\",\"@id\":\"https:\\\/\\\/midsa.es\\\/#\\\/schema\\\/person\\\/2c8f0a79218dad8660f4eeb9876dfee7\"},\"headline\":\"Apnea del sue\u00f1o + tratamiento RFA-HBTC\",\"datePublished\":\"2018-10-16T07:07:42+00:00\",\"mainEntityOfPage\":{\"@id\":\"https:\\\/\\\/midsa.es\\\/2018-10-apnea-del-sueo-tratamiento-rfa-hbtc\\\/\"},\"wordCount\":274,\"commentCount\":0,\"publisher\":{\"@id\":\"https:\\\/\\\/midsa.es\\\/#organization\"},\"image\":{\"@id\":\"https:\\\/\\\/midsa.es\\\/2018-10-apnea-del-sueo-tratamiento-rfa-hbtc\\\/#primaryimage\"},\"thumbnailUrl\":\"https:\\\/\\\/midsa.es\\\/wp-content\\\/uploads\\\/2026\\\/02\\\/apnea-y-rfa.jpg\",\"articleSection\":[\"ARTICULOS SALUD BUCAL\",\"CONSEJOS\",\"ORTODONCIA MIOFUNCIONAL\"],\"inLanguage\":\"en-GB\",\"potentialAction\":[{\"@type\":\"CommentAction\",\"name\":\"Comment\",\"target\":[\"https:\\\/\\\/midsa.es\\\/2018-10-apnea-del-sueo-tratamiento-rfa-hbtc\\\/#respond\"]}]},{\"@type\":\"WebPage\",\"@id\":\"https:\\\/\\\/midsa.es\\\/2018-10-apnea-del-sueo-tratamiento-rfa-hbtc\\\/\",\"url\":\"https:\\\/\\\/midsa.es\\\/2018-10-apnea-del-sueo-tratamiento-rfa-hbtc\\\/\",\"name\":\"Apnea del sue\u00f1o + tratamiento RFA-HBTC &#8212; MIDSA\",\"isPartOf\":{\"@id\":\"https:\\\/\\\/midsa.es\\\/#website\"},\"primaryImageOfPage\":{\"@id\":\"https:\\\/\\\/midsa.es\\\/2018-10-apnea-del-sueo-tratamiento-rfa-hbtc\\\/#primaryimage\"},\"image\":{\"@id\":\"https:\\\/\\\/midsa.es\\\/2018-10-apnea-del-sueo-tratamiento-rfa-hbtc\\\/#primaryimage\"},\"thumbnailUrl\":\"https:\\\/\\\/midsa.es\\\/wp-content\\\/uploads\\\/2026\\\/02\\\/apnea-y-rfa.jpg\",\"datePublished\":\"2018-10-16T07:07:42+00:00\",\"breadcrumb\":{\"@id\":\"https:\\\/\\\/midsa.es\\\/2018-10-apnea-del-sueo-tratamiento-rfa-hbtc\\\/#breadcrumb\"},\"inLanguage\":\"en-GB\",\"potentialAction\":[{\"@type\":\"ReadAction\",\"target\":[\"https:\\\/\\\/midsa.es\\\/2018-10-apnea-del-sueo-tratamiento-rfa-hbtc\\\/\"]}]},{\"@type\":\"ImageObject\",\"inLanguage\":\"en-GB\",\"@id\":\"https:\\\/\\\/midsa.es\\\/2018-10-apnea-del-sueo-tratamiento-rfa-hbtc\\\/#primaryimage\",\"url\":\"https:\\\/\\\/midsa.es\\\/wp-content\\\/uploads\\\/2026\\\/02\\\/apnea-y-rfa.jpg\",\"contentUrl\":\"https:\\\/\\\/midsa.es\\\/wp-content\\\/uploads\\\/2026\\\/02\\\/apnea-y-rfa.jpg\",\"width\":826,\"height\":462},{\"@type\":\"BreadcrumbList\",\"@id\":\"https:\\\/\\\/midsa.es\\\/2018-10-apnea-del-sueo-tratamiento-rfa-hbtc\\\/#breadcrumb\",\"itemListElement\":[{\"@type\":\"ListItem\",\"position\":1,\"name\":\"Portada\",\"item\":\"https:\\\/\\\/midsa.es\\\/\"},{\"@type\":\"ListItem\",\"position\":2,\"name\":\"Apnea del sue\u00f1o + tratamiento RFA-HBTC\"}]},{\"@type\":\"WebSite\",\"@id\":\"https:\\\/\\\/midsa.es\\\/#website\",\"url\":\"https:\\\/\\\/midsa.es\\\/\",\"name\":\"Midsa Odontolog\u00eda & Co\",\"description\":\"Somos MIDSA, Cl\u00ednica Dental en L&#039;Eixample, Valencia. Odontolog\u00eda avanzada con trato cercano en el coraz\u00f3n de Valencia.\",\"publisher\":{\"@id\":\"https:\\\/\\\/midsa.es\\\/#organization\"},\"alternateName\":\"Midsa Odontolog\u00eda\",\"potentialAction\":[{\"@type\":\"SearchAction\",\"target\":{\"@type\":\"EntryPoint\",\"urlTemplate\":\"https:\\\/\\\/midsa.es\\\/?s={search_term_string}\"},\"query-input\":{\"@type\":\"PropertyValueSpecification\",\"valueRequired\":true,\"valueName\":\"search_term_string\"}}],\"inLanguage\":\"en-GB\"},{\"@type\":\"Organization\",\"@id\":\"https:\\\/\\\/midsa.es\\\/#organization\",\"name\":\"Midsa Odontolog\u00eda & Co\",\"alternateName\":\"Midsa Odontolog\u00eda\",\"url\":\"https:\\\/\\\/midsa.es\\\/\",\"logo\":{\"@type\":\"ImageObject\",\"inLanguage\":\"en-GB\",\"@id\":\"https:\\\/\\\/midsa.es\\\/#\\\/schema\\\/logo\\\/image\\\/\",\"url\":\"https:\\\/\\\/midsa.es\\\/wp-content\\\/uploads\\\/2026\\\/03\\\/logo_midsa.png\",\"contentUrl\":\"https:\\\/\\\/midsa.es\\\/wp-content\\\/uploads\\\/2026\\\/03\\\/logo_midsa.png\",\"width\":1080,\"height\":361,\"caption\":\"Midsa Odontolog\u00eda & Co\"},\"image\":{\"@id\":\"https:\\\/\\\/midsa.es\\\/#\\\/schema\\\/logo\\\/image\\\/\"},\"sameAs\":[\"https:\\\/\\\/www.facebook.com\\\/midsaodontologiavalencia\",\"https:\\\/\\\/www.instagram.com\\\/midsaodontologia\\\/\"]},{\"@type\":\"Person\",\"@id\":\"https:\\\/\\\/midsa.es\\\/#\\\/schema\\\/person\\\/2c8f0a79218dad8660f4eeb9876dfee7\",\"name\":\"senda_midsa\",\"image\":{\"@type\":\"ImageObject\",\"inLanguage\":\"en-GB\",\"@id\":\"https:\\\/\\\/secure.gravatar.com\\\/avatar\\\/2ad25152d66ab68f233ff1e771f5f5b61808045f5b306f63250027046f2b84c4?s=96&d=mm&r=g\",\"url\":\"https:\\\/\\\/secure.gravatar.com\\\/avatar\\\/2ad25152d66ab68f233ff1e771f5f5b61808045f5b306f63250027046f2b84c4?s=96&d=mm&r=g\",\"contentUrl\":\"https:\\\/\\\/secure.gravatar.com\\\/avatar\\\/2ad25152d66ab68f233ff1e771f5f5b61808045f5b306f63250027046f2b84c4?s=96&d=mm&r=g\",\"caption\":\"senda_midsa\"},\"sameAs\":[\"https:\\\/\\\/midsa.es\"],\"url\":\"https:\\\/\\\/midsa.es\\\/en\\\/author\\\/senda_midsa\\\/\"}]}<\/script>\n<!-- \/ Yoast SEO plugin. -->","yoast_head_json":{"title":"Sleep apnea + RFA-HBTC treatment \u2014 MIDSA","robots":{"index":"index","follow":"follow","max-snippet":"max-snippet:-1","max-image-preview":"max-image-preview:large","max-video-preview":"max-video-preview:-1"},"canonical":"https:\/\/midsa.es\/en\/2018-10-sleep-apnea-treatment-rfa-hbtc\/","og_locale":"en_GB","og_type":"article","og_title":"Apnea del sue\u00f1o + tratamiento RFA-HBTC &#8212; MIDSA","og_description":"Si sufres de apnea del sue\u00f1o en MIDSA Odontolog\u00eda Queremos ayudarte, si quieres saber m\u00e1s ll\u00e1manos y te daremos una cita.","og_url":"https:\/\/midsa.es\/en\/2018-10-sleep-apnea-treatment-rfa-hbtc\/","og_site_name":"MIDSA","article_publisher":"https:\/\/www.facebook.com\/midsaodontologiavalencia","article_published_time":"2018-10-16T07:07:42+00:00","og_image":[{"width":826,"height":462,"url":"https:\/\/midsa.es\/wp-content\/uploads\/2026\/02\/apnea-y-rfa.jpg","type":"image\/jpeg"}],"author":"senda_midsa","twitter_card":"summary_large_image","twitter_misc":{"Written by":"senda_midsa","Estimated reading time":"1 minute"},"schema":{"@context":"https:\/\/schema.org","@graph":[{"@type":"Article","@id":"https:\/\/midsa.es\/2018-10-apnea-del-sueo-tratamiento-rfa-hbtc\/#article","isPartOf":{"@id":"https:\/\/midsa.es\/2018-10-apnea-del-sueo-tratamiento-rfa-hbtc\/"},"author":{"name":"senda_midsa","@id":"https:\/\/midsa.es\/#\/schema\/person\/2c8f0a79218dad8660f4eeb9876dfee7"},"headline":"Apnea del sue\u00f1o + tratamiento RFA-HBTC","datePublished":"2018-10-16T07:07:42+00:00","mainEntityOfPage":{"@id":"https:\/\/midsa.es\/2018-10-apnea-del-sueo-tratamiento-rfa-hbtc\/"},"wordCount":274,"commentCount":0,"publisher":{"@id":"https:\/\/midsa.es\/#organization"},"image":{"@id":"https:\/\/midsa.es\/2018-10-apnea-del-sueo-tratamiento-rfa-hbtc\/#primaryimage"},"thumbnailUrl":"https:\/\/midsa.es\/wp-content\/uploads\/2026\/02\/apnea-y-rfa.jpg","articleSection":["ARTICULOS SALUD BUCAL","CONSEJOS","ORTODONCIA MIOFUNCIONAL"],"inLanguage":"en-GB","potentialAction":[{"@type":"CommentAction","name":"Comment","target":["https:\/\/midsa.es\/2018-10-apnea-del-sueo-tratamiento-rfa-hbtc\/#respond"]}]},{"@type":"WebPage","@id":"https:\/\/midsa.es\/2018-10-apnea-del-sueo-tratamiento-rfa-hbtc\/","url":"https:\/\/midsa.es\/2018-10-apnea-del-sueo-tratamiento-rfa-hbtc\/","name":"Sleep apnea + RFA-HBTC treatment \u2014 MIDSA","isPartOf":{"@id":"https:\/\/midsa.es\/#website"},"primaryImageOfPage":{"@id":"https:\/\/midsa.es\/2018-10-apnea-del-sueo-tratamiento-rfa-hbtc\/#primaryimage"},"image":{"@id":"https:\/\/midsa.es\/2018-10-apnea-del-sueo-tratamiento-rfa-hbtc\/#primaryimage"},"thumbnailUrl":"https:\/\/midsa.es\/wp-content\/uploads\/2026\/02\/apnea-y-rfa.jpg","datePublished":"2018-10-16T07:07:42+00:00","breadcrumb":{"@id":"https:\/\/midsa.es\/2018-10-apnea-del-sueo-tratamiento-rfa-hbtc\/#breadcrumb"},"inLanguage":"en-GB","potentialAction":[{"@type":"ReadAction","target":["https:\/\/midsa.es\/2018-10-apnea-del-sueo-tratamiento-rfa-hbtc\/"]}]},{"@type":"ImageObject","inLanguage":"en-GB","@id":"https:\/\/midsa.es\/2018-10-apnea-del-sueo-tratamiento-rfa-hbtc\/#primaryimage","url":"https:\/\/midsa.es\/wp-content\/uploads\/2026\/02\/apnea-y-rfa.jpg","contentUrl":"https:\/\/midsa.es\/wp-content\/uploads\/2026\/02\/apnea-y-rfa.jpg","width":826,"height":462},{"@type":"BreadcrumbList","@id":"https:\/\/midsa.es\/2018-10-apnea-del-sueo-tratamiento-rfa-hbtc\/#breadcrumb","itemListElement":[{"@type":"ListItem","position":1,"name":"Portada","item":"https:\/\/midsa.es\/"},{"@type":"ListItem","position":2,"name":"Apnea del sue\u00f1o + tratamiento RFA-HBTC"}]},{"@type":"WebSite","@id":"https:\/\/midsa.es\/#website","url":"https:\/\/midsa.es\/","name":"Midsa Dentistry &amp; Co","description":"We are MIDSA, a dental clinic in L&#039;Eixample, Valencia. Advanced dentistry with a personal touch in the heart of Valencia.","publisher":{"@id":"https:\/\/midsa.es\/#organization"},"alternateName":"Midsa Odontolog\u00eda","potentialAction":[{"@type":"SearchAction","target":{"@type":"EntryPoint","urlTemplate":"https:\/\/midsa.es\/?s={search_term_string}"},"query-input":{"@type":"PropertyValueSpecification","valueRequired":true,"valueName":"search_term_string"}}],"inLanguage":"en-GB"},{"@type":"Organization","@id":"https:\/\/midsa.es\/#organization","name":"Midsa Dentistry &amp; Co","alternateName":"Midsa Odontolog\u00eda","url":"https:\/\/midsa.es\/","logo":{"@type":"ImageObject","inLanguage":"en-GB","@id":"https:\/\/midsa.es\/#\/schema\/logo\/image\/","url":"https:\/\/midsa.es\/wp-content\/uploads\/2026\/03\/logo_midsa.png","contentUrl":"https:\/\/midsa.es\/wp-content\/uploads\/2026\/03\/logo_midsa.png","width":1080,"height":361,"caption":"Midsa Odontolog\u00eda & Co"},"image":{"@id":"https:\/\/midsa.es\/#\/schema\/logo\/image\/"},"sameAs":["https:\/\/www.facebook.com\/midsaodontologiavalencia","https:\/\/www.instagram.com\/midsaodontologia\/"]},{"@type":"Person","@id":"https:\/\/midsa.es\/#\/schema\/person\/2c8f0a79218dad8660f4eeb9876dfee7","name":"senda_midsa","image":{"@type":"ImageObject","inLanguage":"en-GB","@id":"https:\/\/secure.gravatar.com\/avatar\/2ad25152d66ab68f233ff1e771f5f5b61808045f5b306f63250027046f2b84c4?s=96&d=mm&r=g","url":"https:\/\/secure.gravatar.com\/avatar\/2ad25152d66ab68f233ff1e771f5f5b61808045f5b306f63250027046f2b84c4?s=96&d=mm&r=g","contentUrl":"https:\/\/secure.gravatar.com\/avatar\/2ad25152d66ab68f233ff1e771f5f5b61808045f5b306f63250027046f2b84c4?s=96&d=mm&r=g","caption":"senda_midsa"},"sameAs":["https:\/\/midsa.es"],"url":"https:\/\/midsa.es\/en\/author\/senda_midsa\/"}]}},"_links":{"self":[{"href":"https:\/\/midsa.es\/en\/wp-json\/wp\/v2\/posts\/178","targetHints":{"allow":["GET"]}}],"collection":[{"href":"https:\/\/midsa.es\/en\/wp-json\/wp\/v2\/posts"}],"about":[{"href":"https:\/\/midsa.es\/en\/wp-json\/wp\/v2\/types\/post"}],"author":[{"embeddable":true,"href":"https:\/\/midsa.es\/en\/wp-json\/wp\/v2\/users\/1"}],"replies":[{"embeddable":true,"href":"https:\/\/midsa.es\/en\/wp-json\/wp\/v2\/comments?post=178"}],"version-history":[{"count":0,"href":"https:\/\/midsa.es\/en\/wp-json\/wp\/v2\/posts\/178\/revisions"}],"wp:featuredmedia":[{"embeddable":true,"href":"https:\/\/midsa.es\/en\/wp-json\/wp\/v2\/media\/179"}],"wp:attachment":[{"href":"https:\/\/midsa.es\/en\/wp-json\/wp\/v2\/media?parent=178"}],"wp:term":[{"taxonomy":"category","embeddable":true,"href":"https:\/\/midsa.es\/en\/wp-json\/wp\/v2\/categories?post=178"},{"taxonomy":"post_tag","embeddable":true,"href":"https:\/\/midsa.es\/en\/wp-json\/wp\/v2\/tags?post=178"}],"curies":[{"name":"wp","href":"https:\/\/api.w.org\/{rel}","templated":true}]}}