{"id":176,"date":"2018-10-15T09:01:16","date_gmt":"2018-10-15T07:01:16","guid":{"rendered":"https:\/\/midsa.es\/nueva\/index.php\/2018\/10\/15\/2018-10-periodontitis-algo-muy-serio\/"},"modified":"2018-10-15T09:01:16","modified_gmt":"2018-10-15T07:01:16","slug":"2018-10-periodontitis-something-very-serious","status":"publish","type":"post","link":"https:\/\/midsa.es\/en\/2018-10-periodontitis-algo-muy-serio\/","title":{"rendered":"Periodontitis, a very serious condition."},"content":{"rendered":"<p>Gingivitis and periodontitis (pyorrhea) are very common diseases caused by bacteria in the mouth that can be transmitted from one person to another. If these bacteria are not properly eliminated, they affect the gums, causing inflammation. This inflammation then spreads below the gum line and destroys the bone and tissues that support the teeth, leading to tooth mobility and loss, as well as potential inflammatory changes in other parts of the body.<\/p>\n\n\n\n<p>The <strong>symptoms<\/strong> They are clear:<\/p>\n\n\n\n<p>\u2022 Redness of the gums.<\/p>\n\n\n\n<p>\u2022 Bleeding gums when brushing. (Bleeding gums are always a symptom of disease). Note: Smokers do not bleed even if they are infected.<\/p>\n\n\n\n<p>\u2022 Gum recession with a sensation of longer teeth.<\/p>\n\n\n\n<p>\u2022 Increased tooth sensitivity to cold.<\/p>\n\n\n\n<p>\u2022 Appearance of painful abscesses and phlegmons in the gums.<\/p>\n\n\n\n<p>\u2022 Mobility and displacement of teeth.<\/p>\n\n\n\n<p><strong>What should I do if I have periodontitis?<\/strong><\/p>\n\n\n\n<p>The first reaction should be to consider that we are facing a <strong>very serious dental problem<\/strong>, But it is treatable, and the sooner you see a periodontist, the more effective the treatment will be. A thorough clinical, radiological, and sometimes microbiological examination will provide the necessary information to develop a specific and effective treatment plan. Once diagnosed, gingivitis or periodontitis is cured with meticulous periodontal treatment, sometimes supported by specific medication. New microsurgical techniques allow for more precise and conservative treatment, resulting in a much shorter recovery period after the procedure.<\/p>","protected":false},"excerpt":{"rendered":"<p>La gingivitis y la periodontitis (piorrea), son enfermedades muy frecuentes producidas por bacterias que tenemos en la boca y que nos podemos transmitir unos a [&hellip;]<\/p>\n","protected":false},"author":1,"featured_media":177,"comment_status":"open","ping_status":"open","sticky":false,"template":"","format":"standard","meta":{"_acf_changed":false,"footnotes":""},"categories":[3,5],"tags":[],"class_list":["post-176","post","type-post","status-publish","format-standard","has-post-thumbnail","hentry","category-articulos-salud-bucal","category-consejos"],"acf":[],"yoast_head":"<!-- This site is optimized with the Yoast SEO plugin v27.5 - https:\/\/yoast.com\/product\/yoast-seo-wordpress\/ -->\n<title>Periodontitis, algo muy serio. &#8212; MIDSA<\/title>\n<meta name=\"robots\" content=\"index, follow, max-snippet:-1, max-image-preview:large, max-video-preview:-1\" \/>\n<link rel=\"canonical\" href=\"https:\/\/midsa.es\/en\/2018-10-periodontitis-something-very-serious\/\" \/>\n<meta property=\"og:locale\" content=\"en_GB\" \/>\n<meta property=\"og:type\" content=\"article\" \/>\n<meta property=\"og:title\" content=\"Periodontitis, algo muy serio. &#8212; MIDSA\" \/>\n<meta property=\"og:description\" content=\"La gingivitis y la periodontitis (piorrea), son enfermedades muy frecuentes producidas por bacterias que tenemos en la boca y que nos podemos transmitir unos a [&hellip;]\" \/>\n<meta property=\"og:url\" content=\"https:\/\/midsa.es\/en\/2018-10-periodontitis-something-very-serious\/\" \/>\n<meta property=\"og:site_name\" content=\"MIDSA\" \/>\n<meta property=\"article:publisher\" content=\"https:\/\/www.facebook.com\/midsaodontologiavalencia\" \/>\n<meta property=\"article:published_time\" content=\"2018-10-15T07:01:16+00:00\" \/>\n<meta property=\"og:image\" content=\"https:\/\/midsa.es\/wp-content\/uploads\/2026\/02\/periodontitis-1.png\" \/>\n\t<meta property=\"og:image:width\" content=\"826\" \/>\n\t<meta property=\"og:image:height\" content=\"462\" \/>\n\t<meta property=\"og:image:type\" content=\"image\/png\" \/>\n<meta name=\"author\" content=\"senda_midsa\" \/>\n<meta name=\"twitter:card\" content=\"summary_large_image\" \/>\n<meta name=\"twitter:label1\" content=\"Written by\" \/>\n\t<meta name=\"twitter:data1\" content=\"senda_midsa\" \/>\n\t<meta name=\"twitter:label2\" content=\"Estimated reading time\" \/>\n\t<meta name=\"twitter:data2\" content=\"1 minute\" \/>\n<script type=\"application\/ld+json\" class=\"yoast-schema-graph\">{\"@context\":\"https:\\\/\\\/schema.org\",\"@graph\":[{\"@type\":\"Article\",\"@id\":\"https:\\\/\\\/midsa.es\\\/2018-10-periodontitis-algo-muy-serio\\\/#article\",\"isPartOf\":{\"@id\":\"https:\\\/\\\/midsa.es\\\/2018-10-periodontitis-algo-muy-serio\\\/\"},\"author\":{\"name\":\"senda_midsa\",\"@id\":\"https:\\\/\\\/midsa.es\\\/#\\\/schema\\\/person\\\/2c8f0a79218dad8660f4eeb9876dfee7\"},\"headline\":\"Periodontitis, algo muy serio.\",\"datePublished\":\"2018-10-15T07:01:16+00:00\",\"mainEntityOfPage\":{\"@id\":\"https:\\\/\\\/midsa.es\\\/2018-10-periodontitis-algo-muy-serio\\\/\"},\"wordCount\":282,\"commentCount\":0,\"publisher\":{\"@id\":\"https:\\\/\\\/midsa.es\\\/#organization\"},\"image\":{\"@id\":\"https:\\\/\\\/midsa.es\\\/2018-10-periodontitis-algo-muy-serio\\\/#primaryimage\"},\"thumbnailUrl\":\"https:\\\/\\\/midsa.es\\\/wp-content\\\/uploads\\\/2026\\\/02\\\/periodontitis-1.png\",\"articleSection\":[\"ARTICULOS SALUD BUCAL\",\"CONSEJOS\"],\"inLanguage\":\"en-GB\",\"potentialAction\":[{\"@type\":\"CommentAction\",\"name\":\"Comment\",\"target\":[\"https:\\\/\\\/midsa.es\\\/2018-10-periodontitis-algo-muy-serio\\\/#respond\"]}]},{\"@type\":\"WebPage\",\"@id\":\"https:\\\/\\\/midsa.es\\\/2018-10-periodontitis-algo-muy-serio\\\/\",\"url\":\"https:\\\/\\\/midsa.es\\\/2018-10-periodontitis-algo-muy-serio\\\/\",\"name\":\"Periodontitis, algo muy serio. &#8212; MIDSA\",\"isPartOf\":{\"@id\":\"https:\\\/\\\/midsa.es\\\/#website\"},\"primaryImageOfPage\":{\"@id\":\"https:\\\/\\\/midsa.es\\\/2018-10-periodontitis-algo-muy-serio\\\/#primaryimage\"},\"image\":{\"@id\":\"https:\\\/\\\/midsa.es\\\/2018-10-periodontitis-algo-muy-serio\\\/#primaryimage\"},\"thumbnailUrl\":\"https:\\\/\\\/midsa.es\\\/wp-content\\\/uploads\\\/2026\\\/02\\\/periodontitis-1.png\",\"datePublished\":\"2018-10-15T07:01:16+00:00\",\"breadcrumb\":{\"@id\":\"https:\\\/\\\/midsa.es\\\/2018-10-periodontitis-algo-muy-serio\\\/#breadcrumb\"},\"inLanguage\":\"en-GB\",\"potentialAction\":[{\"@type\":\"ReadAction\",\"target\":[\"https:\\\/\\\/midsa.es\\\/2018-10-periodontitis-algo-muy-serio\\\/\"]}]},{\"@type\":\"ImageObject\",\"inLanguage\":\"en-GB\",\"@id\":\"https:\\\/\\\/midsa.es\\\/2018-10-periodontitis-algo-muy-serio\\\/#primaryimage\",\"url\":\"https:\\\/\\\/midsa.es\\\/wp-content\\\/uploads\\\/2026\\\/02\\\/periodontitis-1.png\",\"contentUrl\":\"https:\\\/\\\/midsa.es\\\/wp-content\\\/uploads\\\/2026\\\/02\\\/periodontitis-1.png\",\"width\":826,\"height\":462},{\"@type\":\"BreadcrumbList\",\"@id\":\"https:\\\/\\\/midsa.es\\\/2018-10-periodontitis-algo-muy-serio\\\/#breadcrumb\",\"itemListElement\":[{\"@type\":\"ListItem\",\"position\":1,\"name\":\"Portada\",\"item\":\"https:\\\/\\\/midsa.es\\\/\"},{\"@type\":\"ListItem\",\"position\":2,\"name\":\"Periodontitis, algo muy serio.\"}]},{\"@type\":\"WebSite\",\"@id\":\"https:\\\/\\\/midsa.es\\\/#website\",\"url\":\"https:\\\/\\\/midsa.es\\\/\",\"name\":\"Midsa Odontolog\u00eda & Co\",\"description\":\"Somos MIDSA, Cl\u00ednica Dental en L&#039;Eixample, Valencia. Odontolog\u00eda avanzada con trato cercano en el coraz\u00f3n de Valencia.\",\"publisher\":{\"@id\":\"https:\\\/\\\/midsa.es\\\/#organization\"},\"alternateName\":\"Midsa Odontolog\u00eda\",\"potentialAction\":[{\"@type\":\"SearchAction\",\"target\":{\"@type\":\"EntryPoint\",\"urlTemplate\":\"https:\\\/\\\/midsa.es\\\/?s={search_term_string}\"},\"query-input\":{\"@type\":\"PropertyValueSpecification\",\"valueRequired\":true,\"valueName\":\"search_term_string\"}}],\"inLanguage\":\"en-GB\"},{\"@type\":\"Organization\",\"@id\":\"https:\\\/\\\/midsa.es\\\/#organization\",\"name\":\"Midsa Odontolog\u00eda & Co\",\"alternateName\":\"Midsa Odontolog\u00eda\",\"url\":\"https:\\\/\\\/midsa.es\\\/\",\"logo\":{\"@type\":\"ImageObject\",\"inLanguage\":\"en-GB\",\"@id\":\"https:\\\/\\\/midsa.es\\\/#\\\/schema\\\/logo\\\/image\\\/\",\"url\":\"https:\\\/\\\/midsa.es\\\/wp-content\\\/uploads\\\/2026\\\/03\\\/logo_midsa.png\",\"contentUrl\":\"https:\\\/\\\/midsa.es\\\/wp-content\\\/uploads\\\/2026\\\/03\\\/logo_midsa.png\",\"width\":1080,\"height\":361,\"caption\":\"Midsa Odontolog\u00eda & Co\"},\"image\":{\"@id\":\"https:\\\/\\\/midsa.es\\\/#\\\/schema\\\/logo\\\/image\\\/\"},\"sameAs\":[\"https:\\\/\\\/www.facebook.com\\\/midsaodontologiavalencia\",\"https:\\\/\\\/www.instagram.com\\\/midsaodontologia\\\/\"]},{\"@type\":\"Person\",\"@id\":\"https:\\\/\\\/midsa.es\\\/#\\\/schema\\\/person\\\/2c8f0a79218dad8660f4eeb9876dfee7\",\"name\":\"senda_midsa\",\"image\":{\"@type\":\"ImageObject\",\"inLanguage\":\"en-GB\",\"@id\":\"https:\\\/\\\/secure.gravatar.com\\\/avatar\\\/2ad25152d66ab68f233ff1e771f5f5b61808045f5b306f63250027046f2b84c4?s=96&d=mm&r=g\",\"url\":\"https:\\\/\\\/secure.gravatar.com\\\/avatar\\\/2ad25152d66ab68f233ff1e771f5f5b61808045f5b306f63250027046f2b84c4?s=96&d=mm&r=g\",\"contentUrl\":\"https:\\\/\\\/secure.gravatar.com\\\/avatar\\\/2ad25152d66ab68f233ff1e771f5f5b61808045f5b306f63250027046f2b84c4?s=96&d=mm&r=g\",\"caption\":\"senda_midsa\"},\"sameAs\":[\"https:\\\/\\\/midsa.es\"],\"url\":\"https:\\\/\\\/midsa.es\\\/en\\\/author\\\/senda_midsa\\\/\"}]}<\/script>\n<!-- \/ Yoast SEO plugin. -->","yoast_head_json":{"title":"Periodontitis, a very serious condition. \u2014 MIDSA","robots":{"index":"index","follow":"follow","max-snippet":"max-snippet:-1","max-image-preview":"max-image-preview:large","max-video-preview":"max-video-preview:-1"},"canonical":"https:\/\/midsa.es\/en\/2018-10-periodontitis-something-very-serious\/","og_locale":"en_GB","og_type":"article","og_title":"Periodontitis, algo muy serio. &#8212; MIDSA","og_description":"La gingivitis y la periodontitis (piorrea), son enfermedades muy frecuentes producidas por bacterias que tenemos en la boca y que nos podemos transmitir unos a [&hellip;]","og_url":"https:\/\/midsa.es\/en\/2018-10-periodontitis-something-very-serious\/","og_site_name":"MIDSA","article_publisher":"https:\/\/www.facebook.com\/midsaodontologiavalencia","article_published_time":"2018-10-15T07:01:16+00:00","og_image":[{"width":826,"height":462,"url":"https:\/\/midsa.es\/wp-content\/uploads\/2026\/02\/periodontitis-1.png","type":"image\/png"}],"author":"senda_midsa","twitter_card":"summary_large_image","twitter_misc":{"Written by":"senda_midsa","Estimated reading time":"1 minute"},"schema":{"@context":"https:\/\/schema.org","@graph":[{"@type":"Article","@id":"https:\/\/midsa.es\/2018-10-periodontitis-algo-muy-serio\/#article","isPartOf":{"@id":"https:\/\/midsa.es\/2018-10-periodontitis-algo-muy-serio\/"},"author":{"name":"senda_midsa","@id":"https:\/\/midsa.es\/#\/schema\/person\/2c8f0a79218dad8660f4eeb9876dfee7"},"headline":"Periodontitis, algo muy serio.","datePublished":"2018-10-15T07:01:16+00:00","mainEntityOfPage":{"@id":"https:\/\/midsa.es\/2018-10-periodontitis-algo-muy-serio\/"},"wordCount":282,"commentCount":0,"publisher":{"@id":"https:\/\/midsa.es\/#organization"},"image":{"@id":"https:\/\/midsa.es\/2018-10-periodontitis-algo-muy-serio\/#primaryimage"},"thumbnailUrl":"https:\/\/midsa.es\/wp-content\/uploads\/2026\/02\/periodontitis-1.png","articleSection":["ARTICULOS SALUD BUCAL","CONSEJOS"],"inLanguage":"en-GB","potentialAction":[{"@type":"CommentAction","name":"Comment","target":["https:\/\/midsa.es\/2018-10-periodontitis-algo-muy-serio\/#respond"]}]},{"@type":"WebPage","@id":"https:\/\/midsa.es\/2018-10-periodontitis-algo-muy-serio\/","url":"https:\/\/midsa.es\/2018-10-periodontitis-algo-muy-serio\/","name":"Periodontitis, a very serious condition. \u2014 MIDSA","isPartOf":{"@id":"https:\/\/midsa.es\/#website"},"primaryImageOfPage":{"@id":"https:\/\/midsa.es\/2018-10-periodontitis-algo-muy-serio\/#primaryimage"},"image":{"@id":"https:\/\/midsa.es\/2018-10-periodontitis-algo-muy-serio\/#primaryimage"},"thumbnailUrl":"https:\/\/midsa.es\/wp-content\/uploads\/2026\/02\/periodontitis-1.png","datePublished":"2018-10-15T07:01:16+00:00","breadcrumb":{"@id":"https:\/\/midsa.es\/2018-10-periodontitis-algo-muy-serio\/#breadcrumb"},"inLanguage":"en-GB","potentialAction":[{"@type":"ReadAction","target":["https:\/\/midsa.es\/2018-10-periodontitis-algo-muy-serio\/"]}]},{"@type":"ImageObject","inLanguage":"en-GB","@id":"https:\/\/midsa.es\/2018-10-periodontitis-algo-muy-serio\/#primaryimage","url":"https:\/\/midsa.es\/wp-content\/uploads\/2026\/02\/periodontitis-1.png","contentUrl":"https:\/\/midsa.es\/wp-content\/uploads\/2026\/02\/periodontitis-1.png","width":826,"height":462},{"@type":"BreadcrumbList","@id":"https:\/\/midsa.es\/2018-10-periodontitis-algo-muy-serio\/#breadcrumb","itemListElement":[{"@type":"ListItem","position":1,"name":"Portada","item":"https:\/\/midsa.es\/"},{"@type":"ListItem","position":2,"name":"Periodontitis, algo muy serio."}]},{"@type":"WebSite","@id":"https:\/\/midsa.es\/#website","url":"https:\/\/midsa.es\/","name":"Midsa Dentistry &amp; Co","description":"We are MIDSA, a dental clinic in L&#039;Eixample, Valencia. Advanced dentistry with a personal touch in the heart of Valencia.","publisher":{"@id":"https:\/\/midsa.es\/#organization"},"alternateName":"Midsa Odontolog\u00eda","potentialAction":[{"@type":"SearchAction","target":{"@type":"EntryPoint","urlTemplate":"https:\/\/midsa.es\/?s={search_term_string}"},"query-input":{"@type":"PropertyValueSpecification","valueRequired":true,"valueName":"search_term_string"}}],"inLanguage":"en-GB"},{"@type":"Organization","@id":"https:\/\/midsa.es\/#organization","name":"Midsa Dentistry &amp; Co","alternateName":"Midsa Odontolog\u00eda","url":"https:\/\/midsa.es\/","logo":{"@type":"ImageObject","inLanguage":"en-GB","@id":"https:\/\/midsa.es\/#\/schema\/logo\/image\/","url":"https:\/\/midsa.es\/wp-content\/uploads\/2026\/03\/logo_midsa.png","contentUrl":"https:\/\/midsa.es\/wp-content\/uploads\/2026\/03\/logo_midsa.png","width":1080,"height":361,"caption":"Midsa Odontolog\u00eda & Co"},"image":{"@id":"https:\/\/midsa.es\/#\/schema\/logo\/image\/"},"sameAs":["https:\/\/www.facebook.com\/midsaodontologiavalencia","https:\/\/www.instagram.com\/midsaodontologia\/"]},{"@type":"Person","@id":"https:\/\/midsa.es\/#\/schema\/person\/2c8f0a79218dad8660f4eeb9876dfee7","name":"senda_midsa","image":{"@type":"ImageObject","inLanguage":"en-GB","@id":"https:\/\/secure.gravatar.com\/avatar\/2ad25152d66ab68f233ff1e771f5f5b61808045f5b306f63250027046f2b84c4?s=96&d=mm&r=g","url":"https:\/\/secure.gravatar.com\/avatar\/2ad25152d66ab68f233ff1e771f5f5b61808045f5b306f63250027046f2b84c4?s=96&d=mm&r=g","contentUrl":"https:\/\/secure.gravatar.com\/avatar\/2ad25152d66ab68f233ff1e771f5f5b61808045f5b306f63250027046f2b84c4?s=96&d=mm&r=g","caption":"senda_midsa"},"sameAs":["https:\/\/midsa.es"],"url":"https:\/\/midsa.es\/en\/author\/senda_midsa\/"}]}},"_links":{"self":[{"href":"https:\/\/midsa.es\/en\/wp-json\/wp\/v2\/posts\/176","targetHints":{"allow":["GET"]}}],"collection":[{"href":"https:\/\/midsa.es\/en\/wp-json\/wp\/v2\/posts"}],"about":[{"href":"https:\/\/midsa.es\/en\/wp-json\/wp\/v2\/types\/post"}],"author":[{"embeddable":true,"href":"https:\/\/midsa.es\/en\/wp-json\/wp\/v2\/users\/1"}],"replies":[{"embeddable":true,"href":"https:\/\/midsa.es\/en\/wp-json\/wp\/v2\/comments?post=176"}],"version-history":[{"count":0,"href":"https:\/\/midsa.es\/en\/wp-json\/wp\/v2\/posts\/176\/revisions"}],"wp:featuredmedia":[{"embeddable":true,"href":"https:\/\/midsa.es\/en\/wp-json\/wp\/v2\/media\/177"}],"wp:attachment":[{"href":"https:\/\/midsa.es\/en\/wp-json\/wp\/v2\/media?parent=176"}],"wp:term":[{"taxonomy":"category","embeddable":true,"href":"https:\/\/midsa.es\/en\/wp-json\/wp\/v2\/categories?post=176"},{"taxonomy":"post_tag","embeddable":true,"href":"https:\/\/midsa.es\/en\/wp-json\/wp\/v2\/tags?post=176"}],"curies":[{"name":"wp","href":"https:\/\/api.w.org\/{rel}","templated":true}]}}