{"id":169,"date":"2018-07-16T10:38:58","date_gmt":"2018-07-16T08:38:58","guid":{"rendered":"https:\/\/midsa.es\/nueva\/index.php\/2018\/07\/16\/2018-7-retencion-prolongada\/"},"modified":"2018-07-16T10:38:58","modified_gmt":"2018-07-16T08:38:58","slug":"2018-7-prolonged-retention","status":"publish","type":"post","link":"https:\/\/midsa.es\/en\/2018-7-retencion-prolongada\/","title":{"rendered":"Prolonged retention"},"content":{"rendered":"\n<div class=\"flex basis-auto flex-col -mb-(--composer-overlap-px) [--composer-overlap-px:24px] grow overflow-hidden\">\n<div class=\"relative h-full\">\n<div class=\"flex h-full flex-col overflow-y-auto [scrollbar-gutter:stable_both-edges] @[84rem]\/thread:pt-(--header-height)\">\n<div class=\"@thread-xl\/thread:pt-header-height mt-1.5 flex flex-col text-sm pb-25\">\n<article class=\"text-token-text-primary w-full\" dir=\"auto\" data-testid=\"conversation-turn-14\" data-scroll-anchor=\"true\">\n<div class=\"text-base my-auto mx-auto py-5 [--thread-content-margin:--spacing(4)] @[37rem]:[--thread-content-margin:--spacing(6)] @[72rem]:[--thread-content-margin:--spacing(16)] px-(--thread-content-margin)\">\n<div class=\"[--thread-content-max-width:32rem] @[34rem]:[--thread-content-max-width:40rem] @[64rem]:[--thread-content-max-width:48rem] mx-auto flex max-w-(--thread-content-max-width) flex-1 text-base gap-4 md:gap-5 lg:gap-6 group\/turn-messages focus-visible:outline-hidden\" tabindex=\"-1\">\n<div class=\"group\/conversation-turn relative flex w-full min-w-0 flex-col agent-turn\">\n<div class=\"relative flex-col gap-1 md:gap-3\">\n<div class=\"flex max-w-full flex-col grow\">\n<div class=\"min-h-8 text-message relative flex w-full flex-col items-end gap-2 text-start break-words whitespace-normal [.text-message+&amp;]:mt-5\" dir=\"auto\" data-message-author-role=\"assistant\" data-message-id=\"de660634-cbeb-418a-88fd-bb5424facbfd\" data-message-model-slug=\"gpt-4o\">\n<div class=\"flex w-full flex-col gap-1 empty:hidden first:pt-[3px]\">\n<div class=\"markdown prose dark:prose-invert w-full break-words light\">\n<h2 data-start=\"733\" data-end=\"835\">\u00bfA tu hijo no se le han ca\u00eddo a\u00fan los dientes de leche? Podr\u00eda tratarse de una retenci\u00f3n prolongada<\/h2>\n<p data-start=\"837\" data-end=\"1076\">En nuestra cl\u00ednica vemos cada vez m\u00e1s casos de ni\u00f1os que, pasada la edad habitual, <strong data-start=\"920\" data-end=\"959\">no han perdido sus dientes de leche<\/strong>. Este fen\u00f3meno se conoce como <strong data-start=\"990\" data-end=\"1014\">retenci\u00f3n prolongada<\/strong> y puede tener diversas consecuencias si no se trata a tiempo.<\/p>\n\n<h3 data-start=\"1078\" data-end=\"1137\">  \u00bfQu\u00e9 es la retenci\u00f3n prolongada de dientes de leche?<\/h3>\n<p data-start=\"1139\" data-end=\"1431\">Hablamos de <strong data-start=\"1151\" data-end=\"1171\">retenci\u00f3n dental<\/strong> cuando, una vez superada la edad normal de erupci\u00f3n (entre los 6 y 12 a\u00f1os), <strong data-start=\"1249\" data-end=\"1342\">los dientes definitivos no emergen correctamente porque los dientes de leche no han ca\u00eddo<\/strong>. Esto provoca que las piezas permanentes crezcan por detr\u00e1s o en posiciones inadecuadas.<\/p>\n\n<h3 data-start=\"1433\" data-end=\"1471\">\u26a0\ufe0f \u00bfQu\u00e9 consecuencias puede tener?<\/h3>\n<ul data-start=\"1473\" data-end=\"1653\">\n \t<li data-start=\"1473\" data-end=\"1519\">\n<p data-start=\"1475\" data-end=\"1519\"><strong data-start=\"1475\" data-end=\"1517\">Malposici\u00f3n de los dientes definitivos<\/strong><\/p>\n<\/li>\n \t<li data-start=\"1520\" data-end=\"1549\">\n<p data-start=\"1522\" data-end=\"1549\"><strong data-start=\"1522\" data-end=\"1547\">Problemas de oclusi\u00f3n<\/strong><\/p>\n<\/li>\n \t<li data-start=\"1550\" data-end=\"1598\">\n<p data-start=\"1552\" data-end=\"1598\"><strong data-start=\"1552\" data-end=\"1596\">Desajustes en el desarrollo maxilofacial<\/strong><\/p>\n<\/li>\n \t<li data-start=\"1599\" data-end=\"1653\">\n<p data-start=\"1601\" data-end=\"1653\">Necesidad de tratamientos ortod\u00f3nticos m\u00e1s complejos<\/p>\n<\/li>\n<\/ul>\n<h3 data-start=\"1655\" data-end=\"1710\"> \ufe0f Tratamientos m\u00e1s comunes para dientes retenidos<\/h3>\n<ul data-start=\"1712\" data-end=\"1849\">\n \t<li data-start=\"1712\" data-end=\"1777\">\n<p data-start=\"1714\" data-end=\"1777\"><strong data-start=\"1714\" data-end=\"1739\">Extracci\u00f3n quir\u00fargica<\/strong> (especialmente en terceros molares)<\/p>\n<\/li>\n \t<li data-start=\"1778\" data-end=\"1849\">\n<p data-start=\"1780\" data-end=\"1849\"><strong data-start=\"1780\" data-end=\"1803\">Tracci\u00f3n quir\u00fargica<\/strong> (usada con frecuencia en caninos e incisivos)<\/p>\n<\/li>\n<\/ul>\n<p data-start=\"1851\" data-end=\"2000\">La <strong data-start=\"1854\" data-end=\"1916\">edad media para el inicio del recambio dental es de 6 a\u00f1os<\/strong>, por lo que cualquier retraso considerable debe ser valorado por un odontopediatra.<\/p>\n\n\n<hr data-start=\"2002\" data-end=\"2005\" \/>\n\n<h2 data-start=\"2007\" data-end=\"2046\">  \u00bfLa falta de masticaci\u00f3n influye?<\/h2>\n<p data-start=\"2048\" data-end=\"2308\">\u00a1S\u00ed! Uno de los factores que m\u00e1s influye en la retenci\u00f3n dental es la <strong data-start=\"2118\" data-end=\"2155\">escasa masticaci\u00f3n en la infancia<\/strong>. Cada vez m\u00e1s ni\u00f1os comen alimentos blandos y procesados, lo que <strong data-start=\"2221\" data-end=\"2307\">reduce el est\u00edmulo necesario para que los dientes se aflojen y caigan naturalmente<\/strong>.<\/p>\n<p data-start=\"2310\" data-end=\"2499\">Muchos peque\u00f1os apenas mastican: <strong data-start=\"2343\" data-end=\"2402\">ingieren la comida directamente sin esfuerzo mandibular<\/strong>, lo que debilita el desarrollo de los m\u00fasculos faciales y retrasa el proceso de recambio dental.<\/p>\n\n<h3 data-start=\"2501\" data-end=\"2579\">\u2705 Recomendaciones para favorecer la ca\u00edda natural de los dientes de leche:<\/h3>\n<ol data-start=\"2581\" data-end=\"2819\">\n \t<li data-start=\"2581\" data-end=\"2642\">\n<p data-start=\"2584\" data-end=\"2642\">Introducir alimentos s\u00f3lidos progresivamente en la dieta<\/p>\n<\/li>\n \t<li data-start=\"2643\" data-end=\"2709\">\n<p data-start=\"2646\" data-end=\"2709\">Ense\u00f1ar a masticar despacio: al menos <strong data-start=\"2684\" data-end=\"2707\">20 veces por bocado<\/strong><\/p>\n<\/li>\n \t<li data-start=\"2710\" data-end=\"2763\">\n<p data-start=\"2713\" data-end=\"2763\">Evitar triturar o cortar excesivamente la comida<\/p>\n<\/li>\n \t<li data-start=\"2764\" data-end=\"2819\">\n<p data-start=\"2767\" data-end=\"2819\">Realizar revisiones peri\u00f3dicas con el odontopediatra<\/p>\n<\/li>\n<\/ol>\n\n<hr data-start=\"2821\" data-end=\"2824\" \/>\n\n<h3 data-start=\"2826\" data-end=\"2904\"> \u200d\u2695\ufe0f En Midsa Odontologia cuidamos el desarrollo oral de tu hijo<\/h3>\n<p data-start=\"2906\" data-end=\"3115\">Evaluamos de forma personalizada los casos de <strong data-start=\"2952\" data-end=\"2981\">retenci\u00f3n dental infantil<\/strong> y te ayudamos a promover h\u00e1bitos saludables desde casa. La prevenci\u00f3n y el seguimiento a tiempo son clave para evitar complicaciones.<\/p>\n\n\n<hr data-start=\"3117\" data-end=\"3120\" \/>\n\n<\/div>\n<\/div>\n<\/div>\n<\/div>\n<div class=\"flex min-h-[46px] justify-start\">\n<div class=\"touch:-me-2 touch:-ms-3.5 -ms-2.5 -me-1 flex flex-wrap items-center gap-y-4 p-1 select-none touch:w-[calc(100%+--spacing(3.5))] -mt-1 w-[calc(100%+--spacing(2.5))] duration-[1.5s] focus-within:transition-none hover:transition-none pointer-events-none [mask-image:linear-gradient(to_right,black_33%,transparent_66%)] [mask-size:300%_100%] [mask-position:100%_0%] motion-safe:transition-[mask-position] group-hover\/turn-messages:pointer-events-auto group-hover\/turn-messages:[mask-position:0_0] group-focus-within\/turn-messages:pointer-events-auto group-focus-within\/turn-messages:[mask-position:0_0] has-data-[state=open]:pointer-events-auto has-data-[state=open]:[mask-position:0_0]\"><\/div>\n<\/div>\n<div class=\"mt-3 w-full empty:hidden\">\n<div class=\"text-center\"><\/div>\n<\/div>\n<\/div>\n<div class=\"absolute\">\n<div class=\"flex items-center justify-center\"><\/div>\n<\/div>\n<\/div>\n<\/div>\n<\/div>\n<\/article>\n<div class=\"pointer-events-none h-px w-px\" aria-hidden=\"true\" data-edge=\"true\"><\/div>\n<div><\/div>\n<\/div>\n<\/div>\n<\/div>\n<\/div>\n<div id=\"thread-bottom-container\" class=\"isolate z-3 w-full basis-auto has-data-has-thread-error:pt-2 has-data-has-thread-error:[box-shadow:var(--sharp-edge-bottom-shadow)] md:border-transparent md:pt-0 dark:border-white\/20 md:dark:border-transparent flex flex-col\">\n<div id=\"thread-bottom\">\n<div class=\"text-base mx-auto [--thread-content-margin:--spacing(4)] @[37rem]:[--thread-content-margin:--spacing(6)] @[72rem]:[--thread-content-margin:--spacing(16)] px-(--thread-content-margin)\">\n<div class=\"[--thread-content-max-width:32rem] @[34rem]:[--thread-content-max-width:40rem] @[64rem]:[--thread-content-max-width:48rem] mx-auto flex max-w-(--thread-content-max-width) flex-1 text-base gap-4 md:gap-5 lg:gap-6\">\n<div class=\"flex justify-center empty:hidden\"><\/div>\n<div class=\"max-xs:[--force-hide-label:none] relative z-1 flex h-full max-w-full flex-1 flex-col\" aria-haspopup=\"dialog\" aria-expanded=\"false\" aria-controls=\"radix-\u00abrdq\u00bb\" data-state=\"closed\">\n<div class=\"absolute start-0 end-0 bottom-full z-20\"><\/div>\n<form class=\"w-full [view-transition-name:var(--vt-composer)]\" data-type=\"unified-composer\">\n<div class=\"bg-token-bg-primary flex w-full cursor-text flex-col items-center justify-center overflow-clip bg-clip-padding contain-inline-size dark:bg-[#303030] shadow-short rounded-[28px]\">\n<div class=\"relative flex w-full items-end px-2.5 py-2.5\">\n<div class=\"relative flex w-full flex-auto flex-col\">\n<div class=\"relative mx-2.5 grid grid-cols-[auto_minmax(0,1fr)]\">\n<div class=\"items-top flex justify-center\">\n<div><\/div>\n<\/div>\n<\/div>\n<\/div>\n<\/div>\n<\/div>\n<\/form><\/div>\n<\/div>\n<\/div>\n<\/div>\n<\/div>\n","protected":false},"excerpt":{"rendered":"<p>\u00bfA tu hijo no se le han caido los dientes de leche a\u00fan?. El problema, conocido odontol\u00f3gicamente como \u00abretenci\u00f3n prolongada\u00bb, est\u00e1 aumentando en la consulta del odontopediatra.<\/p>","protected":false},"author":1,"featured_media":170,"comment_status":"open","ping_status":"open","sticky":false,"template":"","format":"standard","meta":{"_acf_changed":false,"footnotes":""},"categories":[6],"tags":[],"class_list":["post-169","post","type-post","status-publish","format-standard","has-post-thumbnail","hentry","category-odontopediatria"],"acf":[],"yoast_head":"<!-- This site is optimized with the Yoast SEO plugin v27.5 - https:\/\/yoast.com\/product\/yoast-seo-wordpress\/ -->\n<title>Retenci\u00f3n prolongada &#8212; MIDSA<\/title>\n<meta name=\"robots\" content=\"index, follow, max-snippet:-1, max-image-preview:large, max-video-preview:-1\" \/>\n<link rel=\"canonical\" href=\"https:\/\/midsa.es\/en\/2018-7-prolonged-retention\/\" \/>\n<meta property=\"og:locale\" content=\"en_GB\" \/>\n<meta property=\"og:type\" content=\"article\" \/>\n<meta property=\"og:title\" content=\"Retenci\u00f3n prolongada &#8212; MIDSA\" \/>\n<meta property=\"og:description\" content=\"\u00bfA tu hijo no se le han caido los dientes de leche a\u00fan?. El problema, conocido odontol\u00f3gicamente como &quot;retenci\u00f3n prolongada&quot;, est\u00e1 aumentando en la consulta del odontopediatra.\" \/>\n<meta property=\"og:url\" content=\"https:\/\/midsa.es\/en\/2018-7-prolonged-retention\/\" \/>\n<meta property=\"og:site_name\" content=\"MIDSA\" \/>\n<meta property=\"article:publisher\" content=\"https:\/\/www.facebook.com\/midsaodontologiavalencia\" \/>\n<meta property=\"article:published_time\" content=\"2018-07-16T08:38:58+00:00\" \/>\n<meta property=\"og:image\" content=\"https:\/\/midsa.es\/wp-content\/uploads\/2026\/02\/retencion-prolongada-1.jpg\" \/>\n\t<meta property=\"og:image:width\" content=\"826\" \/>\n\t<meta property=\"og:image:height\" content=\"462\" \/>\n\t<meta property=\"og:image:type\" content=\"image\/jpeg\" \/>\n<meta name=\"author\" content=\"senda_midsa\" \/>\n<meta name=\"twitter:card\" content=\"summary_large_image\" \/>\n<meta name=\"twitter:label1\" content=\"Written by\" \/>\n\t<meta name=\"twitter:data1\" content=\"senda_midsa\" \/>\n\t<meta name=\"twitter:label2\" content=\"Estimated reading time\" \/>\n\t<meta name=\"twitter:data2\" content=\"2 minutes\" \/>\n<script type=\"application\/ld+json\" class=\"yoast-schema-graph\">{\"@context\":\"https:\\\/\\\/schema.org\",\"@graph\":[{\"@type\":\"Article\",\"@id\":\"https:\\\/\\\/midsa.es\\\/2018-7-retencion-prolongada\\\/#article\",\"isPartOf\":{\"@id\":\"https:\\\/\\\/midsa.es\\\/2018-7-retencion-prolongada\\\/\"},\"author\":{\"name\":\"senda_midsa\",\"@id\":\"https:\\\/\\\/midsa.es\\\/#\\\/schema\\\/person\\\/2c8f0a79218dad8660f4eeb9876dfee7\"},\"headline\":\"Retenci\u00f3n prolongada\",\"datePublished\":\"2018-07-16T08:38:58+00:00\",\"mainEntityOfPage\":{\"@id\":\"https:\\\/\\\/midsa.es\\\/2018-7-retencion-prolongada\\\/\"},\"wordCount\":380,\"commentCount\":0,\"publisher\":{\"@id\":\"https:\\\/\\\/midsa.es\\\/#organization\"},\"image\":{\"@id\":\"https:\\\/\\\/midsa.es\\\/2018-7-retencion-prolongada\\\/#primaryimage\"},\"thumbnailUrl\":\"https:\\\/\\\/midsa.es\\\/wp-content\\\/uploads\\\/2026\\\/02\\\/retencion-prolongada-1.jpg\",\"articleSection\":[\"ODONTOPEDIATRIA\"],\"inLanguage\":\"en-GB\",\"potentialAction\":[{\"@type\":\"CommentAction\",\"name\":\"Comment\",\"target\":[\"https:\\\/\\\/midsa.es\\\/2018-7-retencion-prolongada\\\/#respond\"]}]},{\"@type\":\"WebPage\",\"@id\":\"https:\\\/\\\/midsa.es\\\/2018-7-retencion-prolongada\\\/\",\"url\":\"https:\\\/\\\/midsa.es\\\/2018-7-retencion-prolongada\\\/\",\"name\":\"Retenci\u00f3n prolongada &#8212; MIDSA\",\"isPartOf\":{\"@id\":\"https:\\\/\\\/midsa.es\\\/#website\"},\"primaryImageOfPage\":{\"@id\":\"https:\\\/\\\/midsa.es\\\/2018-7-retencion-prolongada\\\/#primaryimage\"},\"image\":{\"@id\":\"https:\\\/\\\/midsa.es\\\/2018-7-retencion-prolongada\\\/#primaryimage\"},\"thumbnailUrl\":\"https:\\\/\\\/midsa.es\\\/wp-content\\\/uploads\\\/2026\\\/02\\\/retencion-prolongada-1.jpg\",\"datePublished\":\"2018-07-16T08:38:58+00:00\",\"breadcrumb\":{\"@id\":\"https:\\\/\\\/midsa.es\\\/2018-7-retencion-prolongada\\\/#breadcrumb\"},\"inLanguage\":\"en-GB\",\"potentialAction\":[{\"@type\":\"ReadAction\",\"target\":[\"https:\\\/\\\/midsa.es\\\/2018-7-retencion-prolongada\\\/\"]}]},{\"@type\":\"ImageObject\",\"inLanguage\":\"en-GB\",\"@id\":\"https:\\\/\\\/midsa.es\\\/2018-7-retencion-prolongada\\\/#primaryimage\",\"url\":\"https:\\\/\\\/midsa.es\\\/wp-content\\\/uploads\\\/2026\\\/02\\\/retencion-prolongada-1.jpg\",\"contentUrl\":\"https:\\\/\\\/midsa.es\\\/wp-content\\\/uploads\\\/2026\\\/02\\\/retencion-prolongada-1.jpg\",\"width\":826,\"height\":462},{\"@type\":\"BreadcrumbList\",\"@id\":\"https:\\\/\\\/midsa.es\\\/2018-7-retencion-prolongada\\\/#breadcrumb\",\"itemListElement\":[{\"@type\":\"ListItem\",\"position\":1,\"name\":\"Portada\",\"item\":\"https:\\\/\\\/midsa.es\\\/\"},{\"@type\":\"ListItem\",\"position\":2,\"name\":\"Retenci\u00f3n prolongada\"}]},{\"@type\":\"WebSite\",\"@id\":\"https:\\\/\\\/midsa.es\\\/#website\",\"url\":\"https:\\\/\\\/midsa.es\\\/\",\"name\":\"Midsa Odontolog\u00eda & Co\",\"description\":\"Somos MIDSA, Cl\u00ednica Dental en L&#039;Eixample, Valencia. Odontolog\u00eda avanzada con trato cercano en el coraz\u00f3n de Valencia.\",\"publisher\":{\"@id\":\"https:\\\/\\\/midsa.es\\\/#organization\"},\"alternateName\":\"Midsa Odontolog\u00eda\",\"potentialAction\":[{\"@type\":\"SearchAction\",\"target\":{\"@type\":\"EntryPoint\",\"urlTemplate\":\"https:\\\/\\\/midsa.es\\\/?s={search_term_string}\"},\"query-input\":{\"@type\":\"PropertyValueSpecification\",\"valueRequired\":true,\"valueName\":\"search_term_string\"}}],\"inLanguage\":\"en-GB\"},{\"@type\":\"Organization\",\"@id\":\"https:\\\/\\\/midsa.es\\\/#organization\",\"name\":\"Midsa Odontolog\u00eda & Co\",\"alternateName\":\"Midsa Odontolog\u00eda\",\"url\":\"https:\\\/\\\/midsa.es\\\/\",\"logo\":{\"@type\":\"ImageObject\",\"inLanguage\":\"en-GB\",\"@id\":\"https:\\\/\\\/midsa.es\\\/#\\\/schema\\\/logo\\\/image\\\/\",\"url\":\"https:\\\/\\\/midsa.es\\\/wp-content\\\/uploads\\\/2026\\\/03\\\/logo_midsa.png\",\"contentUrl\":\"https:\\\/\\\/midsa.es\\\/wp-content\\\/uploads\\\/2026\\\/03\\\/logo_midsa.png\",\"width\":1080,\"height\":361,\"caption\":\"Midsa Odontolog\u00eda & Co\"},\"image\":{\"@id\":\"https:\\\/\\\/midsa.es\\\/#\\\/schema\\\/logo\\\/image\\\/\"},\"sameAs\":[\"https:\\\/\\\/www.facebook.com\\\/midsaodontologiavalencia\",\"https:\\\/\\\/www.instagram.com\\\/midsaodontologia\\\/\"]},{\"@type\":\"Person\",\"@id\":\"https:\\\/\\\/midsa.es\\\/#\\\/schema\\\/person\\\/2c8f0a79218dad8660f4eeb9876dfee7\",\"name\":\"senda_midsa\",\"image\":{\"@type\":\"ImageObject\",\"inLanguage\":\"en-GB\",\"@id\":\"https:\\\/\\\/secure.gravatar.com\\\/avatar\\\/2ad25152d66ab68f233ff1e771f5f5b61808045f5b306f63250027046f2b84c4?s=96&d=mm&r=g\",\"url\":\"https:\\\/\\\/secure.gravatar.com\\\/avatar\\\/2ad25152d66ab68f233ff1e771f5f5b61808045f5b306f63250027046f2b84c4?s=96&d=mm&r=g\",\"contentUrl\":\"https:\\\/\\\/secure.gravatar.com\\\/avatar\\\/2ad25152d66ab68f233ff1e771f5f5b61808045f5b306f63250027046f2b84c4?s=96&d=mm&r=g\",\"caption\":\"senda_midsa\"},\"sameAs\":[\"https:\\\/\\\/midsa.es\"],\"url\":\"https:\\\/\\\/midsa.es\\\/en\\\/author\\\/senda_midsa\\\/\"}]}<\/script>\n<!-- \/ Yoast SEO plugin. -->","yoast_head_json":{"title":"Prolonged Retention \u2014 MIDSA","robots":{"index":"index","follow":"follow","max-snippet":"max-snippet:-1","max-image-preview":"max-image-preview:large","max-video-preview":"max-video-preview:-1"},"canonical":"https:\/\/midsa.es\/en\/2018-7-prolonged-retention\/","og_locale":"en_GB","og_type":"article","og_title":"Retenci\u00f3n prolongada &#8212; MIDSA","og_description":"\u00bfA tu hijo no se le han caido los dientes de leche a\u00fan?. El problema, conocido odontol\u00f3gicamente como \"retenci\u00f3n prolongada\", est\u00e1 aumentando en la consulta del odontopediatra.","og_url":"https:\/\/midsa.es\/en\/2018-7-prolonged-retention\/","og_site_name":"MIDSA","article_publisher":"https:\/\/www.facebook.com\/midsaodontologiavalencia","article_published_time":"2018-07-16T08:38:58+00:00","og_image":[{"width":826,"height":462,"url":"https:\/\/midsa.es\/wp-content\/uploads\/2026\/02\/retencion-prolongada-1.jpg","type":"image\/jpeg"}],"author":"senda_midsa","twitter_card":"summary_large_image","twitter_misc":{"Written by":"senda_midsa","Estimated reading time":"2 minutes"},"schema":{"@context":"https:\/\/schema.org","@graph":[{"@type":"Article","@id":"https:\/\/midsa.es\/2018-7-retencion-prolongada\/#article","isPartOf":{"@id":"https:\/\/midsa.es\/2018-7-retencion-prolongada\/"},"author":{"name":"senda_midsa","@id":"https:\/\/midsa.es\/#\/schema\/person\/2c8f0a79218dad8660f4eeb9876dfee7"},"headline":"Retenci\u00f3n prolongada","datePublished":"2018-07-16T08:38:58+00:00","mainEntityOfPage":{"@id":"https:\/\/midsa.es\/2018-7-retencion-prolongada\/"},"wordCount":380,"commentCount":0,"publisher":{"@id":"https:\/\/midsa.es\/#organization"},"image":{"@id":"https:\/\/midsa.es\/2018-7-retencion-prolongada\/#primaryimage"},"thumbnailUrl":"https:\/\/midsa.es\/wp-content\/uploads\/2026\/02\/retencion-prolongada-1.jpg","articleSection":["ODONTOPEDIATRIA"],"inLanguage":"en-GB","potentialAction":[{"@type":"CommentAction","name":"Comment","target":["https:\/\/midsa.es\/2018-7-retencion-prolongada\/#respond"]}]},{"@type":"WebPage","@id":"https:\/\/midsa.es\/2018-7-retencion-prolongada\/","url":"https:\/\/midsa.es\/2018-7-retencion-prolongada\/","name":"Prolonged Retention \u2014 MIDSA","isPartOf":{"@id":"https:\/\/midsa.es\/#website"},"primaryImageOfPage":{"@id":"https:\/\/midsa.es\/2018-7-retencion-prolongada\/#primaryimage"},"image":{"@id":"https:\/\/midsa.es\/2018-7-retencion-prolongada\/#primaryimage"},"thumbnailUrl":"https:\/\/midsa.es\/wp-content\/uploads\/2026\/02\/retencion-prolongada-1.jpg","datePublished":"2018-07-16T08:38:58+00:00","breadcrumb":{"@id":"https:\/\/midsa.es\/2018-7-retencion-prolongada\/#breadcrumb"},"inLanguage":"en-GB","potentialAction":[{"@type":"ReadAction","target":["https:\/\/midsa.es\/2018-7-retencion-prolongada\/"]}]},{"@type":"ImageObject","inLanguage":"en-GB","@id":"https:\/\/midsa.es\/2018-7-retencion-prolongada\/#primaryimage","url":"https:\/\/midsa.es\/wp-content\/uploads\/2026\/02\/retencion-prolongada-1.jpg","contentUrl":"https:\/\/midsa.es\/wp-content\/uploads\/2026\/02\/retencion-prolongada-1.jpg","width":826,"height":462},{"@type":"BreadcrumbList","@id":"https:\/\/midsa.es\/2018-7-retencion-prolongada\/#breadcrumb","itemListElement":[{"@type":"ListItem","position":1,"name":"Portada","item":"https:\/\/midsa.es\/"},{"@type":"ListItem","position":2,"name":"Retenci\u00f3n prolongada"}]},{"@type":"WebSite","@id":"https:\/\/midsa.es\/#website","url":"https:\/\/midsa.es\/","name":"Midsa Dentistry &amp; Co","description":"We are MIDSA, a dental clinic in L&#039;Eixample, Valencia. Advanced dentistry with a personal touch in the heart of Valencia.","publisher":{"@id":"https:\/\/midsa.es\/#organization"},"alternateName":"Midsa Odontolog\u00eda","potentialAction":[{"@type":"SearchAction","target":{"@type":"EntryPoint","urlTemplate":"https:\/\/midsa.es\/?s={search_term_string}"},"query-input":{"@type":"PropertyValueSpecification","valueRequired":true,"valueName":"search_term_string"}}],"inLanguage":"en-GB"},{"@type":"Organization","@id":"https:\/\/midsa.es\/#organization","name":"Midsa Dentistry &amp; Co","alternateName":"Midsa Odontolog\u00eda","url":"https:\/\/midsa.es\/","logo":{"@type":"ImageObject","inLanguage":"en-GB","@id":"https:\/\/midsa.es\/#\/schema\/logo\/image\/","url":"https:\/\/midsa.es\/wp-content\/uploads\/2026\/03\/logo_midsa.png","contentUrl":"https:\/\/midsa.es\/wp-content\/uploads\/2026\/03\/logo_midsa.png","width":1080,"height":361,"caption":"Midsa Odontolog\u00eda & Co"},"image":{"@id":"https:\/\/midsa.es\/#\/schema\/logo\/image\/"},"sameAs":["https:\/\/www.facebook.com\/midsaodontologiavalencia","https:\/\/www.instagram.com\/midsaodontologia\/"]},{"@type":"Person","@id":"https:\/\/midsa.es\/#\/schema\/person\/2c8f0a79218dad8660f4eeb9876dfee7","name":"senda_midsa","image":{"@type":"ImageObject","inLanguage":"en-GB","@id":"https:\/\/secure.gravatar.com\/avatar\/2ad25152d66ab68f233ff1e771f5f5b61808045f5b306f63250027046f2b84c4?s=96&d=mm&r=g","url":"https:\/\/secure.gravatar.com\/avatar\/2ad25152d66ab68f233ff1e771f5f5b61808045f5b306f63250027046f2b84c4?s=96&d=mm&r=g","contentUrl":"https:\/\/secure.gravatar.com\/avatar\/2ad25152d66ab68f233ff1e771f5f5b61808045f5b306f63250027046f2b84c4?s=96&d=mm&r=g","caption":"senda_midsa"},"sameAs":["https:\/\/midsa.es"],"url":"https:\/\/midsa.es\/en\/author\/senda_midsa\/"}]}},"_links":{"self":[{"href":"https:\/\/midsa.es\/en\/wp-json\/wp\/v2\/posts\/169","targetHints":{"allow":["GET"]}}],"collection":[{"href":"https:\/\/midsa.es\/en\/wp-json\/wp\/v2\/posts"}],"about":[{"href":"https:\/\/midsa.es\/en\/wp-json\/wp\/v2\/types\/post"}],"author":[{"embeddable":true,"href":"https:\/\/midsa.es\/en\/wp-json\/wp\/v2\/users\/1"}],"replies":[{"embeddable":true,"href":"https:\/\/midsa.es\/en\/wp-json\/wp\/v2\/comments?post=169"}],"version-history":[{"count":0,"href":"https:\/\/midsa.es\/en\/wp-json\/wp\/v2\/posts\/169\/revisions"}],"wp:featuredmedia":[{"embeddable":true,"href":"https:\/\/midsa.es\/en\/wp-json\/wp\/v2\/media\/170"}],"wp:attachment":[{"href":"https:\/\/midsa.es\/en\/wp-json\/wp\/v2\/media?parent=169"}],"wp:term":[{"taxonomy":"category","embeddable":true,"href":"https:\/\/midsa.es\/en\/wp-json\/wp\/v2\/categories?post=169"},{"taxonomy":"post_tag","embeddable":true,"href":"https:\/\/midsa.es\/en\/wp-json\/wp\/v2\/tags?post=169"}],"curies":[{"name":"wp","href":"https:\/\/api.w.org\/{rel}","templated":true}]}}