{"id":153,"date":"2018-02-01T12:12:21","date_gmt":"2018-02-01T11:12:21","guid":{"rendered":"https:\/\/midsa.es\/nueva\/index.php\/2018\/02\/01\/2018-2-periodontitis-asociada-a-un-mayor-riesgo-de-cancer\/"},"modified":"2018-02-01T12:12:21","modified_gmt":"2018-02-01T11:12:21","slug":"2018-2-periodontitis-associated-with-a-higher-risk-of-cancer","status":"publish","type":"post","link":"https:\/\/midsa.es\/en\/2018-2-periodontitis-asociada-a-un-mayor-riesgo-de-cancer\/","title":{"rendered":"PERIODONTITIS ASSOCIATED WITH AN INCREASED RISK OF CANCER"},"content":{"rendered":"<p>The <strong>periodontitis<\/strong> Also known as gum disease, it is characterized by inflammation and bleeding of the gums. If left untreated, it causes gum recession and bone loss, ultimately leading to tooth loss.<\/p>\n\n\n\n<p><img decoding=\"async\" src=\"https:\/\/static1.squarespace.com\/static\/58b9bad717bffce0ef9f7384\/58b9bba1cd0f6802a7eadfbe\/5a7303b7ec212d13b8ca8bd8\/1517487046157\/gingivitis-periodontitis.jpg\" alt=\"\" \/><\/p>\n\n\n\n<p>A recent <strong>Tufts University study<\/strong>, In Boston, it is noted that patients suffering from periodontitis have a higher<strong> risk of developing cancer<\/strong>, up to a <strong>24%<\/strong>,Specifically, from <strong>lung and colorectal<\/strong>. The studies show evidence, among other things, of oral cavity bacteria present in colorectal cancer tissues, including bacteria from periodontal disease.<\/p>\n\n\n\n<p>At MIDSA Dental Clinic, we never tire of emphasizing that prevention is our best weapon. Visit your dentist for every checkup and cleaning, and if you experience any symptoms of periodontitis, don&#039;t hesitate to see them. And don&#039;t forget to maintain proper oral hygiene.<\/p>","protected":false},"excerpt":{"rendered":"<p>The <strong>periodontitis<\/strong> Also known as gum disease, it is characterized by inflammation and bleeding of the gums. If left untreated, it causes gum recession and bone loss, ultimately leading to tooth loss.<\/p>","protected":false},"author":1,"featured_media":0,"comment_status":"open","ping_status":"open","sticky":false,"template":"","format":"standard","meta":{"_acf_changed":false,"footnotes":""},"categories":[3],"tags":[],"class_list":["post-153","post","type-post","status-publish","format-standard","hentry","category-articulos-salud-bucal"],"acf":[],"yoast_head":"<!-- This site is optimized with the Yoast SEO plugin v27.5 - https:\/\/yoast.com\/product\/yoast-seo-wordpress\/ -->\n<title>PERIODONTITIS ASOCIADA A UN MAYOR RIESGO DE CANCER &#8212; MIDSA<\/title>\n<meta name=\"robots\" content=\"index, follow, max-snippet:-1, max-image-preview:large, max-video-preview:-1\" \/>\n<link rel=\"canonical\" href=\"https:\/\/midsa.es\/en\/2018-2-periodontitis-associated-with-a-higher-risk-of-cancer\/\" \/>\n<meta property=\"og:locale\" content=\"en_GB\" \/>\n<meta property=\"og:type\" content=\"article\" \/>\n<meta property=\"og:title\" content=\"PERIODONTITIS ASOCIADA A UN MAYOR RIESGO DE CANCER &#8212; MIDSA\" \/>\n<meta property=\"og:description\" content=\"La periodontitis o tambi\u00e9n llamada enfermedad de las enc\u00edas, se caracteriza por la inflamaci\u00f3n y sangrado de las enc\u00edas. Si esta no es tratada a tiempo provoca una recesi\u00f3n gingival y una p\u00e9rdida de hueso lo que concluye con una p\u00e9rdida de las piezas dentales.\" \/>\n<meta property=\"og:url\" content=\"https:\/\/midsa.es\/en\/2018-2-periodontitis-associated-with-a-higher-risk-of-cancer\/\" \/>\n<meta property=\"og:site_name\" content=\"MIDSA\" \/>\n<meta property=\"article:publisher\" content=\"https:\/\/www.facebook.com\/midsaodontologiavalencia\" \/>\n<meta property=\"article:published_time\" content=\"2018-02-01T11:12:21+00:00\" \/>\n<meta property=\"og:image\" content=\"https:\/\/static1.squarespace.com\/static\/58b9bad717bffce0ef9f7384\/58b9bba1cd0f6802a7eadfbe\/5a7303b7ec212d13b8ca8bd8\/1517487046157\/gingivitis-periodontitis.jpg\" \/>\n<meta name=\"author\" content=\"senda_midsa\" \/>\n<meta name=\"twitter:card\" content=\"summary_large_image\" \/>\n<meta name=\"twitter:label1\" content=\"Written by\" \/>\n\t<meta name=\"twitter:data1\" content=\"senda_midsa\" \/>\n\t<meta name=\"twitter:label2\" content=\"Estimated reading time\" \/>\n\t<meta name=\"twitter:data2\" content=\"1 minute\" \/>\n<script type=\"application\/ld+json\" class=\"yoast-schema-graph\">{\"@context\":\"https:\\\/\\\/schema.org\",\"@graph\":[{\"@type\":\"Article\",\"@id\":\"https:\\\/\\\/midsa.es\\\/2018-2-periodontitis-asociada-a-un-mayor-riesgo-de-cancer\\\/#article\",\"isPartOf\":{\"@id\":\"https:\\\/\\\/midsa.es\\\/2018-2-periodontitis-asociada-a-un-mayor-riesgo-de-cancer\\\/\"},\"author\":{\"name\":\"senda_midsa\",\"@id\":\"https:\\\/\\\/midsa.es\\\/#\\\/schema\\\/person\\\/2c8f0a79218dad8660f4eeb9876dfee7\"},\"headline\":\"PERIODONTITIS ASOCIADA A UN MAYOR RIESGO DE CANCER\",\"datePublished\":\"2018-02-01T11:12:21+00:00\",\"mainEntityOfPage\":{\"@id\":\"https:\\\/\\\/midsa.es\\\/2018-2-periodontitis-asociada-a-un-mayor-riesgo-de-cancer\\\/\"},\"wordCount\":177,\"commentCount\":0,\"publisher\":{\"@id\":\"https:\\\/\\\/midsa.es\\\/#organization\"},\"image\":{\"@id\":\"https:\\\/\\\/midsa.es\\\/2018-2-periodontitis-asociada-a-un-mayor-riesgo-de-cancer\\\/#primaryimage\"},\"thumbnailUrl\":\"https:\\\/\\\/static1.squarespace.com\\\/static\\\/58b9bad717bffce0ef9f7384\\\/58b9bba1cd0f6802a7eadfbe\\\/5a7303b7ec212d13b8ca8bd8\\\/1517487046157\\\/gingivitis-periodontitis.jpg\",\"articleSection\":[\"ARTICULOS SALUD BUCAL\"],\"inLanguage\":\"en-GB\",\"potentialAction\":[{\"@type\":\"CommentAction\",\"name\":\"Comment\",\"target\":[\"https:\\\/\\\/midsa.es\\\/2018-2-periodontitis-asociada-a-un-mayor-riesgo-de-cancer\\\/#respond\"]}]},{\"@type\":\"WebPage\",\"@id\":\"https:\\\/\\\/midsa.es\\\/2018-2-periodontitis-asociada-a-un-mayor-riesgo-de-cancer\\\/\",\"url\":\"https:\\\/\\\/midsa.es\\\/2018-2-periodontitis-asociada-a-un-mayor-riesgo-de-cancer\\\/\",\"name\":\"PERIODONTITIS ASOCIADA A UN MAYOR RIESGO DE CANCER &#8212; MIDSA\",\"isPartOf\":{\"@id\":\"https:\\\/\\\/midsa.es\\\/#website\"},\"primaryImageOfPage\":{\"@id\":\"https:\\\/\\\/midsa.es\\\/2018-2-periodontitis-asociada-a-un-mayor-riesgo-de-cancer\\\/#primaryimage\"},\"image\":{\"@id\":\"https:\\\/\\\/midsa.es\\\/2018-2-periodontitis-asociada-a-un-mayor-riesgo-de-cancer\\\/#primaryimage\"},\"thumbnailUrl\":\"https:\\\/\\\/static1.squarespace.com\\\/static\\\/58b9bad717bffce0ef9f7384\\\/58b9bba1cd0f6802a7eadfbe\\\/5a7303b7ec212d13b8ca8bd8\\\/1517487046157\\\/gingivitis-periodontitis.jpg\",\"datePublished\":\"2018-02-01T11:12:21+00:00\",\"breadcrumb\":{\"@id\":\"https:\\\/\\\/midsa.es\\\/2018-2-periodontitis-asociada-a-un-mayor-riesgo-de-cancer\\\/#breadcrumb\"},\"inLanguage\":\"en-GB\",\"potentialAction\":[{\"@type\":\"ReadAction\",\"target\":[\"https:\\\/\\\/midsa.es\\\/2018-2-periodontitis-asociada-a-un-mayor-riesgo-de-cancer\\\/\"]}]},{\"@type\":\"ImageObject\",\"inLanguage\":\"en-GB\",\"@id\":\"https:\\\/\\\/midsa.es\\\/2018-2-periodontitis-asociada-a-un-mayor-riesgo-de-cancer\\\/#primaryimage\",\"url\":\"https:\\\/\\\/static1.squarespace.com\\\/static\\\/58b9bad717bffce0ef9f7384\\\/58b9bba1cd0f6802a7eadfbe\\\/5a7303b7ec212d13b8ca8bd8\\\/1517487046157\\\/gingivitis-periodontitis.jpg\",\"contentUrl\":\"https:\\\/\\\/static1.squarespace.com\\\/static\\\/58b9bad717bffce0ef9f7384\\\/58b9bba1cd0f6802a7eadfbe\\\/5a7303b7ec212d13b8ca8bd8\\\/1517487046157\\\/gingivitis-periodontitis.jpg\"},{\"@type\":\"BreadcrumbList\",\"@id\":\"https:\\\/\\\/midsa.es\\\/2018-2-periodontitis-asociada-a-un-mayor-riesgo-de-cancer\\\/#breadcrumb\",\"itemListElement\":[{\"@type\":\"ListItem\",\"position\":1,\"name\":\"Portada\",\"item\":\"https:\\\/\\\/midsa.es\\\/\"},{\"@type\":\"ListItem\",\"position\":2,\"name\":\"PERIODONTITIS ASOCIADA A UN MAYOR RIESGO DE CANCER\"}]},{\"@type\":\"WebSite\",\"@id\":\"https:\\\/\\\/midsa.es\\\/#website\",\"url\":\"https:\\\/\\\/midsa.es\\\/\",\"name\":\"Midsa Odontolog\u00eda & Co\",\"description\":\"Somos MIDSA, Cl\u00ednica Dental en L&#039;Eixample, Valencia. Odontolog\u00eda avanzada con trato cercano en el coraz\u00f3n de Valencia.\",\"publisher\":{\"@id\":\"https:\\\/\\\/midsa.es\\\/#organization\"},\"alternateName\":\"Midsa Odontolog\u00eda\",\"potentialAction\":[{\"@type\":\"SearchAction\",\"target\":{\"@type\":\"EntryPoint\",\"urlTemplate\":\"https:\\\/\\\/midsa.es\\\/?s={search_term_string}\"},\"query-input\":{\"@type\":\"PropertyValueSpecification\",\"valueRequired\":true,\"valueName\":\"search_term_string\"}}],\"inLanguage\":\"en-GB\"},{\"@type\":\"Organization\",\"@id\":\"https:\\\/\\\/midsa.es\\\/#organization\",\"name\":\"Midsa Odontolog\u00eda & Co\",\"alternateName\":\"Midsa Odontolog\u00eda\",\"url\":\"https:\\\/\\\/midsa.es\\\/\",\"logo\":{\"@type\":\"ImageObject\",\"inLanguage\":\"en-GB\",\"@id\":\"https:\\\/\\\/midsa.es\\\/#\\\/schema\\\/logo\\\/image\\\/\",\"url\":\"https:\\\/\\\/midsa.es\\\/wp-content\\\/uploads\\\/2026\\\/03\\\/logo_midsa.png\",\"contentUrl\":\"https:\\\/\\\/midsa.es\\\/wp-content\\\/uploads\\\/2026\\\/03\\\/logo_midsa.png\",\"width\":1080,\"height\":361,\"caption\":\"Midsa Odontolog\u00eda & Co\"},\"image\":{\"@id\":\"https:\\\/\\\/midsa.es\\\/#\\\/schema\\\/logo\\\/image\\\/\"},\"sameAs\":[\"https:\\\/\\\/www.facebook.com\\\/midsaodontologiavalencia\",\"https:\\\/\\\/www.instagram.com\\\/midsaodontologia\\\/\"]},{\"@type\":\"Person\",\"@id\":\"https:\\\/\\\/midsa.es\\\/#\\\/schema\\\/person\\\/2c8f0a79218dad8660f4eeb9876dfee7\",\"name\":\"senda_midsa\",\"image\":{\"@type\":\"ImageObject\",\"inLanguage\":\"en-GB\",\"@id\":\"https:\\\/\\\/secure.gravatar.com\\\/avatar\\\/2ad25152d66ab68f233ff1e771f5f5b61808045f5b306f63250027046f2b84c4?s=96&d=mm&r=g\",\"url\":\"https:\\\/\\\/secure.gravatar.com\\\/avatar\\\/2ad25152d66ab68f233ff1e771f5f5b61808045f5b306f63250027046f2b84c4?s=96&d=mm&r=g\",\"contentUrl\":\"https:\\\/\\\/secure.gravatar.com\\\/avatar\\\/2ad25152d66ab68f233ff1e771f5f5b61808045f5b306f63250027046f2b84c4?s=96&d=mm&r=g\",\"caption\":\"senda_midsa\"},\"sameAs\":[\"https:\\\/\\\/midsa.es\"],\"url\":\"https:\\\/\\\/midsa.es\\\/en\\\/author\\\/senda_midsa\\\/\"}]}<\/script>\n<!-- \/ Yoast SEO plugin. -->","yoast_head_json":{"title":"Periodontitis Associated with an Increased Risk of Cancer \u2014 MIDSA","robots":{"index":"index","follow":"follow","max-snippet":"max-snippet:-1","max-image-preview":"max-image-preview:large","max-video-preview":"max-video-preview:-1"},"canonical":"https:\/\/midsa.es\/en\/2018-2-periodontitis-associated-with-a-higher-risk-of-cancer\/","og_locale":"en_GB","og_type":"article","og_title":"PERIODONTITIS ASOCIADA A UN MAYOR RIESGO DE CANCER &#8212; MIDSA","og_description":"La periodontitis o tambi\u00e9n llamada enfermedad de las enc\u00edas, se caracteriza por la inflamaci\u00f3n y sangrado de las enc\u00edas. Si esta no es tratada a tiempo provoca una recesi\u00f3n gingival y una p\u00e9rdida de hueso lo que concluye con una p\u00e9rdida de las piezas dentales.","og_url":"https:\/\/midsa.es\/en\/2018-2-periodontitis-associated-with-a-higher-risk-of-cancer\/","og_site_name":"MIDSA","article_publisher":"https:\/\/www.facebook.com\/midsaodontologiavalencia","article_published_time":"2018-02-01T11:12:21+00:00","og_image":[{"url":"https:\/\/static1.squarespace.com\/static\/58b9bad717bffce0ef9f7384\/58b9bba1cd0f6802a7eadfbe\/5a7303b7ec212d13b8ca8bd8\/1517487046157\/gingivitis-periodontitis.jpg","type":"","width":"","height":""}],"author":"senda_midsa","twitter_card":"summary_large_image","twitter_misc":{"Written by":"senda_midsa","Estimated reading time":"1 minute"},"schema":{"@context":"https:\/\/schema.org","@graph":[{"@type":"Article","@id":"https:\/\/midsa.es\/2018-2-periodontitis-asociada-a-un-mayor-riesgo-de-cancer\/#article","isPartOf":{"@id":"https:\/\/midsa.es\/2018-2-periodontitis-asociada-a-un-mayor-riesgo-de-cancer\/"},"author":{"name":"senda_midsa","@id":"https:\/\/midsa.es\/#\/schema\/person\/2c8f0a79218dad8660f4eeb9876dfee7"},"headline":"PERIODONTITIS ASOCIADA A UN MAYOR RIESGO DE CANCER","datePublished":"2018-02-01T11:12:21+00:00","mainEntityOfPage":{"@id":"https:\/\/midsa.es\/2018-2-periodontitis-asociada-a-un-mayor-riesgo-de-cancer\/"},"wordCount":177,"commentCount":0,"publisher":{"@id":"https:\/\/midsa.es\/#organization"},"image":{"@id":"https:\/\/midsa.es\/2018-2-periodontitis-asociada-a-un-mayor-riesgo-de-cancer\/#primaryimage"},"thumbnailUrl":"https:\/\/static1.squarespace.com\/static\/58b9bad717bffce0ef9f7384\/58b9bba1cd0f6802a7eadfbe\/5a7303b7ec212d13b8ca8bd8\/1517487046157\/gingivitis-periodontitis.jpg","articleSection":["ARTICULOS SALUD BUCAL"],"inLanguage":"en-GB","potentialAction":[{"@type":"CommentAction","name":"Comment","target":["https:\/\/midsa.es\/2018-2-periodontitis-asociada-a-un-mayor-riesgo-de-cancer\/#respond"]}]},{"@type":"WebPage","@id":"https:\/\/midsa.es\/2018-2-periodontitis-asociada-a-un-mayor-riesgo-de-cancer\/","url":"https:\/\/midsa.es\/2018-2-periodontitis-asociada-a-un-mayor-riesgo-de-cancer\/","name":"Periodontitis Associated with an Increased Risk of Cancer \u2014 MIDSA","isPartOf":{"@id":"https:\/\/midsa.es\/#website"},"primaryImageOfPage":{"@id":"https:\/\/midsa.es\/2018-2-periodontitis-asociada-a-un-mayor-riesgo-de-cancer\/#primaryimage"},"image":{"@id":"https:\/\/midsa.es\/2018-2-periodontitis-asociada-a-un-mayor-riesgo-de-cancer\/#primaryimage"},"thumbnailUrl":"https:\/\/static1.squarespace.com\/static\/58b9bad717bffce0ef9f7384\/58b9bba1cd0f6802a7eadfbe\/5a7303b7ec212d13b8ca8bd8\/1517487046157\/gingivitis-periodontitis.jpg","datePublished":"2018-02-01T11:12:21+00:00","breadcrumb":{"@id":"https:\/\/midsa.es\/2018-2-periodontitis-asociada-a-un-mayor-riesgo-de-cancer\/#breadcrumb"},"inLanguage":"en-GB","potentialAction":[{"@type":"ReadAction","target":["https:\/\/midsa.es\/2018-2-periodontitis-asociada-a-un-mayor-riesgo-de-cancer\/"]}]},{"@type":"ImageObject","inLanguage":"en-GB","@id":"https:\/\/midsa.es\/2018-2-periodontitis-asociada-a-un-mayor-riesgo-de-cancer\/#primaryimage","url":"https:\/\/static1.squarespace.com\/static\/58b9bad717bffce0ef9f7384\/58b9bba1cd0f6802a7eadfbe\/5a7303b7ec212d13b8ca8bd8\/1517487046157\/gingivitis-periodontitis.jpg","contentUrl":"https:\/\/static1.squarespace.com\/static\/58b9bad717bffce0ef9f7384\/58b9bba1cd0f6802a7eadfbe\/5a7303b7ec212d13b8ca8bd8\/1517487046157\/gingivitis-periodontitis.jpg"},{"@type":"BreadcrumbList","@id":"https:\/\/midsa.es\/2018-2-periodontitis-asociada-a-un-mayor-riesgo-de-cancer\/#breadcrumb","itemListElement":[{"@type":"ListItem","position":1,"name":"Portada","item":"https:\/\/midsa.es\/"},{"@type":"ListItem","position":2,"name":"PERIODONTITIS ASOCIADA A UN MAYOR RIESGO DE CANCER"}]},{"@type":"WebSite","@id":"https:\/\/midsa.es\/#website","url":"https:\/\/midsa.es\/","name":"Midsa Dentistry &amp; Co","description":"We are MIDSA, a dental clinic in L&#039;Eixample, Valencia. Advanced dentistry with a personal touch in the heart of Valencia.","publisher":{"@id":"https:\/\/midsa.es\/#organization"},"alternateName":"Midsa Odontolog\u00eda","potentialAction":[{"@type":"SearchAction","target":{"@type":"EntryPoint","urlTemplate":"https:\/\/midsa.es\/?s={search_term_string}"},"query-input":{"@type":"PropertyValueSpecification","valueRequired":true,"valueName":"search_term_string"}}],"inLanguage":"en-GB"},{"@type":"Organization","@id":"https:\/\/midsa.es\/#organization","name":"Midsa Dentistry &amp; Co","alternateName":"Midsa Odontolog\u00eda","url":"https:\/\/midsa.es\/","logo":{"@type":"ImageObject","inLanguage":"en-GB","@id":"https:\/\/midsa.es\/#\/schema\/logo\/image\/","url":"https:\/\/midsa.es\/wp-content\/uploads\/2026\/03\/logo_midsa.png","contentUrl":"https:\/\/midsa.es\/wp-content\/uploads\/2026\/03\/logo_midsa.png","width":1080,"height":361,"caption":"Midsa Odontolog\u00eda & Co"},"image":{"@id":"https:\/\/midsa.es\/#\/schema\/logo\/image\/"},"sameAs":["https:\/\/www.facebook.com\/midsaodontologiavalencia","https:\/\/www.instagram.com\/midsaodontologia\/"]},{"@type":"Person","@id":"https:\/\/midsa.es\/#\/schema\/person\/2c8f0a79218dad8660f4eeb9876dfee7","name":"senda_midsa","image":{"@type":"ImageObject","inLanguage":"en-GB","@id":"https:\/\/secure.gravatar.com\/avatar\/2ad25152d66ab68f233ff1e771f5f5b61808045f5b306f63250027046f2b84c4?s=96&d=mm&r=g","url":"https:\/\/secure.gravatar.com\/avatar\/2ad25152d66ab68f233ff1e771f5f5b61808045f5b306f63250027046f2b84c4?s=96&d=mm&r=g","contentUrl":"https:\/\/secure.gravatar.com\/avatar\/2ad25152d66ab68f233ff1e771f5f5b61808045f5b306f63250027046f2b84c4?s=96&d=mm&r=g","caption":"senda_midsa"},"sameAs":["https:\/\/midsa.es"],"url":"https:\/\/midsa.es\/en\/author\/senda_midsa\/"}]}},"_links":{"self":[{"href":"https:\/\/midsa.es\/en\/wp-json\/wp\/v2\/posts\/153","targetHints":{"allow":["GET"]}}],"collection":[{"href":"https:\/\/midsa.es\/en\/wp-json\/wp\/v2\/posts"}],"about":[{"href":"https:\/\/midsa.es\/en\/wp-json\/wp\/v2\/types\/post"}],"author":[{"embeddable":true,"href":"https:\/\/midsa.es\/en\/wp-json\/wp\/v2\/users\/1"}],"replies":[{"embeddable":true,"href":"https:\/\/midsa.es\/en\/wp-json\/wp\/v2\/comments?post=153"}],"version-history":[{"count":0,"href":"https:\/\/midsa.es\/en\/wp-json\/wp\/v2\/posts\/153\/revisions"}],"wp:attachment":[{"href":"https:\/\/midsa.es\/en\/wp-json\/wp\/v2\/media?parent=153"}],"wp:term":[{"taxonomy":"category","embeddable":true,"href":"https:\/\/midsa.es\/en\/wp-json\/wp\/v2\/categories?post=153"},{"taxonomy":"post_tag","embeddable":true,"href":"https:\/\/midsa.es\/en\/wp-json\/wp\/v2\/tags?post=153"}],"curies":[{"name":"wp","href":"https:\/\/api.w.org\/{rel}","templated":true}]}}