{"id":149,"date":"2018-01-16T11:41:45","date_gmt":"2018-01-16T10:41:45","guid":{"rendered":"https:\/\/midsa.es\/nueva\/index.php\/2018\/01\/16\/2018-1-16-diabetes-y-salud-bucal\/"},"modified":"2018-01-16T11:41:45","modified_gmt":"2018-01-16T10:41:45","slug":"2018-1-16-diabetes-and-oral-health","status":"publish","type":"post","link":"https:\/\/midsa.es\/en\/2018-1-16-diabetes-y-salud-bucal\/","title":{"rendered":"DIABETES AND ORAL HEALTH"},"content":{"rendered":"Has <strong>diabetes<\/strong>If so, you should take extra care of your oral health. Studies show that people with diabetes have a higher incidence of gum disease. <strong>gingivitis<\/strong> (gum disease in its initial stage) and <strong>periodontitis<\/strong> (advanced gum disease), becoming able to <strong>losing teeth<\/strong>.Another problem that this disease can cause is dry mouth, that is, a lack of saliva, which can lead to oral candidiasis (fungal infection), ulcers, or cavities in these patients.\n\n<em><strong>What should we do if we suffer from this disease?<\/strong><\/em>\n<ul>\n \t<li>Comprehensive <em>c<\/em>Blood glucose level control.<\/li>\n \t<li>Brush your teeth 3 times a day, and floss daily.<\/li>\n \t<li>Visit your dentist at least every 6 months.<\/li>\n \t<li>If you suffer from gum pain, bleeding when brushing or flossing, dry mouth, or whitish plaques, see your dentist.<\/li>\n \t<li>Smoking can worsen gum problems.<\/li>\n<\/ul>\n<em><strong>And always remember, prevention is better than cure.<\/strong><\/em>\n\nIn <strong>MIDSA Dentistry<\/strong> We are always available for any questions and to take care of your oral health.\n\n<img decoding=\"async\" src=\"https:\/\/static1.squarespace.com\/static\/58b9bad717bffce0ef9f7384\/58b9bba1cd0f6802a7eadfbe\/5a5de45e71c10bc0943ed19e\/1516103245990\/diabetes.jpg\" alt=\"\" \/>","protected":false},"excerpt":{"rendered":"<p>Has <strong>diabetes<\/strong>? Si es as\u00ed debe asegurarse mucho de cuidad su salud bucal. Los estudios demuestran que las personas con diabetes tienen una mayor incidencia de enfermedades&#8230;<\/p>","protected":false},"author":1,"featured_media":0,"comment_status":"open","ping_status":"open","sticky":false,"template":"","format":"standard","meta":{"_acf_changed":false,"footnotes":""},"categories":[3],"tags":[],"class_list":["post-149","post","type-post","status-publish","format-standard","hentry","category-articulos-salud-bucal"],"acf":[],"yoast_head":"<!-- This site is optimized with the Yoast SEO plugin v27.5 - https:\/\/yoast.com\/product\/yoast-seo-wordpress\/ -->\n<title>DIABETES Y SALUD BUCAL &#8212; MIDSA<\/title>\n<meta name=\"robots\" content=\"index, follow, max-snippet:-1, max-image-preview:large, max-video-preview:-1\" \/>\n<link rel=\"canonical\" href=\"https:\/\/midsa.es\/en\/2018-1-16-diabetes-and-oral-health\/\" \/>\n<meta property=\"og:locale\" content=\"en_GB\" \/>\n<meta property=\"og:type\" content=\"article\" \/>\n<meta property=\"og:title\" content=\"DIABETES Y SALUD BUCAL &#8212; MIDSA\" \/>\n<meta property=\"og:description\" content=\"\u00bfTiene diabetes? Si es as\u00ed debe asegurarse mucho de cuidad su salud bucal. Los estudios demuestran que las personas con diabetes tienen una mayor incidencia de enfermedades...\" \/>\n<meta property=\"og:url\" content=\"https:\/\/midsa.es\/en\/2018-1-16-diabetes-and-oral-health\/\" \/>\n<meta property=\"og:site_name\" content=\"MIDSA\" \/>\n<meta property=\"article:publisher\" content=\"https:\/\/www.facebook.com\/midsaodontologiavalencia\" \/>\n<meta property=\"article:published_time\" content=\"2018-01-16T10:41:45+00:00\" \/>\n<meta property=\"og:image\" content=\"https:\/\/static1.squarespace.com\/static\/58b9bad717bffce0ef9f7384\/58b9bba1cd0f6802a7eadfbe\/5a5de45e71c10bc0943ed19e\/1516103245990\/diabetes.jpg\" \/>\n<meta name=\"author\" content=\"senda_midsa\" \/>\n<meta name=\"twitter:card\" content=\"summary_large_image\" \/>\n<meta name=\"twitter:label1\" content=\"Written by\" \/>\n\t<meta name=\"twitter:data1\" content=\"senda_midsa\" \/>\n\t<meta name=\"twitter:label2\" content=\"Estimated reading time\" \/>\n\t<meta name=\"twitter:data2\" content=\"1 minute\" \/>\n<script type=\"application\/ld+json\" class=\"yoast-schema-graph\">{\"@context\":\"https:\\\/\\\/schema.org\",\"@graph\":[{\"@type\":\"Article\",\"@id\":\"https:\\\/\\\/midsa.es\\\/2018-1-16-diabetes-y-salud-bucal\\\/#article\",\"isPartOf\":{\"@id\":\"https:\\\/\\\/midsa.es\\\/2018-1-16-diabetes-y-salud-bucal\\\/\"},\"author\":{\"name\":\"senda_midsa\",\"@id\":\"https:\\\/\\\/midsa.es\\\/#\\\/schema\\\/person\\\/2c8f0a79218dad8660f4eeb9876dfee7\"},\"headline\":\"DIABETES Y SALUD BUCAL\",\"datePublished\":\"2018-01-16T10:41:45+00:00\",\"mainEntityOfPage\":{\"@id\":\"https:\\\/\\\/midsa.es\\\/2018-1-16-diabetes-y-salud-bucal\\\/\"},\"wordCount\":198,\"commentCount\":0,\"publisher\":{\"@id\":\"https:\\\/\\\/midsa.es\\\/#organization\"},\"image\":{\"@id\":\"https:\\\/\\\/midsa.es\\\/2018-1-16-diabetes-y-salud-bucal\\\/#primaryimage\"},\"thumbnailUrl\":\"https:\\\/\\\/static1.squarespace.com\\\/static\\\/58b9bad717bffce0ef9f7384\\\/58b9bba1cd0f6802a7eadfbe\\\/5a5de45e71c10bc0943ed19e\\\/1516103245990\\\/diabetes.jpg\",\"articleSection\":[\"ARTICULOS SALUD BUCAL\"],\"inLanguage\":\"en-GB\",\"potentialAction\":[{\"@type\":\"CommentAction\",\"name\":\"Comment\",\"target\":[\"https:\\\/\\\/midsa.es\\\/2018-1-16-diabetes-y-salud-bucal\\\/#respond\"]}]},{\"@type\":\"WebPage\",\"@id\":\"https:\\\/\\\/midsa.es\\\/2018-1-16-diabetes-y-salud-bucal\\\/\",\"url\":\"https:\\\/\\\/midsa.es\\\/2018-1-16-diabetes-y-salud-bucal\\\/\",\"name\":\"DIABETES Y SALUD BUCAL &#8212; MIDSA\",\"isPartOf\":{\"@id\":\"https:\\\/\\\/midsa.es\\\/#website\"},\"primaryImageOfPage\":{\"@id\":\"https:\\\/\\\/midsa.es\\\/2018-1-16-diabetes-y-salud-bucal\\\/#primaryimage\"},\"image\":{\"@id\":\"https:\\\/\\\/midsa.es\\\/2018-1-16-diabetes-y-salud-bucal\\\/#primaryimage\"},\"thumbnailUrl\":\"https:\\\/\\\/static1.squarespace.com\\\/static\\\/58b9bad717bffce0ef9f7384\\\/58b9bba1cd0f6802a7eadfbe\\\/5a5de45e71c10bc0943ed19e\\\/1516103245990\\\/diabetes.jpg\",\"datePublished\":\"2018-01-16T10:41:45+00:00\",\"breadcrumb\":{\"@id\":\"https:\\\/\\\/midsa.es\\\/2018-1-16-diabetes-y-salud-bucal\\\/#breadcrumb\"},\"inLanguage\":\"en-GB\",\"potentialAction\":[{\"@type\":\"ReadAction\",\"target\":[\"https:\\\/\\\/midsa.es\\\/2018-1-16-diabetes-y-salud-bucal\\\/\"]}]},{\"@type\":\"ImageObject\",\"inLanguage\":\"en-GB\",\"@id\":\"https:\\\/\\\/midsa.es\\\/2018-1-16-diabetes-y-salud-bucal\\\/#primaryimage\",\"url\":\"https:\\\/\\\/static1.squarespace.com\\\/static\\\/58b9bad717bffce0ef9f7384\\\/58b9bba1cd0f6802a7eadfbe\\\/5a5de45e71c10bc0943ed19e\\\/1516103245990\\\/diabetes.jpg\",\"contentUrl\":\"https:\\\/\\\/static1.squarespace.com\\\/static\\\/58b9bad717bffce0ef9f7384\\\/58b9bba1cd0f6802a7eadfbe\\\/5a5de45e71c10bc0943ed19e\\\/1516103245990\\\/diabetes.jpg\"},{\"@type\":\"BreadcrumbList\",\"@id\":\"https:\\\/\\\/midsa.es\\\/2018-1-16-diabetes-y-salud-bucal\\\/#breadcrumb\",\"itemListElement\":[{\"@type\":\"ListItem\",\"position\":1,\"name\":\"Portada\",\"item\":\"https:\\\/\\\/midsa.es\\\/\"},{\"@type\":\"ListItem\",\"position\":2,\"name\":\"DIABETES Y SALUD BUCAL\"}]},{\"@type\":\"WebSite\",\"@id\":\"https:\\\/\\\/midsa.es\\\/#website\",\"url\":\"https:\\\/\\\/midsa.es\\\/\",\"name\":\"Midsa Odontolog\u00eda & Co\",\"description\":\"Somos MIDSA, Cl\u00ednica Dental en L&#039;Eixample, Valencia. Odontolog\u00eda avanzada con trato cercano en el coraz\u00f3n de Valencia.\",\"publisher\":{\"@id\":\"https:\\\/\\\/midsa.es\\\/#organization\"},\"alternateName\":\"Midsa Odontolog\u00eda\",\"potentialAction\":[{\"@type\":\"SearchAction\",\"target\":{\"@type\":\"EntryPoint\",\"urlTemplate\":\"https:\\\/\\\/midsa.es\\\/?s={search_term_string}\"},\"query-input\":{\"@type\":\"PropertyValueSpecification\",\"valueRequired\":true,\"valueName\":\"search_term_string\"}}],\"inLanguage\":\"en-GB\"},{\"@type\":\"Organization\",\"@id\":\"https:\\\/\\\/midsa.es\\\/#organization\",\"name\":\"Midsa Odontolog\u00eda & Co\",\"alternateName\":\"Midsa Odontolog\u00eda\",\"url\":\"https:\\\/\\\/midsa.es\\\/\",\"logo\":{\"@type\":\"ImageObject\",\"inLanguage\":\"en-GB\",\"@id\":\"https:\\\/\\\/midsa.es\\\/#\\\/schema\\\/logo\\\/image\\\/\",\"url\":\"https:\\\/\\\/midsa.es\\\/wp-content\\\/uploads\\\/2026\\\/03\\\/logo_midsa.png\",\"contentUrl\":\"https:\\\/\\\/midsa.es\\\/wp-content\\\/uploads\\\/2026\\\/03\\\/logo_midsa.png\",\"width\":1080,\"height\":361,\"caption\":\"Midsa Odontolog\u00eda & Co\"},\"image\":{\"@id\":\"https:\\\/\\\/midsa.es\\\/#\\\/schema\\\/logo\\\/image\\\/\"},\"sameAs\":[\"https:\\\/\\\/www.facebook.com\\\/midsaodontologiavalencia\",\"https:\\\/\\\/www.instagram.com\\\/midsaodontologia\\\/\"]},{\"@type\":\"Person\",\"@id\":\"https:\\\/\\\/midsa.es\\\/#\\\/schema\\\/person\\\/2c8f0a79218dad8660f4eeb9876dfee7\",\"name\":\"senda_midsa\",\"image\":{\"@type\":\"ImageObject\",\"inLanguage\":\"en-GB\",\"@id\":\"https:\\\/\\\/secure.gravatar.com\\\/avatar\\\/2ad25152d66ab68f233ff1e771f5f5b61808045f5b306f63250027046f2b84c4?s=96&d=mm&r=g\",\"url\":\"https:\\\/\\\/secure.gravatar.com\\\/avatar\\\/2ad25152d66ab68f233ff1e771f5f5b61808045f5b306f63250027046f2b84c4?s=96&d=mm&r=g\",\"contentUrl\":\"https:\\\/\\\/secure.gravatar.com\\\/avatar\\\/2ad25152d66ab68f233ff1e771f5f5b61808045f5b306f63250027046f2b84c4?s=96&d=mm&r=g\",\"caption\":\"senda_midsa\"},\"sameAs\":[\"https:\\\/\\\/midsa.es\"],\"url\":\"https:\\\/\\\/midsa.es\\\/en\\\/author\\\/senda_midsa\\\/\"}]}<\/script>\n<!-- \/ Yoast SEO plugin. -->","yoast_head_json":{"title":"DIABETES AND ORAL HEALTH \u2014 MIDSA","robots":{"index":"index","follow":"follow","max-snippet":"max-snippet:-1","max-image-preview":"max-image-preview:large","max-video-preview":"max-video-preview:-1"},"canonical":"https:\/\/midsa.es\/en\/2018-1-16-diabetes-and-oral-health\/","og_locale":"en_GB","og_type":"article","og_title":"DIABETES Y SALUD BUCAL &#8212; MIDSA","og_description":"\u00bfTiene diabetes? Si es as\u00ed debe asegurarse mucho de cuidad su salud bucal. Los estudios demuestran que las personas con diabetes tienen una mayor incidencia de enfermedades...","og_url":"https:\/\/midsa.es\/en\/2018-1-16-diabetes-and-oral-health\/","og_site_name":"MIDSA","article_publisher":"https:\/\/www.facebook.com\/midsaodontologiavalencia","article_published_time":"2018-01-16T10:41:45+00:00","og_image":[{"url":"https:\/\/static1.squarespace.com\/static\/58b9bad717bffce0ef9f7384\/58b9bba1cd0f6802a7eadfbe\/5a5de45e71c10bc0943ed19e\/1516103245990\/diabetes.jpg","type":"","width":"","height":""}],"author":"senda_midsa","twitter_card":"summary_large_image","twitter_misc":{"Written by":"senda_midsa","Estimated reading time":"1 minute"},"schema":{"@context":"https:\/\/schema.org","@graph":[{"@type":"Article","@id":"https:\/\/midsa.es\/2018-1-16-diabetes-y-salud-bucal\/#article","isPartOf":{"@id":"https:\/\/midsa.es\/2018-1-16-diabetes-y-salud-bucal\/"},"author":{"name":"senda_midsa","@id":"https:\/\/midsa.es\/#\/schema\/person\/2c8f0a79218dad8660f4eeb9876dfee7"},"headline":"DIABETES Y SALUD BUCAL","datePublished":"2018-01-16T10:41:45+00:00","mainEntityOfPage":{"@id":"https:\/\/midsa.es\/2018-1-16-diabetes-y-salud-bucal\/"},"wordCount":198,"commentCount":0,"publisher":{"@id":"https:\/\/midsa.es\/#organization"},"image":{"@id":"https:\/\/midsa.es\/2018-1-16-diabetes-y-salud-bucal\/#primaryimage"},"thumbnailUrl":"https:\/\/static1.squarespace.com\/static\/58b9bad717bffce0ef9f7384\/58b9bba1cd0f6802a7eadfbe\/5a5de45e71c10bc0943ed19e\/1516103245990\/diabetes.jpg","articleSection":["ARTICULOS SALUD BUCAL"],"inLanguage":"en-GB","potentialAction":[{"@type":"CommentAction","name":"Comment","target":["https:\/\/midsa.es\/2018-1-16-diabetes-y-salud-bucal\/#respond"]}]},{"@type":"WebPage","@id":"https:\/\/midsa.es\/2018-1-16-diabetes-y-salud-bucal\/","url":"https:\/\/midsa.es\/2018-1-16-diabetes-y-salud-bucal\/","name":"DIABETES AND ORAL HEALTH \u2014 MIDSA","isPartOf":{"@id":"https:\/\/midsa.es\/#website"},"primaryImageOfPage":{"@id":"https:\/\/midsa.es\/2018-1-16-diabetes-y-salud-bucal\/#primaryimage"},"image":{"@id":"https:\/\/midsa.es\/2018-1-16-diabetes-y-salud-bucal\/#primaryimage"},"thumbnailUrl":"https:\/\/static1.squarespace.com\/static\/58b9bad717bffce0ef9f7384\/58b9bba1cd0f6802a7eadfbe\/5a5de45e71c10bc0943ed19e\/1516103245990\/diabetes.jpg","datePublished":"2018-01-16T10:41:45+00:00","breadcrumb":{"@id":"https:\/\/midsa.es\/2018-1-16-diabetes-y-salud-bucal\/#breadcrumb"},"inLanguage":"en-GB","potentialAction":[{"@type":"ReadAction","target":["https:\/\/midsa.es\/2018-1-16-diabetes-y-salud-bucal\/"]}]},{"@type":"ImageObject","inLanguage":"en-GB","@id":"https:\/\/midsa.es\/2018-1-16-diabetes-y-salud-bucal\/#primaryimage","url":"https:\/\/static1.squarespace.com\/static\/58b9bad717bffce0ef9f7384\/58b9bba1cd0f6802a7eadfbe\/5a5de45e71c10bc0943ed19e\/1516103245990\/diabetes.jpg","contentUrl":"https:\/\/static1.squarespace.com\/static\/58b9bad717bffce0ef9f7384\/58b9bba1cd0f6802a7eadfbe\/5a5de45e71c10bc0943ed19e\/1516103245990\/diabetes.jpg"},{"@type":"BreadcrumbList","@id":"https:\/\/midsa.es\/2018-1-16-diabetes-y-salud-bucal\/#breadcrumb","itemListElement":[{"@type":"ListItem","position":1,"name":"Portada","item":"https:\/\/midsa.es\/"},{"@type":"ListItem","position":2,"name":"DIABETES Y SALUD BUCAL"}]},{"@type":"WebSite","@id":"https:\/\/midsa.es\/#website","url":"https:\/\/midsa.es\/","name":"Midsa Dentistry &amp; Co","description":"We are MIDSA, a dental clinic in L&#039;Eixample, Valencia. Advanced dentistry with a personal touch in the heart of Valencia.","publisher":{"@id":"https:\/\/midsa.es\/#organization"},"alternateName":"Midsa Odontolog\u00eda","potentialAction":[{"@type":"SearchAction","target":{"@type":"EntryPoint","urlTemplate":"https:\/\/midsa.es\/?s={search_term_string}"},"query-input":{"@type":"PropertyValueSpecification","valueRequired":true,"valueName":"search_term_string"}}],"inLanguage":"en-GB"},{"@type":"Organization","@id":"https:\/\/midsa.es\/#organization","name":"Midsa Dentistry &amp; Co","alternateName":"Midsa Odontolog\u00eda","url":"https:\/\/midsa.es\/","logo":{"@type":"ImageObject","inLanguage":"en-GB","@id":"https:\/\/midsa.es\/#\/schema\/logo\/image\/","url":"https:\/\/midsa.es\/wp-content\/uploads\/2026\/03\/logo_midsa.png","contentUrl":"https:\/\/midsa.es\/wp-content\/uploads\/2026\/03\/logo_midsa.png","width":1080,"height":361,"caption":"Midsa Odontolog\u00eda & Co"},"image":{"@id":"https:\/\/midsa.es\/#\/schema\/logo\/image\/"},"sameAs":["https:\/\/www.facebook.com\/midsaodontologiavalencia","https:\/\/www.instagram.com\/midsaodontologia\/"]},{"@type":"Person","@id":"https:\/\/midsa.es\/#\/schema\/person\/2c8f0a79218dad8660f4eeb9876dfee7","name":"senda_midsa","image":{"@type":"ImageObject","inLanguage":"en-GB","@id":"https:\/\/secure.gravatar.com\/avatar\/2ad25152d66ab68f233ff1e771f5f5b61808045f5b306f63250027046f2b84c4?s=96&d=mm&r=g","url":"https:\/\/secure.gravatar.com\/avatar\/2ad25152d66ab68f233ff1e771f5f5b61808045f5b306f63250027046f2b84c4?s=96&d=mm&r=g","contentUrl":"https:\/\/secure.gravatar.com\/avatar\/2ad25152d66ab68f233ff1e771f5f5b61808045f5b306f63250027046f2b84c4?s=96&d=mm&r=g","caption":"senda_midsa"},"sameAs":["https:\/\/midsa.es"],"url":"https:\/\/midsa.es\/en\/author\/senda_midsa\/"}]}},"_links":{"self":[{"href":"https:\/\/midsa.es\/en\/wp-json\/wp\/v2\/posts\/149","targetHints":{"allow":["GET"]}}],"collection":[{"href":"https:\/\/midsa.es\/en\/wp-json\/wp\/v2\/posts"}],"about":[{"href":"https:\/\/midsa.es\/en\/wp-json\/wp\/v2\/types\/post"}],"author":[{"embeddable":true,"href":"https:\/\/midsa.es\/en\/wp-json\/wp\/v2\/users\/1"}],"replies":[{"embeddable":true,"href":"https:\/\/midsa.es\/en\/wp-json\/wp\/v2\/comments?post=149"}],"version-history":[{"count":0,"href":"https:\/\/midsa.es\/en\/wp-json\/wp\/v2\/posts\/149\/revisions"}],"wp:attachment":[{"href":"https:\/\/midsa.es\/en\/wp-json\/wp\/v2\/media?parent=149"}],"wp:term":[{"taxonomy":"category","embeddable":true,"href":"https:\/\/midsa.es\/en\/wp-json\/wp\/v2\/categories?post=149"},{"taxonomy":"post_tag","embeddable":true,"href":"https:\/\/midsa.es\/en\/wp-json\/wp\/v2\/tags?post=149"}],"curies":[{"name":"wp","href":"https:\/\/api.w.org\/{rel}","templated":true}]}}